{"id":9885,"date":"2021-06-28T12:56:11","date_gmt":"2021-06-28T10:56:11","guid":{"rendered":"https:\/\/www.archiurbain.be\/?p=9885"},"modified":"2021-06-28T12:56:11","modified_gmt":"2021-06-28T10:56:11","slug":"archi-urbain-lactu-02-13-la-penurie-de-materiaux","status":"publish","type":"post","link":"https:\/\/www.archiurbain.be\/?p=9885","title":{"rendered":"ARCHI URBAIN, L&rsquo;ACTU (02\/13) : La p\u00e9nurie de mat\u00e9riaux"},"content":{"rendered":"\n<figure class=\"wp-block-embed is-type-video is-provider-youtube wp-block-embed-youtube wp-embed-aspect-16-9 wp-has-aspect-ratio\"><div class=\"wp-block-embed__wrapper\">\n<div class=\"jetpack-video-wrapper\"><iframe loading=\"lazy\" title=\"ARCHI URBAIN, l&#039;actu (02\/13) : la p\u00e9nurie de mat\u00e9riaux\" width=\"720\" height=\"405\" src=\"https:\/\/www.youtube.com\/embed\/I-8MQSRyIeM?feature=oembed\" frameborder=\"0\" allow=\"accelerometer; autoplay; clipboard-write; encrypted-media; gyroscope; picture-in-picture; web-share\" referrerpolicy=\"strict-origin-when-cross-origin\" allowfullscreen><\/iframe><\/div>\n<\/div><\/figure>\n\n\n\n<p>Mister Emma s&rsquo;entretient avec Thomas Scorier, Pr\u00e9sident de la Conf\u00e9d\u00e9ration Construction et CEO de la soci\u00e9t\u00e9 TS Construct pour parler de la probl\u00e9matique de la p\u00e9nurie de mat\u00e9riaux, notamment du bois et du sable, dont les entrepreneurs doivent faire face actuellement en Europe.<\/p>\n","protected":false},"excerpt":{"rendered":"<p>Mister Emma s&rsquo;entretient avec Thomas Scorier, Pr\u00e9sident de la Conf\u00e9d\u00e9ration Construction et CEO de la soci\u00e9t\u00e9 TS Construct pour parler de la probl\u00e9matique de la p\u00e9nurie de mat\u00e9riaux, notamment du bois et du sable, dont les entrepreneurs doivent faire face actuellement en Europe. <a href=\"https:\/\/www.archiurbain.be\/?p=9885\" class=\"more-link\">Continuer de lire <span class=\"screen-reader-text\">ARCHI URBAIN, L&rsquo;ACTU (02\/13) : La p\u00e9nurie de mat\u00e9riaux<\/span><\/a><\/p>\n","protected":false},"author":1,"featured_media":9886,"comment_status":"open","ping_status":"open","sticky":false,"template":"","format":"video","meta":{"_monsterinsights_skip_tracking":false,"_monsterinsights_sitenote_active":false,"_monsterinsights_sitenote_note":"","_monsterinsights_sitenote_category":0,"_jetpack_memberships_contains_paid_content":false,"footnotes":""},"categories":[4119,3379],"tags":[4093,539,4601,541,4598,4599,4600],"class_list":["post-9885","post","type-post","status-publish","format-video","has-post-thumbnail","hentry","category-archi-urbain-lactu","category-videos","tag-actu","tag-archi-urbain","tag-confederation-construction","tag-mister-emma","tag-penurie-de-materiaux","tag-thomas-scorier","tag-ts-construct","post_format-post-format-video"],"jetpack_featured_media_url":"https:\/\/www.archiurbain.be\/wp-content\/uploads\/2021\/06\/Capture-decran-2021-06-24-a-11.08.00.png","jetpack_sharing_enabled":true,"_links":{"self":[{"href":"https:\/\/www.archiurbain.be\/index.php?rest_route=\/wp\/v2\/posts\/9885","targetHints":{"allow":["GET"]}}],"collection":[{"href":"https:\/\/www.archiurbain.be\/index.php?rest_route=\/wp\/v2\/posts"}],"about":[{"href":"https:\/\/www.archiurbain.be\/index.php?rest_route=\/wp\/v2\/types\/post"}],"author":[{"embeddable":true,"href":"https:\/\/www.archiurbain.be\/index.php?rest_route=\/wp\/v2\/users\/1"}],"replies":[{"embeddable":true,"href":"https:\/\/www.archiurbain.be\/index.php?rest_route=%2Fwp%2Fv2%2Fcomments&post=9885"}],"version-history":[{"count":1,"href":"https:\/\/www.archiurbain.be\/index.php?rest_route=\/wp\/v2\/posts\/9885\/revisions"}],"predecessor-version":[{"id":9887,"href":"https:\/\/www.archiurbain.be\/index.php?rest_route=\/wp\/v2\/posts\/9885\/revisions\/9887"}],"wp:featuredmedia":[{"embeddable":true,"href":"https:\/\/www.archiurbain.be\/index.php?rest_route=\/wp\/v2\/media\/9886"}],"wp:attachment":[{"href":"https:\/\/www.archiurbain.be\/index.php?rest_route=%2Fwp%2Fv2%2Fmedia&parent=9885"}],"wp:term":[{"taxonomy":"category","embeddable":true,"href":"https:\/\/www.archiurbain.be\/index.php?rest_route=%2Fwp%2Fv2%2Fcategories&post=9885"},{"taxonomy":"post_tag","embeddable":true,"href":"https:\/\/www.archiurbain.be\/index.php?rest_route=%2Fwp%2Fv2%2Ftags&post=9885"}],"curies":[{"name":"wp","href":"https:\/\/api.w.org\/{rel}","templated":true}]}}