{"id":9685,"date":"2021-05-02T19:00:00","date_gmt":"2021-05-02T17:00:00","guid":{"rendered":"https:\/\/www.archiurbain.be\/?p=9685"},"modified":"2021-05-03T15:18:45","modified_gmt":"2021-05-03T13:18:45","slug":"archi-urbain-15-31-alexandre-lefebvre-agriculture-urbaine","status":"publish","type":"post","link":"https:\/\/www.archiurbain.be\/?p=9685","title":{"rendered":"ARCHI URBAIN (15\/31) : Alexandre Lef\u00e8bvre \/ Agriculture urbaine"},"content":{"rendered":"\n<figure class=\"wp-block-embed is-type-video is-provider-youtube wp-block-embed-youtube wp-embed-aspect-16-9 wp-has-aspect-ratio\"><div class=\"wp-block-embed__wrapper\">\n<div class=\"jetpack-video-wrapper\"><iframe loading=\"lazy\" title=\"ARCHI URBAIN, l&#039;actu (02\/06) : F\u00e9d\u00e9AU \/ Agriculture urbaine\" width=\"720\" height=\"405\" src=\"https:\/\/www.youtube.com\/embed\/Htkl6hESRYg?feature=oembed\" frameborder=\"0\" allow=\"accelerometer; autoplay; clipboard-write; encrypted-media; gyroscope; picture-in-picture; web-share\" referrerpolicy=\"strict-origin-when-cross-origin\" allowfullscreen><\/iframe><\/div>\n<\/div><\/figure>\n\n\n\n<p>Mister Emma re\u00e7oit <strong><strong>Alexandre Lefebvre<\/strong><\/strong>, Expert en Agriculture Urbaine et Directeur de la Ferme du Parc Maximilien. Ils parlent de la politique bruxelloise en mati\u00e8re d\u2019agriculture urbaine : Bruxelles est-elle un bon \u00e9l\u00e8ve ? Que faut-il faire pour am\u00e9liorer cette politique ? Au moment o\u00f9 les jeunes militent pour des pratiques humaines plus vertueuses, l\u2019Europe lance de nouveaux projets avec notamment l\u2019action \u00ab&nbsp;Verdissons nos villes&nbsp;\u00bb et Alexandre Lefebvre f\u00e9d\u00e8re les initiatives bruxelloises dans la cr\u00e9ation de <strong><strong>F\u00e9d\u00e9AU<\/strong><\/strong>, une f\u00e9d\u00e9ration des professionnel\u00b7le\u00b7s de l\u2019agriculture urbaine.<\/p>\n\n\n\n<p>Journaliste et cam\u00e9raman : Mister Emma<br>Montage : Emma C. Dessouroux \u2013 Cristina Dias<br>Production : Les D\u00e9lires Productions<\/p>\n\n\n\n<p>Premi\u00e8re diffusion de cette \u00e9mission sur BX1 : 02 mai 2021 \u00e0 18h45<\/p>\n\n\n\n<p>La r\u00e9alisation de cette \u00e9mission a \u00e9t\u00e9 rendue possible gr\u00e2ce au soutien de\u00a0<strong>ION \u2013 CONIX RDBM\u00a0Architects \u2013 cellule.architecture de la F\u00e9d\u00e9ration Wallonie-Bruxelles \u2013 ATENOR \u2013\u00a0ArtBuild Architects \u2013 citydev.brussels\u00a0\u2013\u00a0Jaspers-Eyers Architects\u00a0\u2013 B2Ai \u2013\u00a0AG Real Estate \u2013<\/strong>\u00a0<strong>BPI Real Estate<\/strong>. Toute l\u2019\u00e9quipe d\u2019Archi Urbain les en remercie.<\/p>\n\n\n\n<p>Pour \u00eatre tenu au courant de nos prochaines r\u00e9alisations, inscrivez-vous \u00e0 nos lettres d&rsquo;informations.<br>[mc4wp_form id=\u00a0\u00bb6532&Prime;]<\/p>\n","protected":false},"excerpt":{"rendered":"<p>Mister Emma re\u00e7oit Alexandre Lefebvre, Expert en Agriculture Urbaine et Directeur de la Ferme du Parc Maximilien. Ils parlent de la politique bruxelloise en mati\u00e8re d\u2019agriculture urbaine : Bruxelles est-elle un bon \u00e9l\u00e8ve ? Que faut-il faire pour am\u00e9liorer cette politique ? Au moment o\u00f9 les jeunes militent pour des pratiques humaines plus vertueuses, l\u2019Europe lance de nouveaux projets avec notamment l\u2019action \u00ab&nbsp;Verdissons nos villes&nbsp;\u00bb &hellip; <a href=\"https:\/\/www.archiurbain.be\/?p=9685\" class=\"more-link\">Continuer de lire <span class=\"screen-reader-text\">ARCHI URBAIN (15\/31) : Alexandre Lef\u00e8bvre \/ Agriculture urbaine<\/span><\/a><\/p>\n","protected":false},"author":1,"featured_media":9457,"comment_status":"open","ping_status":"open","sticky":false,"template":"","format":"video","meta":{"_monsterinsights_skip_tracking":false,"_monsterinsights_sitenote_active":false,"_monsterinsights_sitenote_note":"","_monsterinsights_sitenote_category":0,"_jetpack_memberships_contains_paid_content":false,"footnotes":""},"categories":[8,2252,35,3379],"tags":[4366,4478,4367,539,3224,4365,541,4479],"class_list":["post-9685","post","type-post","status-publish","format-video","has-post-thumbnail","hentry","category-archiurbain","category-belgique-2","category-bruxelles","category-videos","tag-agriculture-urbaine","tag-alaube-farm","tag-alexandre-lefebvre","tag-archi-urbain","tag-bx1","tag-fedeau","tag-mister-emma","tag-parc-maximilien","post_format-post-format-video"],"jetpack_featured_media_url":"https:\/\/www.archiurbain.be\/wp-content\/uploads\/2021\/01\/Alaube.farm_.png","jetpack_sharing_enabled":true,"_links":{"self":[{"href":"https:\/\/www.archiurbain.be\/index.php?rest_route=\/wp\/v2\/posts\/9685","targetHints":{"allow":["GET"]}}],"collection":[{"href":"https:\/\/www.archiurbain.be\/index.php?rest_route=\/wp\/v2\/posts"}],"about":[{"href":"https:\/\/www.archiurbain.be\/index.php?rest_route=\/wp\/v2\/types\/post"}],"author":[{"embeddable":true,"href":"https:\/\/www.archiurbain.be\/index.php?rest_route=\/wp\/v2\/users\/1"}],"replies":[{"embeddable":true,"href":"https:\/\/www.archiurbain.be\/index.php?rest_route=%2Fwp%2Fv2%2Fcomments&post=9685"}],"version-history":[{"count":3,"href":"https:\/\/www.archiurbain.be\/index.php?rest_route=\/wp\/v2\/posts\/9685\/revisions"}],"predecessor-version":[{"id":9700,"href":"https:\/\/www.archiurbain.be\/index.php?rest_route=\/wp\/v2\/posts\/9685\/revisions\/9700"}],"wp:featuredmedia":[{"embeddable":true,"href":"https:\/\/www.archiurbain.be\/index.php?rest_route=\/wp\/v2\/media\/9457"}],"wp:attachment":[{"href":"https:\/\/www.archiurbain.be\/index.php?rest_route=%2Fwp%2Fv2%2Fmedia&parent=9685"}],"wp:term":[{"taxonomy":"category","embeddable":true,"href":"https:\/\/www.archiurbain.be\/index.php?rest_route=%2Fwp%2Fv2%2Fcategories&post=9685"},{"taxonomy":"post_tag","embeddable":true,"href":"https:\/\/www.archiurbain.be\/index.php?rest_route=%2Fwp%2Fv2%2Ftags&post=9685"}],"curies":[{"name":"wp","href":"https:\/\/api.w.org\/{rel}","templated":true}]}}