{"id":9518,"date":"2021-03-21T18:56:00","date_gmt":"2021-03-21T17:56:00","guid":{"rendered":"http:\/\/www.archiurbain.be\/?p=9518"},"modified":"2021-05-03T15:21:21","modified_gmt":"2021-05-03T13:21:21","slug":"archi-urbain-15-27-mediapark-3-4-les-incidences-environnementales","status":"publish","type":"post","link":"https:\/\/www.archiurbain.be\/?p=9518","title":{"rendered":"ARCHI URBAIN (15\/27) : Mediapark (3\/4) \/ Les incidences environnementales"},"content":{"rendered":"\n<figure class=\"wp-block-embed is-type-video is-provider-youtube wp-block-embed-youtube wp-embed-aspect-16-9 wp-has-aspect-ratio\"><div class=\"wp-block-embed__wrapper\">\n<div class=\"jetpack-video-wrapper\"><iframe loading=\"lazy\" title=\"ARCHI URBAIN (15\/27) : Mediapark (3\/4) \/ Les incidences environnementales\" width=\"720\" height=\"405\" src=\"https:\/\/www.youtube.com\/embed\/xJzJ867Tmm4?feature=oembed\" frameborder=\"0\" allow=\"accelerometer; autoplay; clipboard-write; encrypted-media; gyroscope; picture-in-picture; web-share\" referrerpolicy=\"strict-origin-when-cross-origin\" allowfullscreen><\/iframe><\/div>\n<\/div><\/figure>\n\n\n\n<p>Troisi\u00e8me partie de notre documentaire sur le projet <strong>Mediapark<\/strong> qui va se d\u00e9velopper dans les prochaines ann\u00e9es sur l&rsquo;ancien site de la <strong>RTBF<\/strong> et de la <strong>VRT<\/strong> \u00e0 Meiser. <strong>Mister Emma<\/strong> est parti \u00e0 la rencontre des diff\u00e9rents protagonistes de ce projet d&rsquo;envergure pour la R\u00e9gion de Bruxelles-Capitale : <strong>Guy Castadot<\/strong>, Coordinateur (Comit\u00e9 de quartier Mediapark) et Ing\u00e9nieur des Eaux et For\u00eats &#8211; <strong>H\u00e9l\u00e8ne Rillaerts<\/strong>, Ir. Architecte (<strong>BUUR<\/strong>) &#8211; <strong>Ingrid Parmentier<\/strong>, D\u00e9put\u00e9e bruxelloise (<strong>ECOLO<\/strong>) &#8211; <strong>Tom Sanders<\/strong>, Directeur &#8211; D\u00e9partement strat\u00e9gie (<strong>perspective.brussels<\/strong>) &#8211; <strong>Gilles Delforge<\/strong>, Directeur (<strong>sau-msi.brussels<\/strong>) &#8211; <strong>Fran\u00e7ois Leclercq<\/strong>, Architecte urbaniste (<strong>Leclercq Associ\u00e9s<\/strong>) &#8211; <strong>Alain Paquet<\/strong>, Responsable du monitoring de la biodiversit\u00e9 &#8211; D\u00e9partement \u00c9tudes (<strong>Natagora<\/strong>). Ensemble, ils d\u00e9taillent l&rsquo;avenir du terrain et parlent des incidences environnementales du d\u00e9veloppement du site.<\/p>\n\n\n\n<p>Journaliste et cam\u00e9raman : Mister Emma<br>Op\u00e9rateur drone : Christophe Lecoq \/ Novsky Films<br>Montage : Emma C. Dessouroux \u2013 Cristina Dias<br>Musique : Gabriel Govea Ramos<br>Production : Les D\u00e9lires Productions<\/p>\n\n\n\n<p>Premi\u00e8re diffusion de cette \u00e9mission sur BX1 : 21 mars 2021 \u00e0 18h45<\/p>\n\n\n\n<p>La r\u00e9alisation de cette \u00e9mission a \u00e9t\u00e9 rendue possible gr\u00e2ce au soutien de\u00a0<strong>ION \u2013 CONIX RDBM\u00a0Architects \u2013 cellule.architecture de la F\u00e9d\u00e9ration Wallonie-Bruxelles \u2013 ATENOR \u2013\u00a0ArtBuild Architects \u2013 citydev.brussels\u00a0\u2013\u00a0Jaspers-Eyers Architects\u00a0\u2013 B2Ai \u2013\u00a0AG Real Estate \u2013<\/strong>\u00a0<strong>BPI Real Estate<\/strong>. Toute l\u2019\u00e9quipe d\u2019Archi Urbain les en remercie.<\/p>\n\n\n\n<p>Pour \u00eatre tenu au courant de nos prochaines r\u00e9alisations, inscrivez-vous \u00e0 nos lettres d&rsquo;informations.<br>[mc4wp_form id=\u00a0\u00bb6532&Prime;]<\/p>\n","protected":false},"excerpt":{"rendered":"<p>Troisi\u00e8me partie de notre documentaire sur le projet Mediapark qui va se d\u00e9velopper dans les prochaines ann\u00e9es sur l&rsquo;ancien site de la RTBF et de la VRT \u00e0 Meiser. Mister Emma est parti \u00e0 la rencontre des diff\u00e9rents protagonistes de ce projet d&rsquo;envergure pour la R\u00e9gion de Bruxelles-Capitale : Guy Castadot, Coordinateur (Comit\u00e9 de quartier Mediapark) et Ing\u00e9nieur des Eaux et For\u00eats &#8211; H\u00e9l\u00e8ne Rillaerts, &hellip; <a href=\"https:\/\/www.archiurbain.be\/?p=9518\" class=\"more-link\">Continuer de lire <span class=\"screen-reader-text\">ARCHI URBAIN (15\/27) : Mediapark (3\/4) \/ Les incidences environnementales<\/span><\/a><\/p>\n","protected":false},"author":1,"featured_media":9520,"comment_status":"open","ping_status":"open","sticky":false,"template":"","format":"video","meta":{"_monsterinsights_skip_tracking":false,"_monsterinsights_sitenote_active":false,"_monsterinsights_sitenote_note":"","_monsterinsights_sitenote_category":0,"_jetpack_memberships_contains_paid_content":false,"footnotes":""},"categories":[8,2252,35,81,16,3379],"tags":[4401,539,3452,3096,3224,65,4399,3661,4395,4197,4396,4400,4391,541,4402,4398,326,3766,4397,3161],"class_list":["post-9518","post","type-post","status-publish","format-video","has-post-thumbnail","hentry","category-archiurbain","category-belgique-2","category-bruxelles","category-ecologie","category-urbanisme","category-videos","tag-alain-paquet","tag-archi-urbain","tag-biodiversite","tag-buur","tag-bx1","tag-ecolo","tag-francois-leclercq","tag-gilles-delforge","tag-guy-castadot","tag-helene-rillaerts","tag-ingrid-parmentier","tag-leclercq-associes","tag-mediapark","tag-mister-emma","tag-natagora","tag-perspective-brussels","tag-rtbf","tag-sau-msi-brussels","tag-tom-sanders","tag-urbanisme","post_format-post-format-video"],"jetpack_featured_media_url":"https:\/\/www.archiurbain.be\/wp-content\/uploads\/2021\/02\/Capture-decran-2021-02-21-a-19.11.45.png","jetpack_sharing_enabled":true,"_links":{"self":[{"href":"https:\/\/www.archiurbain.be\/index.php?rest_route=\/wp\/v2\/posts\/9518","targetHints":{"allow":["GET"]}}],"collection":[{"href":"https:\/\/www.archiurbain.be\/index.php?rest_route=\/wp\/v2\/posts"}],"about":[{"href":"https:\/\/www.archiurbain.be\/index.php?rest_route=\/wp\/v2\/types\/post"}],"author":[{"embeddable":true,"href":"https:\/\/www.archiurbain.be\/index.php?rest_route=\/wp\/v2\/users\/1"}],"replies":[{"embeddable":true,"href":"https:\/\/www.archiurbain.be\/index.php?rest_route=%2Fwp%2Fv2%2Fcomments&post=9518"}],"version-history":[{"count":4,"href":"https:\/\/www.archiurbain.be\/index.php?rest_route=\/wp\/v2\/posts\/9518\/revisions"}],"predecessor-version":[{"id":9704,"href":"https:\/\/www.archiurbain.be\/index.php?rest_route=\/wp\/v2\/posts\/9518\/revisions\/9704"}],"wp:featuredmedia":[{"embeddable":true,"href":"https:\/\/www.archiurbain.be\/index.php?rest_route=\/wp\/v2\/media\/9520"}],"wp:attachment":[{"href":"https:\/\/www.archiurbain.be\/index.php?rest_route=%2Fwp%2Fv2%2Fmedia&parent=9518"}],"wp:term":[{"taxonomy":"category","embeddable":true,"href":"https:\/\/www.archiurbain.be\/index.php?rest_route=%2Fwp%2Fv2%2Fcategories&post=9518"},{"taxonomy":"post_tag","embeddable":true,"href":"https:\/\/www.archiurbain.be\/index.php?rest_route=%2Fwp%2Fv2%2Ftags&post=9518"}],"curies":[{"name":"wp","href":"https:\/\/api.w.org\/{rel}","templated":true}]}}