{"id":9516,"date":"2021-03-07T18:56:00","date_gmt":"2021-03-07T17:56:00","guid":{"rendered":"http:\/\/www.archiurbain.be\/?p=9516"},"modified":"2021-02-23T12:14:12","modified_gmt":"2021-02-23T11:14:12","slug":"archi-urbain-15-25-mediapark-1-4-presentation-du-projet","status":"publish","type":"post","link":"https:\/\/www.archiurbain.be\/?p=9516","title":{"rendered":"ARCHI URBAIN (15\/25) : Mediapark (1\/4) \/ Pr\u00e9sentation du projet"},"content":{"rendered":"\n<figure class=\"wp-block-embed is-type-video is-provider-youtube wp-block-embed-youtube wp-embed-aspect-16-9 wp-has-aspect-ratio\"><div class=\"wp-block-embed__wrapper\">\n<div class=\"jetpack-video-wrapper\"><iframe loading=\"lazy\" title=\"ARCHI URBAIN (15\/25) : Mediapark (1\/4) \/ Pr\u00e9sentation du projet\" width=\"720\" height=\"405\" src=\"https:\/\/www.youtube.com\/embed\/s6apqEzi_5k?feature=oembed\" frameborder=\"0\" allow=\"accelerometer; autoplay; clipboard-write; encrypted-media; gyroscope; picture-in-picture; web-share\" referrerpolicy=\"strict-origin-when-cross-origin\" allowfullscreen><\/iframe><\/div>\n<\/div><\/figure>\n\n\n\n<p>Premi\u00e8re partie de notre documentaire sur le projet <strong>Mediapark<\/strong> qui va se d\u00e9velopper dans les prochaines ann\u00e9es sur l&rsquo;ancien site de la <strong>RTBF<\/strong> et de la <strong>VRT<\/strong> \u00e0 Meiser. <strong>Mister Emma<\/strong> est parti \u00e0 la rencontre des diff\u00e9rents protagonistes de ce projet d&rsquo;envergure pour la R\u00e9gion de Bruxelles-Capitale : <strong>Guy Castadot<\/strong>, Coordinateur (Comit\u00e9 de quartier Mediapark) et Ing\u00e9nieur des Eaux et For\u00eats &#8211; <strong>Tom Sanders<\/strong>, Directeur &#8211; D\u00e9partement strat\u00e9gie (<strong>perspective.brussels<\/strong>) &#8211; <strong>Gilles Delforge<\/strong>, Directeur (<strong>sau-msi.brussels<\/strong>) &#8211; <strong>Jean-Paul Philippot<\/strong>, Directeur g\u00e9n\u00e9ral (<strong>RTBF<\/strong>) &#8211; <strong>Fran\u00e7ois Leclercq<\/strong>, Architecte urbaniste (<strong>Leclercq Associ\u00e9s<\/strong>) &#8211; <strong>Alain Paquet<\/strong>, Responsable du monitoring de la biodiversit\u00e9 &#8211; D\u00e9partement \u00c9tudes (<strong>Natagora<\/strong>) &#8211; <strong>Ingrid Parmentier<\/strong>, D\u00e9put\u00e9e bruxelloise (<strong>ECOLO<\/strong>) &#8211; <strong>Kurt Custers<\/strong>, Directeur (<strong>Bruxelles Environnement<\/strong> \/ <strong>Leefmilieu Brussel<\/strong>). Ensemble, ils d\u00e9taillent l&rsquo;avenir du terrain et parlent de la probl\u00e9matique du logement dans le quartier et \u00e0 Bruxelles en g\u00e9n\u00e9ral.<\/p>\n\n\n\n<p>Journaliste et cam\u00e9raman : Mister Emma<br>Op\u00e9rateur drone : Christophe Lecoq \/ Novsky Films<br>Montage : Emma C. Dessouroux \u2013 Cristina Dias<br>Musique : Gabriel Govea Ramos<br>Production : Les D\u00e9lires Productions<\/p>\n\n\n\n<p>Premi\u00e8re diffusion de cette \u00e9mission sur BX1 : 07 mars 2021 \u00e0 18h45<\/p>\n\n\n\n<p>La r\u00e9alisation de cette \u00e9mission a \u00e9t\u00e9 rendue possible gr\u00e2ce au soutien de&nbsp;<strong>ION \u2013 CONIX RDBM&nbsp;Architects \u2013 cellule.architecture de la F\u00e9d\u00e9ration Wallonie-Bruxelles \u2013 ATENOR \u2013&nbsp;Art &amp; Build Architects \u2013 citydev.brussels&nbsp;\u2013&nbsp;Jaspers-Eyers Architects&nbsp;\u2013 B2Ai \u2013&nbsp;AG Real Estate \u2013<\/strong>&nbsp;<strong>BPI Real Estate<\/strong>. Toute l\u2019\u00e9quipe d\u2019Archi Urbain les en remercie.<\/p>\n\n\n\n<p>Pour \u00eatre tenu au courant de nos prochaines r\u00e9alisations, inscrivez-vous \u00e0 nos lettres d&rsquo;informations.<br>[mc4wp_form id=\u00a0\u00bb6532&Prime;]<\/p>\n","protected":false},"excerpt":{"rendered":"<p>Premi\u00e8re partie de notre documentaire sur le projet Mediapark qui va se d\u00e9velopper dans les prochaines ann\u00e9es sur l&rsquo;ancien site de la RTBF et de la VRT \u00e0 Meiser. Mister Emma est parti \u00e0 la rencontre des diff\u00e9rents protagonistes de ce projet d&rsquo;envergure pour la R\u00e9gion de Bruxelles-Capitale : Guy Castadot, Coordinateur (Comit\u00e9 de quartier Mediapark) et Ing\u00e9nieur des Eaux et For\u00eats &#8211; Tom Sanders, &hellip; <a href=\"https:\/\/www.archiurbain.be\/?p=9516\" class=\"more-link\">Continuer de lire <span class=\"screen-reader-text\">ARCHI URBAIN (15\/25) : Mediapark (1\/4) \/ Pr\u00e9sentation du projet<\/span><\/a><\/p>\n","protected":false},"author":1,"featured_media":8163,"comment_status":"open","ping_status":"open","sticky":false,"template":"","format":"video","meta":{"_monsterinsights_skip_tracking":false,"_monsterinsights_sitenote_active":false,"_monsterinsights_sitenote_note":"","_monsterinsights_sitenote_category":0,"_jetpack_memberships_contains_paid_content":false,"footnotes":""},"categories":[8,2252,35,81,16,3379],"tags":[4401,539,3271,3224,65,4399,3661,4395,4396,4393,4198,4400,4404,4391,541,4402,4398,326,3766,4397,3161,4392],"class_list":["post-9516","post","type-post","status-publish","format-video","has-post-thumbnail","hentry","category-archiurbain","category-belgique-2","category-bruxelles","category-ecologie","category-urbanisme","category-videos","tag-alain-paquet","tag-archi-urbain","tag-bruxelles-environnement","tag-bx1","tag-ecolo","tag-francois-leclercq","tag-gilles-delforge","tag-guy-castadot","tag-ingrid-parmentier","tag-jean-paul-philippot","tag-kurt-custers","tag-leclercq-associes","tag-leefmilieu-brussel","tag-mediapark","tag-mister-emma","tag-natagora","tag-perspective-brussels","tag-rtbf","tag-sau-msi-brussels","tag-tom-sanders","tag-urbanisme","tag-vrt","post_format-post-format-video"],"jetpack_featured_media_url":"https:\/\/www.archiurbain.be\/wp-content\/uploads\/2020\/06\/IMG_2070.jpeg","jetpack_sharing_enabled":true,"_links":{"self":[{"href":"https:\/\/www.archiurbain.be\/index.php?rest_route=\/wp\/v2\/posts\/9516","targetHints":{"allow":["GET"]}}],"collection":[{"href":"https:\/\/www.archiurbain.be\/index.php?rest_route=\/wp\/v2\/posts"}],"about":[{"href":"https:\/\/www.archiurbain.be\/index.php?rest_route=\/wp\/v2\/types\/post"}],"author":[{"embeddable":true,"href":"https:\/\/www.archiurbain.be\/index.php?rest_route=\/wp\/v2\/users\/1"}],"replies":[{"embeddable":true,"href":"https:\/\/www.archiurbain.be\/index.php?rest_route=%2Fwp%2Fv2%2Fcomments&post=9516"}],"version-history":[{"count":4,"href":"https:\/\/www.archiurbain.be\/index.php?rest_route=\/wp\/v2\/posts\/9516\/revisions"}],"predecessor-version":[{"id":9554,"href":"https:\/\/www.archiurbain.be\/index.php?rest_route=\/wp\/v2\/posts\/9516\/revisions\/9554"}],"wp:featuredmedia":[{"embeddable":true,"href":"https:\/\/www.archiurbain.be\/index.php?rest_route=\/wp\/v2\/media\/8163"}],"wp:attachment":[{"href":"https:\/\/www.archiurbain.be\/index.php?rest_route=%2Fwp%2Fv2%2Fmedia&parent=9516"}],"wp:term":[{"taxonomy":"category","embeddable":true,"href":"https:\/\/www.archiurbain.be\/index.php?rest_route=%2Fwp%2Fv2%2Fcategories&post=9516"},{"taxonomy":"post_tag","embeddable":true,"href":"https:\/\/www.archiurbain.be\/index.php?rest_route=%2Fwp%2Fv2%2Ftags&post=9516"}],"curies":[{"name":"wp","href":"https:\/\/api.w.org\/{rel}","templated":true}]}}