{"id":754,"date":"2010-09-26T22:31:17","date_gmt":"2010-09-26T20:31:17","guid":{"rendered":"http:\/\/www.archiurbain.be\/?p=754"},"modified":"2021-01-10T10:58:44","modified_gmt":"2021-01-10T09:58:44","slug":"video-r2d2","status":"publish","type":"post","link":"https:\/\/www.archiurbain.be\/?p=754","title":{"rendered":"ARCHI URBAIN (05\/02) : R2D2 \/ Logements sociaux rue de la Brasserie"},"content":{"rendered":"\n<figure class=\"wp-block-embed is-type-rich is-provider-prise-en-charge-des-contenus-embarques wp-block-embed-prise-en-charge-des-contenus-embarques wp-embed-aspect-16-9 wp-has-aspect-ratio\"><div class=\"wp-block-embed__wrapper\">\n<div class=\"jetpack-video-wrapper\"><iframe loading=\"lazy\" title=\"ARCHI URBAIN (05\/02) : R2D2 \/ Logements sociaux rue de la Brasserie\" width=\"720\" height=\"405\" src=\"https:\/\/www.youtube.com\/embed\/PdC9SqImWuA?feature=oembed\" frameborder=\"0\" allow=\"accelerometer; autoplay; clipboard-write; encrypted-media; gyroscope; picture-in-picture; web-share\" referrerpolicy=\"strict-origin-when-cross-origin\" allowfullscreen><\/iframe><\/div>\n<\/div><\/figure>\n\n\n\n<p>Emma se rend rue de la Brasserie \u00e0 Ixelles pour visiter le premier ensemble de logements sociaux de type passif de la R\u00e9gion bruxelloise. Il est accompagn\u00e9 de l\u2019architecte Vincent Spzirer du bureau d\u2019arcitecture R2D2, auteur du projet.<\/p>\n\n\n\n<p>Ce projet s\u2019est inscrit dans le contrat de Quartier Malibran. Il est compos\u00e9 de 12 logements de 1 \u00e0 4 chambres, \u00e0 caract\u00e8re social, r\u00e9partis dans 2 b\u00e2timents de construction passive \u2013 quasiment autonome d\u2019un point de vue de consommation \u00e9nerg\u00e9tique. Outre le caract\u00e8re \u00e9cologique de la construction, le bureau d\u2019architecture \u00e0 d\u00fb faire face \u00e0 une probl\u00e9matique d\u2019int\u00e9gration dans une rue de type \u00ab Art Nouveau \u00bb.<\/p>\n\n\n\n<p>Pr\u00e9sentation : <a href=\"http:\/\/www.misteremma.com\" target=\"_blank\" rel=\"noopener\">Mister Emma<\/a><br>Montage : <a href=\"http:\/\/www.epiprod.be\" target=\"_blank\" rel=\"noopener\">Epiprod<\/a> \u2013 Emanuel Pinto<br>Production : <a href=\"http:\/\/www.lesdelires.be\" target=\"_blank\" rel=\"noopener\">Les D\u00e9lires Productions<\/a><\/p>\n\n\n\n<p>Lieu de tournage : Logements sociaux &#8211; Rue de la Brasserie \u00e0 1050 Ixelles<br>Pays : Belgique \u2013 Bruxelles<br>Langue : FR<\/p>\n\n\n\n<p>Avec : Vincent Spzirer (R2D2)<\/p>\n\n\n\n<p>Premi\u00e8re diffusion de cette \u00e9mission sur <a href=\"http:\/\/www.telebruxelles.net\/portail\/\" target=\"_blank\" rel=\"noopener\">T\u00e9l\u00e9-Bruxelles<\/a> : dimanche 3 octobre 2010<\/p>\n\n\n\n<p class=\"has-text-align-center\"><strong>Remerciements : <\/strong><\/p>\n\n\n\n<figure class=\"wp-block-image\"><a href=\"https:\/\/www.archiurbain.be\/wp-content\/uploads\/2013\/02\/logo_fedwallbxl.jpg\"><img loading=\"lazy\" decoding=\"async\" width=\"300\" height=\"93\" src=\"https:\/\/www.archiurbain.be\/wp-content\/uploads\/2013\/02\/logo_fedwallbxl-300x93.jpg\" alt=\"logo_fedwallbxl\" class=\"wp-image-3138\" srcset=\"https:\/\/www.archiurbain.be\/wp-content\/uploads\/2013\/02\/logo_fedwallbxl-300x93.jpg 300w, https:\/\/www.archiurbain.be\/wp-content\/uploads\/2013\/02\/logo_fedwallbxl-175x55.jpg 175w, https:\/\/www.archiurbain.be\/wp-content\/uploads\/2013\/02\/logo_fedwallbxl.jpg 454w\" sizes=\"auto, (max-width: 300px) 100vw, 300px\" \/><\/a><\/figure>\n\n\n\n<figure class=\"wp-block-image\"><a href=\"https:\/\/www.archiurbain.be\/wp-content\/uploads\/2013\/02\/logo_agrealestate.jpg\"><img decoding=\"async\" src=\"https:\/\/www.archiurbain.be\/wp-content\/uploads\/2013\/02\/logo_agrealestate-300x93.jpg\" alt=\"logo_agrealestate\" class=\"wp-image-3140\"\/><\/a><\/figure>\n","protected":false},"excerpt":{"rendered":"<p>Emma se rend rue de la Brasserie \u00e0 Ixelles pour visiter le premier ensemble de logements sociaux de type passif de la R\u00e9gion bruxelloise. Il est accompagn\u00e9 de l\u2019architecte Vincent Spzirer du bureau d\u2019arcitecture R2D2, auteur du projet. Ce projet s\u2019est inscrit dans le contrat de Quartier Malibran. Il est compos\u00e9 de 12 logements de 1 \u00e0 4 chambres, \u00e0 caract\u00e8re social, r\u00e9partis dans 2 &hellip; <a href=\"https:\/\/www.archiurbain.be\/?p=754\" class=\"more-link\">Continuer de lire <span class=\"screen-reader-text\">ARCHI URBAIN (05\/02) : R2D2 \/ Logements sociaux rue de la Brasserie<\/span><\/a><\/p>\n","protected":false},"author":1,"featured_media":0,"comment_status":"open","ping_status":"open","sticky":false,"template":"","format":"standard","meta":{"_monsterinsights_skip_tracking":false,"_monsterinsights_sitenote_active":false,"_monsterinsights_sitenote_note":"","_monsterinsights_sitenote_category":0,"_jetpack_memberships_contains_paid_content":false,"footnotes":""},"categories":[8,15,35,81,3379],"tags":[592,963,540,594,652,3162,542,996,145,638,637,995,519,502,11,507,12,593,3161,518],"class_list":["post-754","post","type-post","status-publish","format-standard","hentry","category-archiurbain","category-architectures","category-bruxelles","category-ecologie","category-videos","tag-archi","tag-architectes","tag-architecture","tag-archiurbain","tag-belgique","tag-bruxelles","tag-emma","tag-entretien","tag-logements-sociaux","tag-mister","tag-misteremma","tag-programme","tag-quartier-malibran","tag-r2d2","tag-tele-bruxelles","tag-television","tag-tna","tag-urbain","tag-urbanisme","tag-vinceznt-spzirer"],"jetpack_featured_media_url":"","jetpack_sharing_enabled":true,"_links":{"self":[{"href":"https:\/\/www.archiurbain.be\/index.php?rest_route=\/wp\/v2\/posts\/754","targetHints":{"allow":["GET"]}}],"collection":[{"href":"https:\/\/www.archiurbain.be\/index.php?rest_route=\/wp\/v2\/posts"}],"about":[{"href":"https:\/\/www.archiurbain.be\/index.php?rest_route=\/wp\/v2\/types\/post"}],"author":[{"embeddable":true,"href":"https:\/\/www.archiurbain.be\/index.php?rest_route=\/wp\/v2\/users\/1"}],"replies":[{"embeddable":true,"href":"https:\/\/www.archiurbain.be\/index.php?rest_route=%2Fwp%2Fv2%2Fcomments&post=754"}],"version-history":[{"count":7,"href":"https:\/\/www.archiurbain.be\/index.php?rest_route=\/wp\/v2\/posts\/754\/revisions"}],"predecessor-version":[{"id":9177,"href":"https:\/\/www.archiurbain.be\/index.php?rest_route=\/wp\/v2\/posts\/754\/revisions\/9177"}],"wp:attachment":[{"href":"https:\/\/www.archiurbain.be\/index.php?rest_route=%2Fwp%2Fv2%2Fmedia&parent=754"}],"wp:term":[{"taxonomy":"category","embeddable":true,"href":"https:\/\/www.archiurbain.be\/index.php?rest_route=%2Fwp%2Fv2%2Fcategories&post=754"},{"taxonomy":"post_tag","embeddable":true,"href":"https:\/\/www.archiurbain.be\/index.php?rest_route=%2Fwp%2Fv2%2Ftags&post=754"}],"curies":[{"name":"wp","href":"https:\/\/api.w.org\/{rel}","templated":true}]}}