{"id":7510,"date":"2019-06-17T20:12:30","date_gmt":"2019-06-17T18:12:30","guid":{"rendered":"http:\/\/www.archiurbain.be\/?p=7510"},"modified":"2019-06-24T20:23:55","modified_gmt":"2019-06-24T18:23:55","slug":"ixelles-nouvelle-caserne-de-pompiers","status":"publish","type":"post","link":"https:\/\/www.archiurbain.be\/?p=7510","title":{"rendered":"IXELLES : Nouvelle caserne de pompiers"},"content":{"rendered":"\n<figure class=\"wp-block-image\"><img loading=\"lazy\" decoding=\"async\" width=\"1024\" height=\"630\" src=\"https:\/\/www.archiurbain.be\/wp-content\/uploads\/2019\/06\/Vue1-1024x630.jpg\" alt=\"\" class=\"wp-image-7512\" srcset=\"https:\/\/www.archiurbain.be\/wp-content\/uploads\/2019\/06\/Vue1-1024x630.jpg 1024w, https:\/\/www.archiurbain.be\/wp-content\/uploads\/2019\/06\/Vue1-300x185.jpg 300w, https:\/\/www.archiurbain.be\/wp-content\/uploads\/2019\/06\/Vue1-768x473.jpg 768w, https:\/\/www.archiurbain.be\/wp-content\/uploads\/2019\/06\/Vue1.jpg 1427w\" sizes=\"auto, (max-width: 1024px) 100vw, 1024px\" \/><figcaption>Nouvelle caserne de pompiers \u00e0 Ixelles &#8211; Photo presse \u00a9Beliris<\/figcaption><\/figure>\n\n\n\n<p><strong>Beliris<\/strong> a attribu\u00e9 le march\u00e9 d\u2019\u00e9tudes pour la construction d\u2019une nouvelle caserne de pompiers \u00e0 Ixelles \u00e0 ORG &#8211; Permanent Modernity sur base d\u2019une proposition coh\u00e9rente, de qualit\u00e9 et durable. Dans le courant des prochaines semaines, le bureau va d\u00e9buter sa mission : \u00e9tudier l\u2019implantation du b\u00e2timent, sa structure, ses volumes, son organisation mais aussi tous les syst\u00e8mes de chauffage, ventilation et \u00e9lectricit\u00e9.<\/p>\n\n\n\n<p>Le projet, situ\u00e9 Boulevard du Triomphe \u00e0 Ixelles sur le site VUB\/ULB du Campus de la Plaine, sera voisin de la caserne actuelle dont l\u2019excellente localisation devait \u00eatre maintenue pour r\u00e9pondre au besoin de couverture de la zone.<\/p>\n\n\n\n<p>Le poste avanc\u00e9 de Delta date de 1979-1980. Sa superficie de 800 m2\u00a0est insuffisante et ne r\u00e9pond plus aux besoins des pompiers. \u00c0 titre de comparaison, le poste Paul Brien \u00e0 Schaerbeek, construit \u00e9galement par Beliris, accueille entre 13 et 15 hommes du feu avec leurs \u00e9quipements et fait le double en superficie. Une \u00e9tude pr\u00e9alable a d\u00e9j\u00e0 d\u00e9montr\u00e9 que les possibilit\u00e9s d\u2019extension en l\u2019\u00e9tat sont tr\u00e8s limit\u00e9es. Le garage est trop petit et il est difficile de l\u2019agrandir sans d\u00e9molir l\u2019ensemble du b\u00e2timent. Le poste avanc\u00e9 de Delta est un poste lourd : il dispose donc d\u2019au moins une autopompe, une \u00e9chelle a\u00e9rienne, un v\u00e9hicule pour les petites interventions et 2 ou 3 ambulances. Il doit \u00e9galement accueillir les \u00e9quipements pour une \u00e9quipe de 16 personnes.<\/p>\n\n\n\n<figure class=\"wp-block-image\"><img loading=\"lazy\" decoding=\"async\" width=\"967\" height=\"736\" src=\"https:\/\/www.archiurbain.be\/wp-content\/uploads\/2019\/06\/Vue2.jpg\" alt=\"\" class=\"wp-image-7511\" srcset=\"https:\/\/www.archiurbain.be\/wp-content\/uploads\/2019\/06\/Vue2.jpg 967w, https:\/\/www.archiurbain.be\/wp-content\/uploads\/2019\/06\/Vue2-300x228.jpg 300w, https:\/\/www.archiurbain.be\/wp-content\/uploads\/2019\/06\/Vue2-768x585.jpg 768w\" sizes=\"auto, (max-width: 967px) 100vw, 967px\" \/><figcaption>Nouvelle caserne de pompiers \u00e0 Ixelles &#8211; Photo presse \u00a9Beliris<\/figcaption><\/figure>\n\n\n\n<p>Le projet prendra en compte les exigences sp\u00e9cifiques d\u2019une caserne de pompiers : l\u2019optimisation des d\u00e9parts en intervention, les espaces ad\u00e9quats pour stocker et entretenir le mat\u00e9riel d\u2019intervention, l\u2019efficacit\u00e9 des installations d\u2019eau, l\u2019am\u00e9nagement de zones de d\u00e9contamination lors du retour d\u2019intervention&#8230; Il veillera aussi \u00e0 un am\u00e9nagement efficace et confortable pour les \u00e9quipes qui sont de garde durant 24h. La caserne \u00e9tant en effet tant un lieu de vie avec sanitaires, cuisine, dortoirs et salle de sport et fitness qu\u2019un lieu de travail avec bureaux, salles de r\u00e9union et garages.<\/p>\n\n\n\n<p>La mobilit\u00e9 et l\u2019accessibilit\u00e9 au site seront \u00e9galement \u00e9tudi\u00e9es afin de retenir les meilleurs options pour les \u00e9quipes qui prendront possession des lieux. L\u2019implantation du b\u00e2timent conservera l\u2019aspect vert du quartier en respectant le d\u00e9nivel\u00e9 naturel du terrain. Enfin, des clauses environnementales sont \u00e9galement au programme : un immeuble passif voire z\u00e9ro \u00e9nergie avec, entre autres, du vitrage \u00e0 haut rendement, des consommations d\u2019\u00e9nergie et d\u2019eau plus faibles, une toiture verte, des panneaux solaires&#8230;<\/p>\n\n\n\n<p>Dans un premier temps, le bureau d\u00e9sign\u00e9 va r\u00e9colter une s\u00e9rie d\u2019informations aupr\u00e8s des gestionnaires des r\u00e9seaux d\u2019eau, gaz et \u00e9lectricit\u00e9 bruxellois, des services de l\u2019urbanisme, des pompiers et de la commune. Il effectuera ensuite des essais de sol et des tests pour \u00e9valuer le potentiel en g\u00e9othermie du site, pour ensuite concevoir les plans. Les premiers r\u00e9sultats de l\u2019\u00e9tude seront disponibles fin 2019. Le permis devrait \u00eatre introduit en 2020. La caserne actuelle restera \u00e0 100% en fonction durant les travaux pour ensuite d\u00e9m\u00e9nager sur les nouvelles installations. Le montant des travaux est estim\u00e9 \u00e0 3.250.000 \u20ac HTVA.<\/p>\n","protected":false},"excerpt":{"rendered":"<p>Beliris a attribu\u00e9 le march\u00e9 d\u2019\u00e9tudes pour la construction d\u2019une nouvelle caserne de pompiers \u00e0 Ixelles \u00e0 ORG &#8211; Permanent Modernity sur base d\u2019une proposition coh\u00e9rente, de qualit\u00e9 et durable. Dans le courant des prochaines semaines, le bureau va d\u00e9buter sa mission : \u00e9tudier l\u2019implantation du b\u00e2timent, sa structure, ses volumes, son organisation mais aussi tous les syst\u00e8mes de chauffage, ventilation et \u00e9lectricit\u00e9. Le projet, &hellip; <a href=\"https:\/\/www.archiurbain.be\/?p=7510\" class=\"more-link\">Continuer de lire <span class=\"screen-reader-text\">IXELLES : Nouvelle caserne de pompiers<\/span><\/a><\/p>\n","protected":false},"author":1,"featured_media":7511,"comment_status":"open","ping_status":"open","sticky":false,"template":"","format":"standard","meta":{"_monsterinsights_skip_tracking":false,"_monsterinsights_sitenote_active":false,"_monsterinsights_sitenote_note":"","_monsterinsights_sitenote_category":0,"_jetpack_memberships_contains_paid_content":false,"footnotes":""},"categories":[15,2252,35,23],"tags":[3419,3162,3933,58,3804,3934],"class_list":["post-7510","post","type-post","status-publish","format-standard","has-post-thumbnail","hentry","category-architectures","category-belgique-2","category-bruxelles","category-entreprises","tag-beliris","tag-bruxelles","tag-caserne-de-pompiers","tag-ixelles","tag-org","tag-permanent-modernity"],"jetpack_featured_media_url":"https:\/\/www.archiurbain.be\/wp-content\/uploads\/2019\/06\/Vue2.jpg","jetpack_sharing_enabled":true,"_links":{"self":[{"href":"https:\/\/www.archiurbain.be\/index.php?rest_route=\/wp\/v2\/posts\/7510","targetHints":{"allow":["GET"]}}],"collection":[{"href":"https:\/\/www.archiurbain.be\/index.php?rest_route=\/wp\/v2\/posts"}],"about":[{"href":"https:\/\/www.archiurbain.be\/index.php?rest_route=\/wp\/v2\/types\/post"}],"author":[{"embeddable":true,"href":"https:\/\/www.archiurbain.be\/index.php?rest_route=\/wp\/v2\/users\/1"}],"replies":[{"embeddable":true,"href":"https:\/\/www.archiurbain.be\/index.php?rest_route=%2Fwp%2Fv2%2Fcomments&post=7510"}],"version-history":[{"count":1,"href":"https:\/\/www.archiurbain.be\/index.php?rest_route=\/wp\/v2\/posts\/7510\/revisions"}],"predecessor-version":[{"id":7513,"href":"https:\/\/www.archiurbain.be\/index.php?rest_route=\/wp\/v2\/posts\/7510\/revisions\/7513"}],"wp:featuredmedia":[{"embeddable":true,"href":"https:\/\/www.archiurbain.be\/index.php?rest_route=\/wp\/v2\/media\/7511"}],"wp:attachment":[{"href":"https:\/\/www.archiurbain.be\/index.php?rest_route=%2Fwp%2Fv2%2Fmedia&parent=7510"}],"wp:term":[{"taxonomy":"category","embeddable":true,"href":"https:\/\/www.archiurbain.be\/index.php?rest_route=%2Fwp%2Fv2%2Fcategories&post=7510"},{"taxonomy":"post_tag","embeddable":true,"href":"https:\/\/www.archiurbain.be\/index.php?rest_route=%2Fwp%2Fv2%2Ftags&post=7510"}],"curies":[{"name":"wp","href":"https:\/\/api.w.org\/{rel}","templated":true}]}}