{"id":7167,"date":"2019-01-18T21:49:27","date_gmt":"2019-01-18T20:49:27","guid":{"rendered":"http:\/\/www.archiurbain.be\/?p=7167"},"modified":"2019-01-18T21:49:27","modified_gmt":"2019-01-18T20:49:27","slug":"koekelberg-arret-net-du-projet-cirk","status":"publish","type":"post","link":"https:\/\/www.archiurbain.be\/?p=7167","title":{"rendered":"KOEKELBERG : Arr\u00eat net du projet CIRK"},"content":{"rendered":"\n<p>Le vendredi 11 janvier 2019, le nouveau Coll\u00e8ge de Koekelberg, emmen\u00e9 par\u00a0Ahmed Laaouej, a d\u00e9cid\u00e9 de\u00a0mettre fin au projet du CIRK, Centre International des Arts du Cirque, dont la premi\u00e8re phase de construction devait d\u00e9buter en mars prochain.<\/p>\n\n\n\n<p>C&rsquo;\u00e9tait pourtant \u00e0 l\u2019invitation de la Commune de Koekelberg, en 2011, que les projets de d\u00e9veloppement de l\u2019Espace Catastrophe ont \u00e9t\u00e9 int\u00e9gr\u00e9s dans le Contrat de Quartier \u00ab Koekelberg Historique 2012\/2015 \u00bb et que c\u2019est avec la Commune elle-m\u00eame que la construction du CIRK a \u00e9t\u00e9 imagin\u00e9e.<\/p>\n\n\n\n<p>L\u2019\u00e9quipe de l\u2019Espace Catastrophe regrette cette d\u00e9cision, prise unilat\u00e9ralement, qui met un terme brutal \u00e0 un processus de longue haleine visant \u00e0 cr\u00e9er au c\u0153ur de la Commune de Koekelberg l\u2019un des projets les plus ambitieux que le Cirque contemporain belge ait jamais connu !<\/p>\n\n\n\n<p>Nous vous invitons \u00e0 d\u00e9couvrir le communiqu\u00e9 de presse de l&rsquo;Espace Catastrophe :<\/p>\n\n\n\n<p>Le projet d\u00e9veloppait une\u00a0ambition architecturale de premier plan\u00a0et r\u00e9pondait aux normes les plus strictes au niveau des performances \u00e9nerg\u00e9tiques (PEB). Il a obtenu toutes les validations administratives, urbanistiques et environnementales requises &#8211; permis d\u2019urbanisme, permis d\u2019environnement, etc. &#8211; et aucune opposition ne s\u2019est alors d\u00e9clar\u00e9e vis \u00e0 vis du d\u00e9veloppement du projet dans cette zone.<\/p>\n\n\n\n<p>Le projet architectural n\u2019a malheureusement pu aboutir \u00e0 la construction dans les d\u00e9lais prescrits en 2015\/2017 et sa continuit\u00e9 devait amener les architectes \u00e0 redessiner celui-ci en 2 phases.<\/p>\n\n\n\n<p>La premi\u00e8re phase devait prendre forme d\u2019ici quelques semaines, en&nbsp;mars 2019, par la construction du complexe situ\u00e9 rue du Neep, comprenant les 2 studios de cr\u00e9ation\/diffusion, les ateliers, les loges, l\u2019espace d\u2019accueil, la caf\u00e9- t\u00e9ria\/restaurant et la cuisine.<\/p>\n\n\n\n<p>Il ne restait au nouveau Coll\u00e8ge qu\u2019\u00e0 signifier la notification de l\u2019attribution du march\u00e9 detravaux \u00e0 l\u2019entrepreneur d\u00e9sign\u00e9.\u00a0Une pure formalit\u00e9 !<\/p>\n\n\n\n<p>L\u2019\u00e9quilibre financier \u00e9tait rencontr\u00e9 pour cette premi\u00e8re phase de construction, avec les financements communaux (r\u00e9serv\u00e9s depuis 2012 : 1,8 M d\u2019\u20ac), le subside de Beliris (4,082 M d\u2019\u20ac), le subside de la Politique de la Ville (0,938 M d\u2019\u20ac). De son c\u00f4t\u00e9, l\u2019Espace Catastrophe b\u00e9n\u00e9ficiait d\u2019un accord de financement pour les \u00e9quipements, via le Fond St\u2019Art pour la Culture (1,650 M d\u2019\u20ac).\u00a0Soit pr\u00e8s de 8,5 M d\u2019\u20ac cumul\u00e9s. Du jamais vu pour le Cirque en Belgique !<\/p>\n\n\n\n<p>Au-del\u00e0 de la construction, il \u00e9tait convenu entre les parties que la gestion du projet soit \u00e0 la charge exclusive de l\u2019Espace Catastrophe qui, via un bail emphyt\u00e9otique, devait s\u2019assurer du fonctionne-ment g\u00e9n\u00e9ral du lieu : l\u2019ordre de marche (c\u00e0d la gestion des infrastructures) et les activit\u00e9s. Le contrat- programme de l\u2019Espace Catastrophe avec le Service g\u00e9n\u00e9ral des Arts de la Sc\u00e8ne de la F\u00e9-d\u00e9ration Wallonie-Bruxelles (2018\/2022), portant actuellement sur un montant annuel de 300.000,00 \u20ac, devant pour ce faire \u00eatre ren\u00e9goci\u00e9 au moment du d\u00e9m\u00e9nagement.<\/p>\n\n\n\n<p>La 2e phase du projet, comprenant les bureaux, l\u2019espace d\u2019h\u00e9bergement et le studio d\u2019entra\u00ee- nements, n\u2019\u00e9tait certes pas encore financ\u00e9e, mais les parties impliqu\u00e9es &#8211; Commune, autorit\u00e9sde tutelle et Espace Catastrophe \u2013 validaient jusqu\u2019ici ce montage en 2 temps, ainsi que les risques y aff\u00e9rant.<\/p>\n\n\n\n<p>Entre temps, des solutions cr\u00e9atives avaient \u00e9t\u00e9 imagin\u00e9es pour accueillir les bureaux, cr\u00e9er un espace logement sur base du concept de \u00ab village d&rsquo;habitats l\u00e9gers \u00bb et installer le studio d\u2019entrainements sous une structure de type chapiteau.<\/p>\n\n\n\n<p>Pour l\u2019\u00e9quipe de l\u2019Espace Catastrophe, habitu\u00e9e depuis pr\u00e8s de 25 ans \u00e0 imaginer des solutions alternatives dans des contextes alambiqu\u00e9s,&nbsp;le projet \u00e9tait une opportunit\u00e9 absolue.<\/p>\n\n\n\n<p>Notre \u00e9quipe est d\u00e8s lors an\u00e9antie\u00a0de ne pas avoir \u00e9t\u00e9 associ\u00e9e aux r\u00e9flexions, aux projections et aux discussions qui, ces derniers jours, ont men\u00e9 le nouveau Coll\u00e8ge de Koekelberg \u00e0 prendre cette incompr\u00e9hensible d\u00e9cision et, apr\u00e8s tant d\u2019ann\u00e9es au service de ce projet embl\u00e9matique, d\u2019avoir \u00e9t\u00e9 \u00e9vinc\u00e9e, si pr\u00e9cipitamment et si pr\u00e8s du but.<\/p>\n\n\n\n<p>Fin du communiqu\u00e9.<\/p>\n\n\n\n<div class=\"wp-block-image\"><figure class=\"aligncenter\"><img loading=\"lazy\" decoding=\"async\" width=\"300\" height=\"150\" src=\"https:\/\/www.archiurbain.be\/wp-content\/uploads\/2019\/01\/logo-espace-catastrophe-300x150.png\" alt=\"\" class=\"wp-image-7168\" srcset=\"https:\/\/www.archiurbain.be\/wp-content\/uploads\/2019\/01\/logo-espace-catastrophe-300x150.png 300w, https:\/\/www.archiurbain.be\/wp-content\/uploads\/2019\/01\/logo-espace-catastrophe-768x384.png 768w, https:\/\/www.archiurbain.be\/wp-content\/uploads\/2019\/01\/logo-espace-catastrophe-1024x512.png 1024w, https:\/\/www.archiurbain.be\/wp-content\/uploads\/2019\/01\/logo-espace-catastrophe.png 1701w\" sizes=\"auto, (max-width: 300px) 100vw, 300px\" \/><\/figure><\/div>\n\n\n\n<script type=\"text\/javascript\">\nvar ULTIMEDIA_mdtk = \"01370702\";\nvar ULTIMEDIA_zone = \"2\";\nvar ULTIMEDIA_date = \"20190111\";\/\/Ins\u00c8rez ici la date ou la date de mise \u2021 jour de l'article. Exemple: 20140730\nvar ULTIMEDIA_resize = true;\nvar ULTIMEDIA_target = \"ultimedia_wrapper\";\n<\/script>\n<script type=\"text\/javascript\" src=\"http:\/\/www.ultimedia.com\/js\/common\/smart.js\">\n<\/script>\n","protected":false},"excerpt":{"rendered":"<p>Le vendredi 11 janvier 2019, le nouveau Coll\u00e8ge de Koekelberg, emmen\u00e9 par\u00a0Ahmed Laaouej, a d\u00e9cid\u00e9 de\u00a0mettre fin au projet du CIRK, Centre International des Arts du Cirque, dont la premi\u00e8re phase de construction devait d\u00e9buter en mars prochain. C&rsquo;\u00e9tait pourtant \u00e0 l\u2019invitation de la Commune de Koekelberg, en 2011, que les projets de d\u00e9veloppement de l\u2019Espace Catastrophe ont \u00e9t\u00e9 int\u00e9gr\u00e9s dans le Contrat de Quartier &hellip; <a href=\"https:\/\/www.archiurbain.be\/?p=7167\" class=\"more-link\">Continuer de lire <span class=\"screen-reader-text\">KOEKELBERG : Arr\u00eat net du projet CIRK<\/span><\/a><\/p>\n","protected":false},"author":1,"featured_media":7168,"comment_status":"open","ping_status":"open","sticky":false,"template":"","format":"standard","meta":{"_monsterinsights_skip_tracking":false,"_monsterinsights_sitenote_active":false,"_monsterinsights_sitenote_note":"","_monsterinsights_sitenote_category":0,"_jetpack_memberships_contains_paid_content":false,"footnotes":""},"categories":[15,2252,35,23],"tags":[3813,540,3811,3810,3812,1268],"class_list":["post-7167","post","type-post","status-publish","format-standard","has-post-thumbnail","hentry","category-architectures","category-belgique-2","category-bruxelles","category-entreprises","tag-ahmed-laaouej","tag-architecture","tag-cirque","tag-espace-catastrophe","tag-koekelberg","tag-projet"],"jetpack_featured_media_url":"https:\/\/www.archiurbain.be\/wp-content\/uploads\/2019\/01\/logo-espace-catastrophe.png","jetpack_sharing_enabled":true,"_links":{"self":[{"href":"https:\/\/www.archiurbain.be\/index.php?rest_route=\/wp\/v2\/posts\/7167","targetHints":{"allow":["GET"]}}],"collection":[{"href":"https:\/\/www.archiurbain.be\/index.php?rest_route=\/wp\/v2\/posts"}],"about":[{"href":"https:\/\/www.archiurbain.be\/index.php?rest_route=\/wp\/v2\/types\/post"}],"author":[{"embeddable":true,"href":"https:\/\/www.archiurbain.be\/index.php?rest_route=\/wp\/v2\/users\/1"}],"replies":[{"embeddable":true,"href":"https:\/\/www.archiurbain.be\/index.php?rest_route=%2Fwp%2Fv2%2Fcomments&post=7167"}],"version-history":[{"count":1,"href":"https:\/\/www.archiurbain.be\/index.php?rest_route=\/wp\/v2\/posts\/7167\/revisions"}],"predecessor-version":[{"id":7169,"href":"https:\/\/www.archiurbain.be\/index.php?rest_route=\/wp\/v2\/posts\/7167\/revisions\/7169"}],"wp:featuredmedia":[{"embeddable":true,"href":"https:\/\/www.archiurbain.be\/index.php?rest_route=\/wp\/v2\/media\/7168"}],"wp:attachment":[{"href":"https:\/\/www.archiurbain.be\/index.php?rest_route=%2Fwp%2Fv2%2Fmedia&parent=7167"}],"wp:term":[{"taxonomy":"category","embeddable":true,"href":"https:\/\/www.archiurbain.be\/index.php?rest_route=%2Fwp%2Fv2%2Fcategories&post=7167"},{"taxonomy":"post_tag","embeddable":true,"href":"https:\/\/www.archiurbain.be\/index.php?rest_route=%2Fwp%2Fv2%2Ftags&post=7167"}],"curies":[{"name":"wp","href":"https:\/\/api.w.org\/{rel}","templated":true}]}}