{"id":6658,"date":"2019-05-05T19:00:29","date_gmt":"2019-05-05T17:00:29","guid":{"rendered":"http:\/\/www.archiurbain.be\/?p=6658"},"modified":"2019-05-05T21:39:38","modified_gmt":"2019-05-05T19:39:38","slug":"archi-urbain-13-32","status":"publish","type":"post","link":"https:\/\/www.archiurbain.be\/?p=6658","title":{"rendered":"ARCHI URBAIN (13\/31) : Women&rsquo;s Cocktail, MIPIM"},"content":{"rendered":"\n<figure class=\"wp-block-embed-youtube wp-block-embed is-type-video is-provider-youtube wp-embed-aspect-16-9 wp-has-aspect-ratio\"><div class=\"wp-block-embed__wrapper\">\n<div class=\"jetpack-video-wrapper\"><iframe loading=\"lazy\" title=\"ARCHI URBAIN (13\/31) : Women&#039;s Cocktail, MIPIM\" width=\"720\" height=\"405\" src=\"https:\/\/www.youtube.com\/embed\/T-qyqNYVchU?feature=oembed\" frameborder=\"0\" allow=\"accelerometer; autoplay; clipboard-write; encrypted-media; gyroscope; picture-in-picture; web-share\" referrerpolicy=\"strict-origin-when-cross-origin\" allowfullscreen><\/iframe><\/div>\n<\/div><\/figure>\n\n\n\n<p>En collaboration avec le programme <strong>FEMICITY<\/strong>, initi\u00e9 par Les D\u00e9lires Productions, les 39 \u00e9missions de la 13\u00e8me saison d\u2019Archi Urbain dressent le portrait de femmes travaillant dans le domaine de l\u2019immobilier au sens large en Belgique et principalement \u00e0 Bruxelles qu\u2019elles soient architectes, urbanistes, paysag\u00e8res, ing\u00e9nieurs, avocates, chercheuses, attach\u00e9es de presse,\u2026<br>Dans cette \u00e9mission, nous donnons la parole au <strong>Women&rsquo;s Cocktail<\/strong>, MIPIM.<\/p>\n\n\n\n<p>Voil\u00e0 5 ans que le <strong>Reed MIDEM<\/strong>, organisateur du MIPIM, propose un <em>Women&rsquo;s Cocktail<\/em> auquel Mister Emma s&rsquo;est rendu dans le cadre de son programme Femicity. Il s&rsquo;est entretenu avec <strong>Sol\u00e8ne Genton<\/strong>, MIPIM Marketing Director, Reed Midem et les deux oratrices de cette \u00e9dition 2019, <strong>Amanda Clack<\/strong>, Head of Strategic Advisory, CBRE et <strong>Chantal Clavier<\/strong>, Practice Leader, Head of Real Estate, Europe &amp; Africa, Heidrick &amp; Struggles.<\/p>\n\n\n\n<p>Pr\u00e9sentation : Mister Emma<br>Montage : Emma C. Dessouroux \u2013 Cristina Dias<br>Images : Mister Emma<br>Production : Les D\u00e9lires Productions<\/p>\n\n\n\n<p>Premi\u00e8re diffusion de cette \u00e9mission sur BX1 : 05 mai 2019 \u00e0 18h45<\/p>\n\n\n\n<p>La r\u00e9alisation de cette \u00e9mission a \u00e9t\u00e9 rendue possible gr\u00e2ce au &nbsp;soutien de A2M \u2013 A2RC Architects \u2013 Altiplan \u2013 ARCHI 2000 \u2013 BPI, Jaspers-Eyers Architects \u2013 Ordre des Architectes \/ Conseil francophone et germanophone. Toute l\u2019\u00e9quipe d\u2019Archi Urbain les en remercie.<\/p>\n\n\n\n<p>Pour \u00eatre tenu au courant de nos prochaines r\u00e9alisations, inscrivez-vous \u00e0 nos lettres d&rsquo;informations.<br>[mc4wp_form id=\u00a0\u00bb6532&Prime;]<\/p>\n","protected":false},"excerpt":{"rendered":"<p>En collaboration avec le programme FEMICITY, initi\u00e9 par Les D\u00e9lires Productions, les 39 \u00e9missions de la 13\u00e8me saison d\u2019Archi Urbain dressent le portrait de femmes travaillant dans le domaine de l\u2019immobilier au sens large en Belgique et principalement \u00e0 Bruxelles qu\u2019elles soient architectes, urbanistes, paysag\u00e8res, ing\u00e9nieurs, avocates, chercheuses, attach\u00e9es de presse,\u2026Dans cette \u00e9mission, nous donnons la parole au Women&rsquo;s Cocktail, MIPIM. Voil\u00e0 5 ans que &hellip; <a href=\"https:\/\/www.archiurbain.be\/?p=6658\" class=\"more-link\">Continuer de lire <span class=\"screen-reader-text\">ARCHI URBAIN (13\/31) : Women&rsquo;s Cocktail, MIPIM<\/span><\/a><\/p>\n","protected":false},"author":1,"featured_media":7284,"comment_status":"open","ping_status":"open","sticky":false,"template":"","format":"standard","meta":{"_monsterinsights_skip_tracking":false,"_monsterinsights_sitenote_active":false,"_monsterinsights_sitenote_note":"","_monsterinsights_sitenote_category":0,"_jetpack_memberships_contains_paid_content":false,"footnotes":""},"categories":[8,2252,35,3379],"tags":[3847,539,3162,3224,2101,3848,3672,825,1636,541,3846,3845],"class_list":["post-6658","post","type-post","status-publish","format-standard","has-post-thumbnail","hentry","category-archiurbain","category-belgique-2","category-bruxelles","category-videos","tag-amanda-clack","tag-archi-urbain","tag-bruxelles","tag-bx1","tag-cbre","tag-chantal-clavier","tag-femicity","tag-femmes","tag-immobilier","tag-mister-emma","tag-reed-midem","tag-womens-cocktail"],"jetpack_featured_media_url":"https:\/\/www.archiurbain.be\/wp-content\/uploads\/2019\/02\/Amanda-Clack-Head-of-Strategic-Advisory-CBRE.jpeg","jetpack_sharing_enabled":true,"_links":{"self":[{"href":"https:\/\/www.archiurbain.be\/index.php?rest_route=\/wp\/v2\/posts\/6658","targetHints":{"allow":["GET"]}}],"collection":[{"href":"https:\/\/www.archiurbain.be\/index.php?rest_route=\/wp\/v2\/posts"}],"about":[{"href":"https:\/\/www.archiurbain.be\/index.php?rest_route=\/wp\/v2\/types\/post"}],"author":[{"embeddable":true,"href":"https:\/\/www.archiurbain.be\/index.php?rest_route=\/wp\/v2\/users\/1"}],"replies":[{"embeddable":true,"href":"https:\/\/www.archiurbain.be\/index.php?rest_route=%2Fwp%2Fv2%2Fcomments&post=6658"}],"version-history":[{"count":10,"href":"https:\/\/www.archiurbain.be\/index.php?rest_route=\/wp\/v2\/posts\/6658\/revisions"}],"predecessor-version":[{"id":7476,"href":"https:\/\/www.archiurbain.be\/index.php?rest_route=\/wp\/v2\/posts\/6658\/revisions\/7476"}],"wp:featuredmedia":[{"embeddable":true,"href":"https:\/\/www.archiurbain.be\/index.php?rest_route=\/wp\/v2\/media\/7284"}],"wp:attachment":[{"href":"https:\/\/www.archiurbain.be\/index.php?rest_route=%2Fwp%2Fv2%2Fmedia&parent=6658"}],"wp:term":[{"taxonomy":"category","embeddable":true,"href":"https:\/\/www.archiurbain.be\/index.php?rest_route=%2Fwp%2Fv2%2Fcategories&post=6658"},{"taxonomy":"post_tag","embeddable":true,"href":"https:\/\/www.archiurbain.be\/index.php?rest_route=%2Fwp%2Fv2%2Ftags&post=6658"}],"curies":[{"name":"wp","href":"https:\/\/api.w.org\/{rel}","templated":true}]}}