{"id":6652,"date":"2019-03-17T19:00:04","date_gmt":"2019-03-17T18:00:04","guid":{"rendered":"http:\/\/www.archiurbain.be\/?p=6652"},"modified":"2019-02-21T18:42:06","modified_gmt":"2019-02-21T17:42:06","slug":"archi-urbain-13-29","status":"publish","type":"post","link":"https:\/\/www.archiurbain.be\/?p=6652","title":{"rendered":"ARCHI URBAIN (13\/26) : Alexandra Rolland, Maison Autrique"},"content":{"rendered":"\n<figure class=\"wp-block-embed-youtube wp-block-embed is-type-video is-provider-youtube wp-embed-aspect-16-9 wp-has-aspect-ratio\"><div class=\"wp-block-embed__wrapper\">\n<div class=\"jetpack-video-wrapper\"><iframe loading=\"lazy\" title=\"ARCHI URBAIN (13\/26) : Alexandra Rolland, Maison Autrique\" width=\"720\" height=\"405\" src=\"https:\/\/www.youtube.com\/embed\/Wuc5jXkyvZs?feature=oembed\" frameborder=\"0\" allow=\"accelerometer; autoplay; clipboard-write; encrypted-media; gyroscope; picture-in-picture; web-share\" referrerpolicy=\"strict-origin-when-cross-origin\" allowfullscreen><\/iframe><\/div>\n<\/div><\/figure>\n\n\n<p>En collaboration avec le programme <strong>FEMICITY<\/strong>, initi\u00e9 par Les D\u00e9lires Productions, les 39 \u00e9missions de la 13\u00e8me saison d\u2019Archi Urbain dressent le portrait de femmes travaillant dans le domaine de l\u2019immobilier au sens large en Belgique et principalement \u00e0 Bruxelles qu\u2019elles soient architectes, urbanistes, paysag\u00e8res, ing\u00e9nieurs, avocates, chercheuses, attach\u00e9es de presse,\u2026<br>\nDans cette \u00e9mission, nous donnons la parole \u00e0 <strong>Alexandra Rolland<\/strong>, Directrice, Maison Autrique.<\/p>\n<p>A l\u2019occasion du festival <a href=\"https:\/\/www.banad.brussels\" target=\"_blank\" rel=\"noreferrer noopener\" aria-label=\"BANAD (s\u2019ouvre dans un nouvel onglet)\">BANAD<\/a> (Brussels Art Nouveau &amp; Art Deco) qui se d\u00e9roule du 16 au 31 mars 2019 dans une quarantaine de lieux \u00e0 Bruxelles, Mister Emma s\u2019est rendu \u00e0 Schaerbeek \u00e0 la rencontre d\u2019Alexandra Rolland pour parler de sa passion pour le patrimoine, de la Maison Autrique dont elle est la directrice et des expositions temporaires (actuellement un focus sur Jean Ray) qu\u2019accueille ce bijou de l\u2019art nouveau imagin\u00e9 par Victor Horta.<\/p>\n<p>Pr\u00e9sentation : Mister Emma<br>\nMontage : Emma C. Dessouroux \u2013 Cristina Dias<br>\nImages : Mister Emma<br>\nProduction : Les D\u00e9lires Productions<\/p>\n<p>Premi\u00e8re diffusion de cette \u00e9mission sur BX1 : 17 mars 2019 \u00e0 18h45<\/p>\n<p>La r\u00e9alisation de cette \u00e9mission a \u00e9t\u00e9 rendue possible gr\u00e2ce au &nbsp;soutien de A2M \u2013 A2RC Architects \u2013 Altiplan \u2013 ARCHI 2000 \u2013 BPI, Jaspers-Eyers Architects \u2013 Ordre des Architectes \/ Conseil francophone et germanophone. Toute l\u2019\u00e9quipe d\u2019Archi Urbain les en remercie.<\/p>\n<p>Pour \u00eatre tenu au courant de nos prochaines r\u00e9alisations, inscrivez-vous \u00e0 nos lettres d&rsquo;informations.<br>\n[mc4wp_form id=\u00a0\u00bb6532&Prime;]<\/p>","protected":false},"excerpt":{"rendered":"<p>En collaboration avec le programme FEMICITY, initi\u00e9 par Les D\u00e9lires Productions, les 39 \u00e9missions de la 13\u00e8me saison d\u2019Archi Urbain dressent le portrait de femmes travaillant dans le domaine de l\u2019immobilier au sens large en Belgique et principalement \u00e0 Bruxelles qu\u2019elles soient architectes, urbanistes, paysag\u00e8res, ing\u00e9nieurs, avocates, chercheuses, attach\u00e9es de presse,\u2026 Dans cette \u00e9mission, nous donnons la parole \u00e0 Alexandra Rolland, Directrice, Maison Autrique. A &hellip; <a href=\"https:\/\/www.archiurbain.be\/?p=6652\" class=\"more-link\">Continuer de lire <span class=\"screen-reader-text\">ARCHI URBAIN (13\/26) : Alexandra Rolland, Maison Autrique<\/span><\/a><\/p>\n","protected":false},"author":1,"featured_media":7214,"comment_status":"open","ping_status":"open","sticky":false,"template":"","format":"standard","meta":{"_monsterinsights_skip_tracking":false,"_monsterinsights_sitenote_active":false,"_monsterinsights_sitenote_note":"","_monsterinsights_sitenote_category":0,"_jetpack_memberships_contains_paid_content":false,"footnotes":""},"categories":[8,2252,35,3379],"tags":[3832,539,3339,3779,3162,3224,3697,3672,825,1636,2041,541,40,2000],"class_list":["post-6652","post","type-post","status-publish","format-standard","has-post-thumbnail","hentry","category-archiurbain","category-belgique-2","category-bruxelles","category-videos","tag-alexandra-rolland","tag-archi-urbain","tag-art-nouveau","tag-banad","tag-bruxelles","tag-bx1","tag-directrice","tag-femicity","tag-femmes","tag-immobilier","tag-maison-autrique","tag-mister-emma","tag-schaerbeek","tag-victor-horta"],"jetpack_featured_media_url":"https:\/\/www.archiurbain.be\/wp-content\/uploads\/2019\/01\/Alexandra-Rolland-Directrice-Maison-Autrique-Femicity-\u00a9archiurbain.be-V.jpg","jetpack_sharing_enabled":true,"_links":{"self":[{"href":"https:\/\/www.archiurbain.be\/index.php?rest_route=\/wp\/v2\/posts\/6652","targetHints":{"allow":["GET"]}}],"collection":[{"href":"https:\/\/www.archiurbain.be\/index.php?rest_route=\/wp\/v2\/posts"}],"about":[{"href":"https:\/\/www.archiurbain.be\/index.php?rest_route=\/wp\/v2\/types\/post"}],"author":[{"embeddable":true,"href":"https:\/\/www.archiurbain.be\/index.php?rest_route=\/wp\/v2\/users\/1"}],"replies":[{"embeddable":true,"href":"https:\/\/www.archiurbain.be\/index.php?rest_route=%2Fwp%2Fv2%2Fcomments&post=6652"}],"version-history":[{"count":5,"href":"https:\/\/www.archiurbain.be\/index.php?rest_route=\/wp\/v2\/posts\/6652\/revisions"}],"predecessor-version":[{"id":7234,"href":"https:\/\/www.archiurbain.be\/index.php?rest_route=\/wp\/v2\/posts\/6652\/revisions\/7234"}],"wp:featuredmedia":[{"embeddable":true,"href":"https:\/\/www.archiurbain.be\/index.php?rest_route=\/wp\/v2\/media\/7214"}],"wp:attachment":[{"href":"https:\/\/www.archiurbain.be\/index.php?rest_route=%2Fwp%2Fv2%2Fmedia&parent=6652"}],"wp:term":[{"taxonomy":"category","embeddable":true,"href":"https:\/\/www.archiurbain.be\/index.php?rest_route=%2Fwp%2Fv2%2Fcategories&post=6652"},{"taxonomy":"post_tag","embeddable":true,"href":"https:\/\/www.archiurbain.be\/index.php?rest_route=%2Fwp%2Fv2%2Ftags&post=6652"}],"curies":[{"name":"wp","href":"https:\/\/api.w.org\/{rel}","templated":true}]}}