{"id":6466,"date":"2018-04-29T14:33:53","date_gmt":"2018-04-29T12:33:53","guid":{"rendered":"http:\/\/www.archiurbain.be\/?p=6466"},"modified":"2018-04-29T14:34:24","modified_gmt":"2018-04-29T12:34:24","slug":"tivoli-greencity-remporte-le-prix-urbanisme-et-mobilite","status":"publish","type":"post","link":"https:\/\/www.archiurbain.be\/?p=6466","title":{"rendered":"TIVOLI GREENCITY remporte le prix \u00ab Urbanisme et Mobilit\u00e9 \u00bb"},"content":{"rendered":"<figure id=\"attachment_5611\" aria-describedby=\"caption-attachment-5611\" style=\"width: 1000px\" class=\"wp-caption aligncenter\"><img loading=\"lazy\" decoding=\"async\" class=\"wp-image-5611 size-full\" src=\"https:\/\/www.archiurbain.be\/wp-content\/uploads\/2016\/10\/tivoli-greencity.jpg\" alt=\"\" width=\"1000\" height=\"561\" srcset=\"https:\/\/www.archiurbain.be\/wp-content\/uploads\/2016\/10\/tivoli-greencity.jpg 1000w, https:\/\/www.archiurbain.be\/wp-content\/uploads\/2016\/10\/tivoli-greencity-300x168.jpg 300w, https:\/\/www.archiurbain.be\/wp-content\/uploads\/2016\/10\/tivoli-greencity-768x431.jpg 768w\" sizes=\"auto, (max-width: 1000px) 100vw, 1000px\" \/><figcaption id=\"caption-attachment-5611\" class=\"wp-caption-text\">Tivoli Greencity &#8211; Prospective 3D &#8211; \u00a9citydev<\/figcaption><\/figure>\n<p>Le projet <strong>Tivoli GreenCity<\/strong> de citydev.brussels a remport\u00e9 le prix \u00ab Urbanisme et Mobilit\u00e9 \u00bb, une des huit cat\u00e9gories des Publica Awards. Ce prix couronne un projet de professionnels agissant sur l\u2019espace urbain. Il met en exergue les principes de composition urbaine qui font la ville d\u2019aujourd\u2019hui et de demain.<\/p>\n<p>Les Publica Awards sont un \u00e9v\u00e9nement organis\u00e9 par l\u2019entreprise EBP, dont l\u2019activit\u00e9 principale consiste \u00e0 informer les entreprises en mati\u00e8re de march\u00e9s publics.<\/p>\n<p>Il r\u00e9compense les acteurs publics, ainsi que leurs partenaires, qui sont \u00e0 la recherche d\u2019une meilleure utilisation de la commande publique \u00e0 des fins sociales et environnementales. Le jury, compos\u00e9 de 5 experts des secteurs public et priv\u00e9, a annonc\u00e9 le nom des gagnants ce 25 avril 2018 \u00e0 l\u2019H\u00f4tel Le Plaza \u00e0 1000 Bruxelles.<\/p>\n<p>Pour rappel, Tivoli GreenCity dont le chantier est d\u00e9j\u00e0 bien avanc\u00e9 comprendra 397 logements dont 271 logements conventionn\u00e9s (citydev.brussels) et 126 logements sociaux mis en location (Soci\u00e9t\u00e9 du Logement de la R\u00e9gion de Bruxelles-Capitale \/ Foyer Laekenois). Le projet pr\u00e9voit aussi 2 cr\u00e8ches de 62 enfants chacune et 770 m\u00b2 de surfaces commerciales. Au niveau des infrastructures, environ 10.000 m\u00b2 d\u2019espaces publics dont 3 nouvelles voiries, une place arbor\u00e9e de 2.000 m\u00b2 et un mail de 1.000 m\u00b2 seront r\u00e9alis\u00e9s.<\/p>\n<div style=\"padding: 56.25% 0 0 0; position: relative;\"><iframe loading=\"lazy\" style=\"position: absolute; left: 0; top: 0; width: 100%; height: 100%;\" src=\"https:\/\/player.vimeo.com\/video\/158666413\" width=\"300\" height=\"150\" frameborder=\"0\" allowfullscreen=\"allowfullscreen\"><\/iframe><\/div>\n<p>Le projet vise des objectifs ambitieux en termes de protection de l\u2019environnement: r\u00e9duction des consommations d\u2019\u00e9nergie, biodiversit\u00e9, production d\u2019\u00e9nergie verte, gestion rationnelle des eaux, sensibilisation et participation citoyenne<\/p>\n<p>\u00ab <em>Le jury a particuli\u00e8rement appr\u00e9ci\u00e9 le caract\u00e8re complet du projet, qui pr\u00e9sente une grande mixit\u00e9 des fonctions r\u00e9pondant ainsi \u00e0 de nombreux besoins sociaux, tout en ayant int\u00e9gr\u00e9 des exigences environnementales et techniques pouss\u00e9es et une architecture de qualit\u00e9<\/em> \u00bb, explique Nathalie Boton, consultante en urbanisme pour 2Build Consulting et membre du jury des Publica Awards 2018.<\/p>\n<p>\u00ab <em>Toutes les \u00e9quipes de citydev.brussels, mais aussi nos partenaires architectes et entrepreneurs, sont ensemble extr\u00eamement touch\u00e9s et heureux de la reconnaissance que constitue ce prix. Il s\u2019agit du meilleur encouragement possible pour continuer \u00e0 d\u00e9velopper des projets complexes et ambitieux \u00e0 haute valeur soci\u00e9tale ajout\u00e9e<\/em> \u00bb, ajoute Benjamin Cadranel, administrateur g\u00e9n\u00e9ral de citydev.brussels.<\/p>\n","protected":false},"excerpt":{"rendered":"<p>Le projet Tivoli GreenCity de citydev.brussels a remport\u00e9 le prix \u00ab Urbanisme et Mobilit\u00e9 \u00bb, une des huit cat\u00e9gories des Publica Awards. Ce prix couronne un projet de professionnels agissant sur l\u2019espace urbain. Il met en exergue les principes de composition urbaine qui font la ville d\u2019aujourd\u2019hui et de demain. Les Publica Awards sont un \u00e9v\u00e9nement organis\u00e9 par l\u2019entreprise EBP, dont l\u2019activit\u00e9 principale consiste \u00e0 &hellip; <a href=\"https:\/\/www.archiurbain.be\/?p=6466\" class=\"more-link\">Continuer de lire <span class=\"screen-reader-text\">TIVOLI GREENCITY remporte le prix \u00ab Urbanisme et Mobilit\u00e9 \u00bb<\/span><\/a><\/p>\n","protected":false},"author":1,"featured_media":5611,"comment_status":"open","ping_status":"open","sticky":false,"template":"","format":"standard","meta":{"_monsterinsights_skip_tracking":false,"_monsterinsights_sitenote_active":false,"_monsterinsights_sitenote_note":"","_monsterinsights_sitenote_category":0,"_jetpack_memberships_contains_paid_content":false,"footnotes":""},"categories":[15,2252,35,23],"tags":[652,3162,2653,6,3620,3595],"class_list":["post-6466","post","type-post","status-publish","format-standard","has-post-thumbnail","hentry","category-architectures","category-belgique-2","category-bruxelles","category-entreprises","tag-belgique","tag-bruxelles","tag-citydev-brussels","tag-prix","tag-publica-awards","tag-tivoli-greencity"],"jetpack_featured_media_url":"https:\/\/www.archiurbain.be\/wp-content\/uploads\/2016\/10\/tivoli-greencity.jpg","jetpack_sharing_enabled":true,"_links":{"self":[{"href":"https:\/\/www.archiurbain.be\/index.php?rest_route=\/wp\/v2\/posts\/6466","targetHints":{"allow":["GET"]}}],"collection":[{"href":"https:\/\/www.archiurbain.be\/index.php?rest_route=\/wp\/v2\/posts"}],"about":[{"href":"https:\/\/www.archiurbain.be\/index.php?rest_route=\/wp\/v2\/types\/post"}],"author":[{"embeddable":true,"href":"https:\/\/www.archiurbain.be\/index.php?rest_route=\/wp\/v2\/users\/1"}],"replies":[{"embeddable":true,"href":"https:\/\/www.archiurbain.be\/index.php?rest_route=%2Fwp%2Fv2%2Fcomments&post=6466"}],"version-history":[{"count":2,"href":"https:\/\/www.archiurbain.be\/index.php?rest_route=\/wp\/v2\/posts\/6466\/revisions"}],"predecessor-version":[{"id":6468,"href":"https:\/\/www.archiurbain.be\/index.php?rest_route=\/wp\/v2\/posts\/6466\/revisions\/6468"}],"wp:featuredmedia":[{"embeddable":true,"href":"https:\/\/www.archiurbain.be\/index.php?rest_route=\/wp\/v2\/media\/5611"}],"wp:attachment":[{"href":"https:\/\/www.archiurbain.be\/index.php?rest_route=%2Fwp%2Fv2%2Fmedia&parent=6466"}],"wp:term":[{"taxonomy":"category","embeddable":true,"href":"https:\/\/www.archiurbain.be\/index.php?rest_route=%2Fwp%2Fv2%2Fcategories&post=6466"},{"taxonomy":"post_tag","embeddable":true,"href":"https:\/\/www.archiurbain.be\/index.php?rest_route=%2Fwp%2Fv2%2Ftags&post=6466"}],"curies":[{"name":"wp","href":"https:\/\/api.w.org\/{rel}","templated":true}]}}