{"id":5022,"date":"2015-01-29T18:00:15","date_gmt":"2015-01-29T17:00:15","guid":{"rendered":"http:\/\/www.archiurbain.be\/?p=5022"},"modified":"2017-04-14T23:15:29","modified_gmt":"2017-04-14T21:15:29","slug":"archi-urbain-wallonie-0120-vortex-mimi","status":"publish","type":"post","link":"https:\/\/www.archiurbain.be\/?p=5022","title":{"rendered":"ARCHI URBAIN WALLONIE (01\/20) : VORTEX \/ Mimi"},"content":{"rendered":"<p><iframe loading=\"lazy\" width=\"560\" height=\"315\" src=\"\/\/www.youtube.com\/embed\/Eju_XweJlrU\" frameborder=\"0\" allowfullscreen><\/iframe><\/p>\n<p>Mister Emma a rendez-vous avec les architectes John Malengreau et Paul Robinez du bureau Vortex pour d\u00e9couvrir deux projets tr\u00e8s diff\u00e9rents : le premier est une concession automobile et le second est la construction d&rsquo;une annexe \u00e0 une maison traditionnelle du Borinage.<\/p>\n<p>Pr\u00e9sentation :\u00a0<a href=\"http:\/\/www.misteremma.com\" target=\"_blank\">Mister Emma<\/a><br \/>\nMontage : Antoine Castro<br \/>\nProduction :\u00a0<a href=\"http:\/\/www.lesdelires.be\" target=\"_blank\">Les D\u00e9lires Productions<\/a><\/p>\n<p>Lieu de tournage : 112 rue de Francquegnies 7050 Herchies<br \/>\n                   1 rue Auguste Nicol\u00e8me 7033 Cuesmes<br \/>\nPays : Belgique<br \/>\nLangue : FR<\/p>\n<p>Avec : John Malengreau et Paul Robinez (Vortex)<\/p>\n<p>Premi\u00e8re diffusion de cette \u00e9mission sur La Trois (RTBF) : 26 Novembre 2013 \u00e0 20h15<\/p>\n","protected":false},"excerpt":{"rendered":"<p>Mister Emma a rendez-vous avec les architectes John Malengreau et Paul Robinez du bureau Vortex pour d\u00e9couvrir deux projets tr\u00e8s diff\u00e9rents : le premier est une concession automobile et le second est la construction d&rsquo;une annexe \u00e0 une maison traditionnelle du Borinage. Pr\u00e9sentation :\u00a0Mister Emma Montage : Antoine Castro Production :\u00a0Les D\u00e9lires Productions Lieu de tournage : 112 rue de Francquegnies 7050 Herchies 1 rue &hellip; <a href=\"https:\/\/www.archiurbain.be\/?p=5022\" class=\"more-link\">Continuer de lire <span class=\"screen-reader-text\">ARCHI URBAIN WALLONIE (01\/20) : VORTEX \/ Mimi<\/span><\/a><\/p>\n","protected":false},"author":1,"featured_media":4325,"comment_status":"open","ping_status":"open","sticky":false,"template":"","format":"standard","meta":{"_monsterinsights_skip_tracking":false,"_monsterinsights_sitenote_active":false,"_monsterinsights_sitenote_note":"","_monsterinsights_sitenote_category":0,"_jetpack_memberships_contains_paid_content":false,"footnotes":""},"categories":[8,15,2252,3379,2251],"tags":[592,539,571,540,594,2744,2945,2743,2286,1224,1225,2946,541,637,1226,2944,11,593,3161,1228],"class_list":["post-5022","post","type-post","status-publish","format-standard","has-post-thumbnail","hentry","category-archiurbain","category-architectures","category-belgique-2","category-videos","category-wallonie-2","tag-archi","tag-archi-urbain","tag-architecte","tag-architecture","tag-archiurbain","tag-automobile","tag-borinage","tag-concession","tag-emission","tag-john","tag-malengreau","tag-mimi","tag-mister-emma","tag-misteremma","tag-paul","tag-robinez","tag-tele-bruxelles","tag-urbain","tag-urbanisme","tag-vortex"],"jetpack_featured_media_url":"https:\/\/www.archiurbain.be\/wp-content\/uploads\/2013\/09\/Vortex1.jpg","jetpack_sharing_enabled":true,"_links":{"self":[{"href":"https:\/\/www.archiurbain.be\/index.php?rest_route=\/wp\/v2\/posts\/5022","targetHints":{"allow":["GET"]}}],"collection":[{"href":"https:\/\/www.archiurbain.be\/index.php?rest_route=\/wp\/v2\/posts"}],"about":[{"href":"https:\/\/www.archiurbain.be\/index.php?rest_route=\/wp\/v2\/types\/post"}],"author":[{"embeddable":true,"href":"https:\/\/www.archiurbain.be\/index.php?rest_route=\/wp\/v2\/users\/1"}],"replies":[{"embeddable":true,"href":"https:\/\/www.archiurbain.be\/index.php?rest_route=%2Fwp%2Fv2%2Fcomments&post=5022"}],"version-history":[{"count":1,"href":"https:\/\/www.archiurbain.be\/index.php?rest_route=\/wp\/v2\/posts\/5022\/revisions"}],"predecessor-version":[{"id":5023,"href":"https:\/\/www.archiurbain.be\/index.php?rest_route=\/wp\/v2\/posts\/5022\/revisions\/5023"}],"wp:featuredmedia":[{"embeddable":true,"href":"https:\/\/www.archiurbain.be\/index.php?rest_route=\/wp\/v2\/media\/4325"}],"wp:attachment":[{"href":"https:\/\/www.archiurbain.be\/index.php?rest_route=%2Fwp%2Fv2%2Fmedia&parent=5022"}],"wp:term":[{"taxonomy":"category","embeddable":true,"href":"https:\/\/www.archiurbain.be\/index.php?rest_route=%2Fwp%2Fv2%2Fcategories&post=5022"},{"taxonomy":"post_tag","embeddable":true,"href":"https:\/\/www.archiurbain.be\/index.php?rest_route=%2Fwp%2Fv2%2Ftags&post=5022"}],"curies":[{"name":"wp","href":"https:\/\/api.w.org\/{rel}","templated":true}]}}