{"id":4500,"date":"2013-11-17T18:30:47","date_gmt":"2013-11-17T17:30:47","guid":{"rendered":"http:\/\/www.archiurbain.be\/?p=4500"},"modified":"2017-04-14T23:20:54","modified_gmt":"2017-04-14T21:20:54","slug":"archi-urbain-0811-stekke-fraas-brutopia","status":"publish","type":"post","link":"https:\/\/www.archiurbain.be\/?p=4500","title":{"rendered":"ARCHI URBAIN (08\/11) : Stekke + Fraas \/ Brutopia"},"content":{"rendered":"<p><object width=\"560\" height=\"315\" classid=\"clsid:d27cdb6e-ae6d-11cf-96b8-444553540000\" codebase=\"http:\/\/download.macromedia.com\/pub\/shockwave\/cabs\/flash\/swflash.cab#version=6,0,40,0\"><param name=\"allowFullScreen\" value=\"true\" \/><param name=\"allowscriptaccess\" value=\"always\" \/><param name=\"src\" value=\"\/\/www.youtube.com\/v\/549yPWHNEvs?hl=fr_FR&amp;version=3\" \/><param name=\"allowfullscreen\" value=\"true\" \/><\/object><\/p>\n<p>Dans le cadre du prix The Blue House, Archi Urbain s\u2019est rendu \u00e0 Forest pour y d\u00e9couvrir un ensemble de logement collectif et participatif. Brutopia est un exemple novateur, cr\u00e9atif et innovant pour se loger \u00e0 Bruxelles. En compagnie de l\u2019architecte Serge Fraas du bureau Stekke + Fraas, Mister Emma vous propose une visite de fin de chantier de ce b\u00e2timent exemplaire.<\/p>\n<p>Pr\u00e9sentation :\u00a0<a href=\"http:\/\/www.misteremma.com\" target=\"_blank\">Mister Emma<\/a><br \/>\nMontage : Antoine Castro<br \/>\nProduction :\u00a0<a href=\"http:\/\/www.lesdelires.be\" target=\"_blank\">Les D\u00e9lires Productions<\/a><\/p>\n<p>Lieu de tournage :\u00a0447 rue de M\u00e9rode &#8211; 385 avenue van Volxhem. 1190 Forest (Bruxelles)<br \/>\nPays : Belgique<br \/>\nLangue : FR<\/p>\n<p>Avec : Serge Fraas (Stekke + Fraas)<\/p>\n<p>Premi\u00e8re diffusion de cette \u00e9mission sur\u00a0<a href=\"http:\/\/www.telebruxelles.net\/portail\/\" target=\"_blank\">T\u00e9l\u00e9-Bruxelles<\/a>\u00a0: 17 novembre 2013 \u00e0 18h15<\/p>\n","protected":false},"excerpt":{"rendered":"<p>Dans le cadre du prix The Blue House, Archi Urbain s\u2019est rendu \u00e0 Forest pour y d\u00e9couvrir un ensemble de logement collectif et participatif. Brutopia est un exemple novateur, cr\u00e9atif et innovant pour se loger \u00e0 Bruxelles. En compagnie de l\u2019architecte Serge Fraas du bureau Stekke + Fraas, Mister Emma vous propose une visite de fin de chantier de ce b\u00e2timent exemplaire. Pr\u00e9sentation :\u00a0Mister Emma &hellip; <a href=\"https:\/\/www.archiurbain.be\/?p=4500\" class=\"more-link\">Continuer de lire <span class=\"screen-reader-text\">ARCHI URBAIN (08\/11) : Stekke + Fraas \/ Brutopia<\/span><\/a><\/p>\n","protected":false},"author":1,"featured_media":4465,"comment_status":"open","ping_status":"open","sticky":false,"template":"","format":"standard","meta":{"_monsterinsights_skip_tracking":false,"_monsterinsights_sitenote_active":false,"_monsterinsights_sitenote_note":"","_monsterinsights_sitenote_category":0,"_jetpack_memberships_contains_paid_content":false,"footnotes":""},"categories":[8,15,2252,35,3379],"tags":[592,539,571,540,594,2640,595,542,252,51,2637,638,541,637,2639,6,1125,2636,2638,1770,593,3161,1081],"class_list":["post-4500","post","type-post","status-publish","format-standard","has-post-thumbnail","hentry","category-archiurbain","category-architectures","category-belgique-2","category-bruxelles","category-videos","tag-archi","tag-archi-urbain","tag-architecte","tag-architecture","tag-archiurbain","tag-brutopia","tag-collectif","tag-emma","tag-forest","tag-logement","tag-merode","tag-mister","tag-mister-emma","tag-misteremma","tag-participatif","tag-prix","tag-rencontre","tag-serge-fraas","tag-stekke-fraas","tag-the-blue-house","tag-urbain","tag-urbanisme","tag-video"],"jetpack_featured_media_url":"https:\/\/www.archiurbain.be\/wp-content\/uploads\/2013\/10\/Stekke+Fraas.jpg","jetpack_sharing_enabled":true,"_links":{"self":[{"href":"https:\/\/www.archiurbain.be\/index.php?rest_route=\/wp\/v2\/posts\/4500","targetHints":{"allow":["GET"]}}],"collection":[{"href":"https:\/\/www.archiurbain.be\/index.php?rest_route=\/wp\/v2\/posts"}],"about":[{"href":"https:\/\/www.archiurbain.be\/index.php?rest_route=\/wp\/v2\/types\/post"}],"author":[{"embeddable":true,"href":"https:\/\/www.archiurbain.be\/index.php?rest_route=\/wp\/v2\/users\/1"}],"replies":[{"embeddable":true,"href":"https:\/\/www.archiurbain.be\/index.php?rest_route=%2Fwp%2Fv2%2Fcomments&post=4500"}],"version-history":[{"count":3,"href":"https:\/\/www.archiurbain.be\/index.php?rest_route=\/wp\/v2\/posts\/4500\/revisions"}],"predecessor-version":[{"id":4741,"href":"https:\/\/www.archiurbain.be\/index.php?rest_route=\/wp\/v2\/posts\/4500\/revisions\/4741"}],"wp:featuredmedia":[{"embeddable":true,"href":"https:\/\/www.archiurbain.be\/index.php?rest_route=\/wp\/v2\/media\/4465"}],"wp:attachment":[{"href":"https:\/\/www.archiurbain.be\/index.php?rest_route=%2Fwp%2Fv2%2Fmedia&parent=4500"}],"wp:term":[{"taxonomy":"category","embeddable":true,"href":"https:\/\/www.archiurbain.be\/index.php?rest_route=%2Fwp%2Fv2%2Fcategories&post=4500"},{"taxonomy":"post_tag","embeddable":true,"href":"https:\/\/www.archiurbain.be\/index.php?rest_route=%2Fwp%2Fv2%2Ftags&post=4500"}],"curies":[{"name":"wp","href":"https:\/\/api.w.org\/{rel}","templated":true}]}}