{"id":4200,"date":"2014-06-24T08:22:13","date_gmt":"2014-06-24T06:22:13","guid":{"rendered":"http:\/\/www.archiurbain.be\/?p=4200"},"modified":"2021-01-07T13:00:49","modified_gmt":"2021-01-07T12:00:49","slug":"tele-bruxelles-emissions-de-la-saison-1314","status":"publish","type":"post","link":"https:\/\/www.archiurbain.be\/?p=4200","title":{"rendered":"TELE-BRUXELLES : Emissions de la saison 8 (2013-2014)"},"content":{"rendered":"\n<p>La saison 8 d&rsquo;Archi Urbain Bruxelles est diffus\u00e9e en premi\u00e8re sur <a href=\"http:\/\/www.telebruxelles.net\/\">T\u00e9l\u00e9-Bruxelles<\/a> tous les dimanches \u00e0 18h15. Rediffusion \u00e0 toutes les heures qui suivent jusque 05h15 compris le lundi matin. Rediffusion le lundi entre 9h et 12h.<\/p>\n\n\n\n<p><strong>8 septembre 2013 \u2013 Emission 1<\/strong><\/p>\n\n\n\n<p><a title=\"ARCHI URBAIN (08\/01) : PILIPI Architects \/ Mus\u00e9e de la figurine\" href=\"https:\/\/www.archiurbain.be\/?p=4287\">PILIPI Architects \/ Mus\u00e9e de la figurine<\/a> : Emma C. Dessouroux a rendez-vous avec l&rsquo;architecte Olivier Campeert au centre ville de Bruxelles, \u00e0 deux pas de la Gare centrale et de la place d&rsquo;Espagne. Au c\u0153ur de la Galerie Horta se niche au sous-sol le Mus\u00e9e de la figurine, une initiative priv\u00e9e de la soci\u00e9t\u00e9 MOOF. L&rsquo;architecte a mis son savoir-faire pour donner vie aux collections \u00e0 travers 1800m2 servi brut. Olivier Campeert collaborera une seconde fois avec le m\u00eame client pour r\u00e9aliser le pop-up Smurf Store. Emma C. Dessouroux a rencontr\u00e9 la fille de Peyo, V\u00e9ronique Culliford pour lui demander ce qu&rsquo;elle pensait de l&rsquo;architecture d&rsquo;Olivier Campeert.<\/p>\n\n\n\n<div class=\"wp-block-image\"><figure class=\"aligncenter\"><a href=\"https:\/\/www.archiurbain.be\/wp-content\/uploads\/2013\/08\/Pilipi.png\"><img loading=\"lazy\" decoding=\"async\" width=\"225\" height=\"145\" src=\"https:\/\/www.archiurbain.be\/wp-content\/uploads\/2013\/08\/Pilipi-225x145.png\" alt=\"Pilipi\" class=\"wp-image-4259\"\/><\/a><\/figure><\/div>\n\n\n\n<p><strong>15 septembre 2013 \u2013 Emission 2<\/strong><\/p>\n\n\n\n<p><a title=\"ARCHI URBAIN (08\/02) : ART &amp; BUILD \/ Bata\" href=\"https:\/\/www.archiurbain.be\/?p=4291\">ART &amp; BUILD \/ Bata<\/a> : Forest serait-il devenu le place to be de Bruxelles. A en croire les investissements qui y sont fait depuis l&rsquo;installation du Wiels, on pourrait le croire. En tout cas, c&rsquo;est le cas des promoteurs qui ont acquis il y a 10 ans les anciennes usines Bata, avenue van Volxem. ils ont fait appel au service du bureau Art &amp; Build pour transformer et r\u00e9nover ses anciens b\u00e2timents et entrep\u00f4ts en 64 logements, 3 espaces de bureaux et 1 commerce. L&rsquo;architecte Alain Wouters vous fait la visite guid\u00e9e.<\/p>\n\n\n\n<div class=\"wp-block-image\"><figure class=\"aligncenter\"><a href=\"https:\/\/www.archiurbain.be\/wp-content\/uploads\/2013\/08\/ArtBuild.jpg\"><img loading=\"lazy\" decoding=\"async\" width=\"225\" height=\"145\" src=\"https:\/\/www.archiurbain.be\/wp-content\/uploads\/2013\/08\/ArtBuild-225x145.jpg\" alt=\"Art&amp;Build\" class=\"wp-image-4260\"\/><\/a><\/figure><\/div>\n\n\n\n<p><strong>22 septembre 2013 \u2013 Emission 3<\/strong><\/p>\n\n\n\n<p><a title=\"ARCHI URBAIN (08\/03) : O2 Architectes \/ Salle de Sport + Maison priv\u00e9e\" href=\"https:\/\/www.archiurbain.be\/?p=4295\">O2 Architectes \/ Salle de Sport + Maison priv\u00e9e<\/a> : Le bureau O2 est connu des passionn\u00e9s d&rsquo;Archi Urbain. Nous avons d\u00e9j\u00e0 pu suivre le travail de Paul Delaby et Pierre Emans Fabro \u00e0 travers une <a title=\"ARCHI URBAIN (06\/17) : O2 Architectes \/ Cr\u00e8che Saint-Fran\u00e7ois\" href=\"https:\/\/www.archiurbain.be\/?p=364\">cr\u00e8che<\/a> et la <a title=\"ARCHI URBAIN (03\/19) O2 Architectes \/ Jazz Station\" href=\"https:\/\/www.archiurbain.be\/?p=3886\">Jazz Station<\/a> \u00e0 Saint-Josse-ten-Noode. Aujourd&rsquo;hui, nous retrouvons les deux associ\u00e9s pour deux projets tr\u00e8s diff\u00e9rents : une salle de sport qui se veut une extension de l&rsquo;espace publique \u00e0 Schaerbeek et une maison priv\u00e9e transform\u00e9e en \u00e9crin de calme et de s\u00e9r\u00e9nit\u00e9 \u00e0 deux pas de l&rsquo;abbaye de la Cambre \u00e0 Ixelles.<\/p>\n\n\n\n<div class=\"wp-block-image\"><figure class=\"aligncenter\"><a href=\"https:\/\/www.archiurbain.be\/wp-content\/uploads\/2013\/08\/O2.jpg\"><img loading=\"lazy\" decoding=\"async\" width=\"225\" height=\"145\" src=\"https:\/\/www.archiurbain.be\/wp-content\/uploads\/2013\/08\/O2-225x145.jpg\" alt=\"O2\" class=\"wp-image-4261\"\/><\/a><\/figure><\/div>\n\n\n\n<p><strong>29 septembre 2013 \u2013 Emission 4<\/strong><\/p>\n\n\n\n<p><a title=\"ARCHI URBAIN (08\/04) : ICI Architectes \/ Modules d\u2019agrandissement\" href=\"https:\/\/www.archiurbain.be\/?p=4298\">ICI Architectes \/ Modules d&rsquo;agrandissement<\/a> : Emma retrouve les architectes Aur\u00e9lie Maes et Lo\u00efc Hermant pour d\u00e9couvrir deux projets du&nbsp;bureau ICI Architectes. Deux habitations qui partent d&rsquo;une \u00e9l\u00e9ment existant (maison ou appartement) et se voit agrandit par une verri\u00e8re \u00e0 l&rsquo;arri\u00e8re ou sur le toit. Les deux projets se situent \u00e0 Auderghem et \u00e0 Schaerbeek.<\/p>\n\n\n\n<div class=\"wp-block-image\"><figure class=\"aligncenter\"><a href=\"https:\/\/www.archiurbain.be\/wp-content\/uploads\/2013\/08\/Ici_Architectes.jpg\"><img loading=\"lazy\" decoding=\"async\" width=\"225\" height=\"145\" src=\"https:\/\/www.archiurbain.be\/wp-content\/uploads\/2013\/08\/Ici_Architectes-225x145.jpg\" alt=\"Ici_Architectes\" class=\"wp-image-4262\"\/><\/a><\/figure><\/div>\n\n\n\n<p><strong>6 octobre 2013 \u2013 Emission 5<\/strong><\/p>\n\n\n\n<p><a title=\"ARCHI URBAIN (08\/05) : Fr\u00e9d\u00e9ric Haesevoets Architecture \/ Travail sur la lumi\u00e8re\" href=\"https:\/\/www.archiurbain.be\/?p=4350\">FREDERIC HAESEVOETS Architecture \/ Travail sur la lumi\u00e8re<\/a> : La maison qu&rsquo;Archi Urbain vous propose de d\u00e9couvrir dans cette \u00e9mission se situe \u00e0 Saint-Gilles, elle est le fruit du travail collectif entre le propri\u00e9taire des lieux, Alexi Herv\u00e9 qui a travaill\u00e9 sur le design du b\u00e2timent et Fr\u00e9d\u00e9ric Haesevoets qui, lui, a travaill\u00e9 au niveau de l&rsquo;architecture. Ensemble, ils ont cherch\u00e9 des solutions pour amener la lumi\u00e8re naturelle au plus profond de l&rsquo;habitation et ce gr\u00e2ce \u00e0 de subtiles percements et \u00e0 d&rsquo;ing\u00e9nieux d\u00e9flecteurs de lumi\u00e8re.<\/p>\n\n\n\n<div class=\"wp-block-image\"><figure class=\"aligncenter\"><a href=\"https:\/\/www.archiurbain.be\/wp-content\/uploads\/2013\/08\/Espaciel.jpg\"><img loading=\"lazy\" decoding=\"async\" width=\"225\" height=\"145\" src=\"https:\/\/www.archiurbain.be\/wp-content\/uploads\/2013\/08\/Espaciel-225x145.jpg\" alt=\"Espaciel\" class=\"wp-image-4263\"\/><\/a><\/figure><\/div>\n\n\n\n<p><strong>13 octobre 2013 \u2013 Emission 6<\/strong><\/p>\n\n\n\n<p><a title=\"ARCHI URBAIN (08\/06) : Cipolat Architecture \/ Maison Dragon \u00e0 Molenbeek\" href=\"https:\/\/www.archiurbain.be\/?p=4353\">CIPOLAT Architecture \/ Maison Dragon \u00e0 Molenbeek<\/a> : Francesco Cipolat du bureau Cipolat Architecture est namurois d\u2019origine, il s\u2019est install\u00e9 \u00e0 Bruxelles en 2000 et y a d\u00e9plac\u00e9 une grande partie de ses activit\u00e9s. En 2004, il gagne un concours pour un projet de 4 logements sur un terrain tr\u00e8s particulier \u00e0 Molenbeek : il se trouve sur l\u2019ancien lit de la petite Senne. L\u2019architecte du b\u00e2timent va tr\u00e8s fortement \u00eatre adapt\u00e9e pour y retrouver les traces du temps pass\u00e9.<\/p>\n\n\n\n<div class=\"wp-block-image\"><figure class=\"aligncenter\"><a href=\"https:\/\/www.archiurbain.be\/wp-content\/uploads\/2013\/09\/Cipolat_Avenir.jpg\"><img loading=\"lazy\" decoding=\"async\" width=\"225\" height=\"145\" src=\"https:\/\/www.archiurbain.be\/wp-content\/uploads\/2013\/09\/Cipolat_Avenir-225x145.jpg\" alt=\"Cipolat_Avenir\" class=\"wp-image-4362\"\/><\/a><\/figure><\/div>\n\n\n\n<p><strong> 20 octobre 2013 \u2013 Emission 7<\/strong><\/p>\n\n\n\n<p><a title=\"ARCHI URBAIN (08\/07) : Cipolat Architecture \/ Mommaert\" href=\"https:\/\/www.archiurbain.be\/?p=4356\">CIPOLAT Architecture \/ Mommaert<\/a> : Sur le projet Mommaert, l\u2019architecte Francesco Cipolat arrive au terme des r\u00e9novations de la Maison des Cultures de Molenbeek. Le client demande de r\u00e9nover des b\u00e2timents annexes pour y caser toutes les fonctions qui n\u2019avait pu trouver place dans le b\u00e2timent principal. Comment Francesco Cipolat a-t-il r\u00e9pondu \u00e0 cette demande ?<\/p>\n\n\n\n<div class=\"wp-block-image\"><figure class=\"aligncenter\"><a href=\"https:\/\/www.archiurbain.be\/wp-content\/uploads\/2013\/09\/Cipolat_Mommaert.jpg\"><img loading=\"lazy\" decoding=\"async\" width=\"225\" height=\"145\" src=\"https:\/\/www.archiurbain.be\/wp-content\/uploads\/2013\/09\/Cipolat_Mommaert-225x145.jpg\" alt=\"Cipolat_Mommaert\" class=\"wp-image-4364\"\/><\/a><\/figure><\/div>\n\n\n\n<p><strong>27 octobre 2013 \u2013 Emission 8<\/strong><\/p>\n\n\n\n<p><a title=\"ARCHI URBAIN (08\/08) : adn \/ Forest et Crainhem\" href=\"https:\/\/www.archiurbain.be\/?p=4402\">ADN \/ Forest et Crainhem<\/a> :&nbsp;Mister Emma retrouve David Henquinet du bureau adn pour une nouvelle extension \u00e0 Crainhem mais, avant \u00e7a, vous retrouverez son associ\u00e9 Nicolas Iacobellis \u00e0 Forest pour un am\u00e9nagement d\u2019un loft.<\/p>\n\n\n\n<div class=\"wp-block-image\"><figure class=\"aligncenter\"><a href=\"https:\/\/www.archiurbain.be\/wp-content\/uploads\/2013\/09\/adn.jpg\"><img decoding=\"async\" src=\"https:\/\/www.archiurbain.be\/wp-content\/uploads\/2013\/09\/adn-225x145.jpg\" alt=\"adn\"\/><\/a><\/figure><\/div>\n\n\n\n<p><strong>03 novembre 2013 \u2013 Emission 9<\/strong><\/p>\n\n\n\n<p><a title=\"ARCHI URBAIN (08\/09) : GS3 Architectes Associ\u00e9s \/ Louise Centre\" href=\"https:\/\/www.archiurbain.be\/?p=4406\">GS3 Architectes Associ\u00e9s \/ Louise Centre<\/a> :&nbsp;Mister Emma a rendez-vous avec l\u2019architecte Vincent Dehon du bureau GS3 Architectes Associ\u00e9s pour d\u00e9couvrir avec lui la r\u00e9novation de l\u2019ancien b\u00e2timent de Polak, le Louise Centre, situ\u00e9 au 279 avenue Louise \u00e0 Bruxelles.<\/p>\n\n\n\n<div class=\"wp-block-image\"><figure class=\"aligncenter\"><a href=\"https:\/\/www.archiurbain.be\/wp-content\/uploads\/2013\/09\/GS3.jpg\"><img decoding=\"async\" src=\"https:\/\/www.archiurbain.be\/wp-content\/uploads\/2013\/09\/GS3-225x145.jpg\" alt=\"GS3\"\/><\/a><\/figure><\/div>\n\n\n\n<p><strong>10 novembre 2013 \u2013 Emission 10<\/strong><\/p>\n\n\n\n<p><a title=\"ARCHI URBAIN (08\/10) : Karbon \/ Un brin de paille\" href=\"https:\/\/www.archiurbain.be\/?p=4499\">KARBON \/ Un brin de paille<\/a> :&nbsp;Dans le cadre du prix The Blue House, Archi Urbain s\u2019est rendu \u00e0 Uccle pour y d\u00e9couvrir une maison appel\u00e9e Un Brin de paille. En compagnie de l\u2019architecte Matthieu Delatte du bureau Karbon, Mister Emma prom\u00e8ne sa cam\u00e9ra au travers des diff\u00e9rentes astuces de cette maison compact qui en fait une habitation exemplaire.<\/p>\n\n\n\n<div class=\"wp-block-image\"><figure class=\"aligncenter\"><a href=\"https:\/\/www.archiurbain.be\/wp-content\/uploads\/2013\/10\/Karbon.jpg\"><img loading=\"lazy\" decoding=\"async\" width=\"225\" height=\"145\" src=\"https:\/\/www.archiurbain.be\/wp-content\/uploads\/2013\/10\/Karbon-225x145.jpg\" alt=\"Karbon\" class=\"wp-image-4464\"\/><\/a><\/figure><\/div>\n\n\n\n<p><strong>17 novembre 2013 \u2013 Emission 11<\/strong><\/p>\n\n\n\n<p><a title=\"ARCHI URBAIN (08\/11) : Stekke + Fraas \/ Brutopia\" href=\"https:\/\/www.archiurbain.be\/?p=4500\">STEKKE + FRAAS \/ Brutopia<\/a> :&nbsp;Dans le cadre du prix The Blue House, Archi Urbain s\u2019est rendu \u00e0 Forest pour y d\u00e9couvrir un ensemble de logement collectif et participatif. Brutopia est un exemple novateur, cr\u00e9atif et innovant pour se loger \u00e0 Bruxelles. En compagnie de l\u2019architecte Serge Fraas du bureau Stekke + Fraas, Mister Emma vous propose une visite de fin de chantier de ce b\u00e2timent exemplaire.<\/p>\n\n\n\n<div class=\"wp-block-image\"><figure class=\"aligncenter\"><a href=\"https:\/\/www.archiurbain.be\/wp-content\/uploads\/2013\/10\/Stekke+Fraas.jpg\"><img loading=\"lazy\" decoding=\"async\" width=\"225\" height=\"145\" src=\"https:\/\/www.archiurbain.be\/wp-content\/uploads\/2013\/10\/Stekke+Fraas-225x145.jpg\" alt=\"Stekke+Fraas\" class=\"wp-image-4465\"\/><\/a><\/figure><\/div>\n\n\n\n<p><strong>24 novembre 2013 \u2013 Emission 12<\/strong><\/p>\n\n\n\n<p><a title=\"ARCHI URBAIN (08\/12) : A.Week 2013\" href=\"https:\/\/www.archiurbain.be\/?p=4597\">A.WEEK<\/a> \/ :&nbsp;Le Secr\u00e9taire d\u2019Etat \u00e0 l\u2019Urbanisme, Rachid Madrane, est \u00e0 l\u2019initiative de la cr\u00e9ation de la semaine de l\u2019architecture (A.Week) en r\u00e9gion Bruxelles-Capitale. Cette semaine fait le lien entre la journ\u00e9e de l\u2019architecture (De dag van de Architectuur) de la R\u00e9gion flamande et celle de la f\u00e9d\u00e9ration Wallonie-Bruxelles. Du 13 au 20 octobre 2013, Mister Emma s\u2019est promen\u00e9 sur les chantiers de Rogier et de la rue du Berger, il s\u2019est rendu \u00e0 l\u2019exposition sur l\u2019Anspach Park, \u00e0 l\u2019anniversaire de A+ (40 ans) et \u00e0 celui de l\u2019Ordre des Architectes (50 ans), \u00e0 une vente aux ench\u00e8res ou encore \u00e0 de nombreuses conf\u00e9rences. Vous trouverez tout \u00e7a et encore plus dans cette \u00e9mission au travers d\u2019entretiens avec les architectes Nicolas Firket (NFA) et Pieter Thibaut (1V4M2A), Audrey Contesse (A+), Jean Thiry (Ordre des Architectes), Chantal Dassonville (Cellule urbanisme &#8211; F\u00e9d\u00e9ration wallonie-Bruxelles) et Rachid Madrane (Secr\u00e9taire d\u2019Etat \u00e0 l\u2019Urbanisme de la R\u00e9gion Bruxelles-Capitale).<\/p>\n\n\n\n<div class=\"wp-block-image\"><figure class=\"aligncenter\"><a href=\"https:\/\/www.archiurbain.be\/wp-content\/uploads\/2013\/10\/A.Week_.jpg\"><img loading=\"lazy\" decoding=\"async\" width=\"225\" height=\"145\" src=\"https:\/\/www.archiurbain.be\/wp-content\/uploads\/2013\/10\/A.Week_-225x145.jpg\" alt=\"A.Week\" class=\"wp-image-4471\"\/><\/a><\/figure><\/div>\n\n\n\n<p><strong>1 d\u00e9cembre 2013 \u2013 Emission 13<\/strong><\/p>\n\n\n\n<p><a title=\"ARCHI URBAIN (08\/13) : Mancell Architecture \/ T\u00e9l\u00e9-Bruxelles\" href=\"https:\/\/www.archiurbain.be\/?p=4600\">MANCELL ARCHITECTURE \/ T\u00e9l\u00e9-Bruxelles<\/a> :&nbsp;Mister Emma s\u2019est rendu au sein des bureaux de T\u00e9l\u00e9-Bruxelles pour f\u00eater avec le Directeur G\u00e9n\u00e9ral Marc de Haan l\u2019inauguration de la r\u00e9novation de leur b\u00e2timent. C\u00e9line De Wulf et Emmanuelle Hees du bureau Mancell Architecture \u00e9taient pr\u00e9sentes afin d\u2019expliquer en profondeur les contraintes, les objectifs et les enjeux de leur travail.<\/p>\n\n\n\n<div class=\"wp-block-image\"><figure class=\"aligncenter\"><a href=\"https:\/\/www.archiurbain.be\/wp-content\/uploads\/2013\/10\/Tele-Bruxelles.jpg\"><img loading=\"lazy\" decoding=\"async\" width=\"225\" height=\"145\" src=\"https:\/\/www.archiurbain.be\/wp-content\/uploads\/2013\/10\/Tele-Bruxelles-225x145.jpg\" alt=\"Tele-Bruxelles\" class=\"wp-image-4467\"\/><\/a><\/figure><\/div>\n\n\n\n<p><strong>08 d\u00e9cembre 2013 \u2013 Emission 14<\/strong><\/p>\n\n\n\n<p><a title=\"ARCHI URBAIN (8\/14) : URBAN ASSOCIES ARCHITECTES \/ Clos des Chartreux\" href=\"https:\/\/www.archiurbain.be\/?p=4614\">URBAN ASSOCIES ARCHITECTES \/ Clos des Chartreux<\/a> :&nbsp;Voil\u00e0 pr\u00e8s de 20 ans que l&rsquo;architecte Yves Laurant et son \u00e9pouse Sophie Bouliane travaillent aux c\u00f4t\u00e9s de la famille Dupret (propri\u00e9taire du site) sur la revitalisation, la r\u00e9novation, la reconstruction d&rsquo;un \u00eelot important du centre ville de Bruxelles, un v\u00e9ritable maillon entre la rue Antoine Dansert et la rue des Chartreux. Le dernier b\u00e2timent &#8211; dans lequel le magasin Sibling Factory dont nous vous parlerons prochainement a pris place &#8211; vient de se terminer. il est donc grand temps de rencontrer l&rsquo;architecte pour lui poser quelques questions.<\/p>\n\n\n\n<div class=\"wp-block-image\"><figure class=\"aligncenter\"><a href=\"https:\/\/www.archiurbain.be\/wp-content\/uploads\/2013\/10\/Urban_Associes.jpg\"><img loading=\"lazy\" decoding=\"async\" width=\"225\" height=\"145\" src=\"https:\/\/www.archiurbain.be\/wp-content\/uploads\/2013\/10\/Urban_Associes-225x145.jpg\" alt=\"Urban_Associes\" class=\"wp-image-4466\"\/><\/a><\/figure><\/div>\n\n\n\n<p><strong>15 d\u00e9cembre 2013 \u2013 Emission 15<\/strong><\/p>\n\n\n\n<p><a title=\"ARCHI URBAIN (08\/15) : MARIE-FRANCOISE PLISSART \/ Vision d\u2019une photographe\" href=\"https:\/\/www.archiurbain.be\/?p=4698\">MARIE-FRAN\u00e7OISE PLISSART \/ Vision d&rsquo;une photographe<\/a> : A l&rsquo;occasion de la sortie de <a title=\"LIVRE : Bruxelles vu de haut\" href=\"https:\/\/www.archiurbain.be\/?p=4660\">son nouvel ouvrage<\/a>, Mister Emma a rendez-vous au 40\u00e8me \u00e9tage de la tour Up avec Marie-Fran\u00e7oise Plissart. Le temps n\u2019est pas au beau fixe, il y a du vent, la photographe d\u2019architecture parviendra-t-elle a prendre le bon clich\u00e9 ? Mais qu\u2019est-ce qu\u2019une photo r\u00e9ussie ?<\/p>\n\n\n\n<div class=\"wp-block-image\"><figure class=\"aligncenter\"><a href=\"https:\/\/www.archiurbain.be\/wp-content\/uploads\/2013\/12\/Cover-Bruxelles.jpg\"><img decoding=\"async\" src=\"https:\/\/www.archiurbain.be\/wp-content\/uploads\/2013\/12\/Cover-Bruxelles-225x145.jpg\" alt=\"Marie-Francoise_Plissart\" class=\"wp-image-4662\"\/><\/a><\/figure><\/div>\n\n\n\n<p><strong>22 d\u00e9cembre 2013 \u2013 Emission 16<\/strong><\/p>\n\n\n\n<p><a title=\"ARCHI URBAIN (08\/16) : PIERRE BLONDEL ARCHITECTES \/ Berger + Bruyn\" href=\"https:\/\/www.archiurbain.be\/?p=4701\">PIERRE BLONDEL ARCHITECTES \/ Berger + Bruyn<\/a> :&nbsp;Mister Emma avait d\u00e9j\u00e0 rencontr\u00e9 l\u2019architecte Pierre Blondel pour lui parler de son projet de la rue du Berger \u00e0 Ixelles. Lors de cette visite, ils s\u2019\u00e9taient entretenus sur un autre projet voisin, celui de la construction et de la r\u00e9novation de logements rue Kayenveld. Le projet \u00e9tant termin\u00e9, Emma a r\u00e9invit\u00e9 Pierre Blondel pour une nouvelle visite. Ils n\u2019en sont pas rest\u00e9s l\u00e0 pour cette \u00e9mission car ils se sont, \u00e9galement, rendus rue Bruyn \u00e0 Neder-over-Hembeek pour d\u00e9couvrir un ensemble de logements command\u00e9 par la CPAS de Bruxelles.<\/p>\n\n\n\n<div class=\"wp-block-image\"><figure class=\"aligncenter\"><a href=\"https:\/\/www.archiurbain.be\/wp-content\/uploads\/2013\/10\/Pierre_Blondel.jpg\"><img loading=\"lazy\" decoding=\"async\" width=\"225\" height=\"145\" src=\"https:\/\/www.archiurbain.be\/wp-content\/uploads\/2013\/10\/Pierre_Blondel-225x145.jpg\" alt=\"Pierre_Blondel\" class=\"wp-image-4470\"\/><\/a><\/figure><\/div>\n\n\n\n<p><strong>12 janvier 2014 \u2013 Emission 17<\/strong><\/p>\n\n\n\n<p><a title=\"ARCHI URBAIN (08\/17) : JDS \/ Carri\u00e8re\" href=\"https:\/\/www.archiurbain.be\/?p=4705\">JDS \/ Carri\u00e8re<\/a> :&nbsp;Emma se rend rue de la Senne pour y rencontrer Julien De Smedt du bureau JDS au sein d\u2019une exposition qui retrace sa carri\u00e8re \u00e0 travers diverses maquettes. Ensemble, ils parlent de ses d\u00e9buts dans l\u2019architecture, de l\u2019importance des pays nordiques et de ses influences.<\/p>\n\n\n\n<div class=\"wp-block-image\"><figure class=\"aligncenter\"><img decoding=\"async\" src=\"https:\/\/www.archiurbain.be\/wp-content\/uploads\/2013\/10\/JDS-225x145.jpg\" alt=\"JDS\"\/><\/figure><\/div>\n\n\n\n<p><strong>19 janvier 2014 \u2013 Emission 18<\/strong><\/p>\n\n\n\n<p><a title=\"ARCHI URBAIN (08\/18) : XDGA \/ Sa carri\u00e8re au CIVA\" href=\"https:\/\/www.archiurbain.be\/?p=4703\">XDGA \/ Sa carri\u00e8re au CIVA<\/a> : Xaveer De Geyter nous donne rendez-vous au CIVA \u00e0 Ixelles \u00e0 l\u2019occasion d\u2019une magnifique exposition qui lui est consacr\u00e9e. A travers de tr\u00e8s belles maquettes, nous allons retracer son parcours et son amour de l\u2019architecture en se posant notamment \u00e0 Schuman et \u00e0 la place Rogier. La question urbanistique de la place Rogier sera d\u00e9velopp\u00e9e par le Directeur de l\u2019urbanisme et fonctionnaire d\u00e9l\u00e9gu\u00e9 au Service public r\u00e9gional de Bruxelles, Albert Goffart.<\/p>\n\n\n\n<div class=\"wp-block-image\"><figure class=\"aligncenter\"><img decoding=\"async\" src=\"https:\/\/www.archiurbain.be\/wp-content\/uploads\/2013\/11\/XDGA_160_EXPO-225x145.jpg\" alt=\"XDGA_160_EXPO\"\/><\/figure><\/div>\n\n\n\n<p><strong>26 janvier 2014 \u2013 Emission 19<\/strong><\/p>\n\n\n\n<p><a title=\"ARCHI URBAIN (08\/19) : JDS \/ SiblingsFactory\" href=\"https:\/\/www.archiurbain.be\/?p=4707\">JDS \/ SiblingsFactory<\/a> :&nbsp;Emma retrouve l\u2019architecte Julien De Smedt du bureau JDS, non loin d\u2019o\u00f9 ils s\u2019\u00e9taient s\u00e9par\u00e9s lors de leur premi\u00e8re rencontre. Dans cette \u00e9mission, Julien De Smedt va s\u2019entretenir sur l\u2019am\u00e9nagement d\u2019une boutique au centre de Bruxelles (SiblingsFactory) et du d\u00e9veloppement de la gamme de mobilier qu\u2019il cr\u00e9e et produit.<\/p>\n\n\n\n<div class=\"wp-block-image\"><figure class=\"aligncenter\"><a href=\"https:\/\/www.archiurbain.be\/wp-content\/uploads\/2013\/10\/JDS2.jpg\"><img decoding=\"async\" src=\"https:\/\/www.archiurbain.be\/wp-content\/uploads\/2013\/10\/JDS2-225x145.jpg\" alt=\"JDS2\"\/><\/a><\/figure><\/div>\n\n\n\n<p><strong>02 f\u00e9vrier 2014 \u2013 Emission 20<\/strong><\/p>\n\n\n\n<p><a title=\"ARCHI URBAIN (08\/20) : BRUSSELS CREATIVE FORUM \/ L\u2019architecture et la culture\" href=\"https:\/\/www.archiurbain.be\/?p=4709\">BRUSSELS CREATIVE FORUM \/ L\u2019architecture et la culture<\/a> :&nbsp;\u00c0 la demande des organisateurs du premier salon Brussels Creative Forum, qui s\u2019est d\u00e9roul\u00e9 du 30 ao\u00fbt au 1er septembre 2013 sur la Place des Palais de Bruxelles, il a \u00e9t\u00e9 demand\u00e9 \u00e0 Mister Emma de r\u00e9fl\u00e9chir sur les liens qui unissent l\u2019architecture \u00e0 la culture, l\u2019art et la cr\u00e9ativit\u00e9. Emma a r\u00e9uni, autour de la table&nbsp;; des architectes, des urbanistes et des politiques qui tous ont tent\u00e9 de r\u00e9pondre \u00e0 3 questions : L\u2019architecture et l\u2019urbanisme jouent-ils un r\u00f4le culturel dans la ville ? Existe-t-il des interactions entre le secteur culturel et l\u2019architecture ? Que serait l\u2019urbanisme sans culture ?<\/p>\n\n\n\n<p>Vous retrouverez dans cette \u00e9mission exceptionnelle les r\u00e9actions et les conclusions des architectes Petra Pfermenges (Alive Architecture), Jean-Marc Sterno (ULB), Luc Deleuze (Art &amp; Build) et Pierre Blondel ainsi que Henri Simons (Recyclart \u2013 Programme Jonction) et l\u2019Echevin de l\u2019Urbanisme de la Ville de Bruxelles, Geoffroy Coomans de Brach\u00e8ne.<\/p>\n\n\n\n<div class=\"wp-block-image\"><figure class=\"aligncenter\"><a href=\"https:\/\/www.archiurbain.be\/wp-content\/uploads\/2013\/09\/BCF.jpg\"><img loading=\"lazy\" decoding=\"async\" width=\"225\" height=\"145\" src=\"https:\/\/www.archiurbain.be\/wp-content\/uploads\/2013\/09\/BCF-225x145.jpg\" alt=\"BCF\" class=\"wp-image-4358\"\/><\/a><\/figure><\/div>\n\n\n\n<p><strong>09 f\u00e9vrier 2014 \u2013 Emission 21<\/strong><\/p>\n\n\n\n<p><a title=\"ARCHI URBAIN (08\/21) : CHANTAL DASSONVILLE \/ L\u2019architecture de cr\u00e9ation\" href=\"https:\/\/www.archiurbain.be\/?p=4712\">CHANTAL DASSONVILLE \/ L&rsquo;architecture de cr\u00e9ation<\/a> : Du 13 au 20 octobre 2013, la semaine de l\u2019architecture, intitul\u00e9e A.Week, s\u2019est tenue \u00e0 Bruxelles. Cette semaine faisait le lien entre la journ\u00e9e de l\u2019architecture (De dag van de Architectuur) de la R\u00e9gion flamande et celle de la f\u00e9d\u00e9ration Wallonie-Bruxelles. Pour Archi Urbain, c\u2019\u00e9tait l\u2019occasion de rencontrer Chantal Dassonville, Responsable de la Cellule Architecture de la F\u00e9d\u00e9ration Wallonie-Bruxelles : une rencontre qui s\u2019est tourn\u00e9e vers la question de l\u2019architecture de qualit\u00e9.<\/p>\n\n\n\n<div class=\"wp-block-image\"><figure class=\"aligncenter\"><a href=\"https:\/\/www.archiurbain.be\/wp-content\/uploads\/2013\/10\/A.Week_.jpg\"><img loading=\"lazy\" decoding=\"async\" width=\"225\" height=\"145\" src=\"https:\/\/www.archiurbain.be\/wp-content\/uploads\/2013\/10\/A.Week_-225x145.jpg\" alt=\"A.Week\" class=\"wp-image-4471\"\/><\/a><\/figure><\/div>\n\n\n\n<p><strong>16 f\u00e9vrier 2014 \u2013 Emission 22<\/strong><\/p>\n\n\n\n<p><a title=\"ARCHI URBAIN (08\/22) : BURO II &amp; ARCHI+I \/ Cit\u00e9s Mod\u00e8le\" href=\"https:\/\/www.archiurbain.be\/?p=4714\">BURO II &amp; ARCHI+I \/ Cit\u00e9s Mod\u00e8le<\/a> : Phil\u00e9mon Wachtelaer de Buro II &amp; Archi+I vous emm\u00e8ne aujourd\u2019hui dans un retour dans le temps : 1956 et la cit\u00e9 Mod\u00e8le. Une cit\u00e9 qui a v\u00e9cu plusieurs \u00e9poques : un agrandissement dans les ann\u00e9es 70 et une r\u00e9novation en profondeur \u00e0 l\u2019heure actuelle.<\/p>\n\n\n\n<div class=\"wp-block-image\"><figure class=\"aligncenter\"><a href=\"https:\/\/www.archiurbain.be\/wp-content\/uploads\/2013\/12\/Cite_Modele.jpg\"><img loading=\"lazy\" decoding=\"async\" width=\"225\" height=\"145\" src=\"https:\/\/www.archiurbain.be\/wp-content\/uploads\/2013\/12\/Cite_Modele-225x145.jpg\" alt=\"Cite_Modele\" class=\"wp-image-4684\"\/><\/a><\/figure><\/div>\n\n\n\n<p><strong>23 f\u00e9vrier 2014 \u2013 Emission 23<\/strong><\/p>\n\n\n\n<p><a title=\"ARCHI URBAIN (08\/23) : BURO II &amp; ARCHI+I \/ Cit\u00e9 Moderne Berchem-Sainte-Agathe\" href=\"https:\/\/www.archiurbain.be\/?p=4716\">BURO II &amp; ARCHI+I \/ Cit\u00e9 Moderne Berchem-Sainte-Aghate<\/a> : Juste \u00e0 cot\u00e9 de la cit\u00e9 Moderne de Victor Bourgeois (1925), Phil\u00e9mon Wachtelaer de Buro II &amp; Archi+I vous invite \u00e0 d\u00e9couvrir, sur deux parcelles distinctes, la construction de 75 logements. Comment , en tant qu\u2019architecte, peut-on r\u00e9pondre \u00e0 cette demande face \u00e0 des b\u00e2timents class\u00e9s et embl\u00e9matiques pour Bruxelles ? Quel vocabulaire architectural utiliser ?<\/p>\n\n\n\n<div class=\"wp-block-image\"><figure class=\"aligncenter\"><a href=\"https:\/\/www.archiurbain.be\/wp-content\/uploads\/2013\/12\/Cite_Moderne.jpg\"><img loading=\"lazy\" decoding=\"async\" width=\"225\" height=\"145\" src=\"https:\/\/www.archiurbain.be\/wp-content\/uploads\/2013\/12\/Cite_Moderne-225x145.jpg\" alt=\"Cite_Moderne\" class=\"wp-image-4685\"\/><\/a><\/figure><\/div>\n\n\n\n<p><strong>02 mars 2014 \u2013 Emission 24<\/strong><\/p>\n\n\n\n<p><a title=\"ARCHI URBAIN (08\/24) : JCX \/ Lub\u00e9ron\" href=\"https:\/\/www.archiurbain.be\/?p=4718\">JCX \/ Luberon<\/a> : Sophie Le Clercq g\u00e8re sa soci\u00e9t\u00e9 de promotion immobili\u00e8re JCX \u00e0 Bruxelles mais \u00e9galement un g\u00eete et une agriculture biologique dans le Luberon. Rencontre avec une femme exceptionnelle et de caract\u00e8re.<\/p>\n\n\n\n<div class=\"wp-block-image\"><figure class=\"aligncenter\"><a href=\"https:\/\/www.archiurbain.be\/wp-content\/uploads\/2013\/09\/JCX.jpg\"><img loading=\"lazy\" decoding=\"async\" width=\"225\" height=\"145\" src=\"https:\/\/www.archiurbain.be\/wp-content\/uploads\/2013\/09\/JCX-225x145.jpg\" alt=\"JCX\" class=\"wp-image-4359\"\/><\/a><\/figure><\/div>\n\n\n\n<p><strong>09 mars 2014 \u2013 Emission 25<\/strong><\/p>\n\n\n\n<p><a title=\"ARCHI URBAIN (08\/25) : BANETON-GARRINO \/ Logements Porte de Hal\" href=\"https:\/\/www.archiurbain.be\/?p=4723\">BANETON-GARRINO \/ Logements Porte de Hal<\/a> : Thierry Baneton du bureau Baneton-Garrino vous emm\u00e8nent \u00e0 la porte de Hal pour y d\u00e9couvrir un projet de 5 logements sur un terrain compliqu\u00e9 pour un environnement tr\u00e8s urbain et tr\u00e8s \u00e9clectique au niveau de son environnement architectural.<\/p>\n\n\n\n<div class=\"wp-block-image\"><figure class=\"aligncenter\"><a href=\"https:\/\/www.archiurbain.be\/wp-content\/uploads\/2013\/12\/Baneton_Evers.jpg\"><img loading=\"lazy\" decoding=\"async\" width=\"225\" height=\"145\" src=\"https:\/\/www.archiurbain.be\/wp-content\/uploads\/2013\/12\/Baneton_Evers-225x145.jpg\" alt=\"Baneton_Evers\" class=\"wp-image-4687\"\/><\/a><\/figure><\/div>\n\n\n\n<p><strong>16 mars 2014 \u2013 Emission 26<\/strong><\/p>\n\n\n\n<p><a title=\"ARCHI URBAIN (08\/26) : BANETON-GARRINO \/ Birmingham\" href=\"https:\/\/www.archiurbain.be\/?p=4726\">BANETON-GARRINO \/ Birmingham<\/a> : Nous retrouvons l\u2019architecte Thierry Baneton pour d\u00e9couvrir avec lui un ensemble de logements du CPAS de Bruxelles dans une ancienne usine de la rue de Birmingham \u00e0 Molenbeek. Comment composer avec l\u2019h\u00e9ritage industriel et quel vocabulaire architectural utilis\u00e9 ? R\u00e9ponse dans cette \u00e9mission.<\/p>\n\n\n\n<div class=\"wp-block-image\"><figure class=\"aligncenter\"><a href=\"https:\/\/www.archiurbain.be\/wp-content\/uploads\/2013\/12\/Baneton_Birmingham.jpg\"><img loading=\"lazy\" decoding=\"async\" width=\"225\" height=\"145\" src=\"https:\/\/www.archiurbain.be\/wp-content\/uploads\/2013\/12\/Baneton_Birmingham-225x145.jpg\" alt=\"Baneton_Birmingham\" class=\"wp-image-4688\"\/><\/a><\/figure><\/div>\n\n\n\n<p><strong>23 mars 2014 \u2013 Emission 27<\/strong><\/p>\n\n\n\n<p><a title=\"ARCHI URBAIN (08\/27) : GS&amp;L Architectes \/ Patrimoine\" href=\"https:\/\/www.archiurbain.be\/?p=4728\">GS&amp;L Architectes \/ Patrimoine<\/a> : Mister Emma a rendez-vous au Rouge Clo\u00eetre pour parler avec les architectes Pierre Gruloos et Beno\u00eet Lemmens du bureau GS&amp;L Architectes de l\u2019am\u00e9nagement du centre d\u2019accueil du domaine et de la r\u00e9novation du mur d\u2019entr\u00e9e du Parc Duden.<\/p>\n\n\n\n<div class=\"wp-block-image\"><figure class=\"aligncenter\"><a href=\"https:\/\/www.archiurbain.be\/wp-content\/uploads\/2013\/12\/GSL_Rouge_Cloitre.jpg\"><img loading=\"lazy\" decoding=\"async\" width=\"225\" height=\"145\" src=\"https:\/\/www.archiurbain.be\/wp-content\/uploads\/2013\/12\/GSL_Rouge_Cloitre-225x145.jpg\" alt=\"GSL_Rouge_Cloitre\" class=\"wp-image-4689\"\/><\/a><\/figure><\/div>\n\n\n\n<p><strong>30 mars&nbsp;2014 \u2013 Emission 28<\/strong><\/p>\n\n\n\n<p><a title=\"ARCHI URBAIN (08\/28) : MA2 \/ Gare Centrale\" href=\"https:\/\/www.archiurbain.be\/?p=4736\">MA2 \/ Gare Centrale<\/a> : La gare centrale avait besoin d\u2019une bonne r\u00e9novation. Au fil des ans, elle avait perdu de sa splendeur. Mais,il est un \u00e9l\u00e9ment &#8211; petit mais important &#8211; qui vient terminer cette r\u00e9novation : le couloir qui m\u00e8ne les navetteurs de la gare au m\u00e9tro. Mister Emma y retrouve l\u2019architecte Francis Metzger du bureau MA2 et le Directeur de l\u2019urbanisme et fonctionnaire d\u00e9l\u00e9gu\u00e9 au Service public r\u00e9gional de Bruxelles, Albert Goffart.<\/p>\n\n\n\n<div class=\"wp-block-image\"><figure class=\"aligncenter\"><a href=\"https:\/\/www.archiurbain.be\/wp-content\/uploads\/2014\/05\/MA2-gare-centrale.jpg\"><img loading=\"lazy\" decoding=\"async\" width=\"225\" height=\"145\" src=\"https:\/\/www.archiurbain.be\/wp-content\/uploads\/2014\/05\/MA2-gare-centrale-225x145.jpg\" alt=\"MA2-gare-centrale\" class=\"wp-image-4907\"\/><\/a><\/figure><\/div>\n\n\n\n<p><strong>06 avril 2014 \u2013 Emission 29<\/strong><\/p>\n\n\n\n<p><a title=\"ARCHI URBAIN (08\/29) : GS&amp;L Architectes \/ Logements\" href=\"https:\/\/www.archiurbain.be\/?p=4732\">GS&amp;L Architectes \/ Logements<\/a> : Mister Emma retrouve le bureau GS&amp;L Architectes. En compagnie de Jos\u00e9 Alberto Solinis Carrera, il vous propose de d\u00e9couvrir un escalier \u00e0 la rue du Souci \u00e0 Ixelles.<\/p>\n\n\n\n<div class=\"wp-block-image\"><figure class=\"aligncenter\"><img loading=\"lazy\" decoding=\"async\" width=\"225\" height=\"145\" src=\"https:\/\/www.archiurbain.be\/wp-content\/uploads\/2013\/12\/GSL_Sans_Souci-225x145.jpg\" alt=\"GSL_Sans_Souci\" class=\"wp-image-4691\"\/><\/figure><\/div>\n\n\n\n<p><strong>27 avril 2014 \u2013 Emission 30<\/strong><\/p>\n\n\n\n<p><a title=\"ARCHI URBAIN (08\/30) : ADE \/ Quai de Vilvoorde\" href=\"https:\/\/www.archiurbain.be\/?p=4734\">ADE \/ Quai de Vilvoorde<\/a> : L\u2019architecte Marc Stryckman du bureau ADE vous donne rendez-vous pour parler d\u2019un ensemble de logements basse \u00e9nergie. Des logements qu\u2019il a voulu \u00e0 l\u2019image du canal qui borde la construction.<\/p>\n\n\n\n<div class=\"wp-block-image\"><figure class=\"aligncenter\"><img loading=\"lazy\" decoding=\"async\" width=\"225\" height=\"145\" src=\"https:\/\/www.archiurbain.be\/wp-content\/uploads\/2013\/12\/ADE-225x145.jpg\" alt=\"ADE\" class=\"wp-image-4692\"\/><\/figure><\/div>\n\n\n\n<p><strong>04 mai 2014 \u2013 Emission 31<\/strong><\/p>\n\n\n\n<p><a title=\"ARCHI URBAIN (08\/31) : GREENWAL \/ Luc Schuiten\" href=\"https:\/\/www.archiurbain.be\/?p=4917\">GREENWAL \/ Luc Schuiten<\/a> :&nbsp;Mister Emma a rencontr\u00e9 l\u2019architecte Luc Schuiten \u00e0 l\u2019occasion du forum Greenwal qui s\u2019est tenu le 11 d\u00e9cembre 2013 \u00e0 Gembloux. Luc Schuiten nous parle de son combat \u00e9cologique pour une ville nouvelle : les mat\u00e9riaux \u00e0 utiliser, la prise de conscience des politiques, le fragile \u00e9quilibre auquel nous devons tendre. Tant de questions pour laisser une terre plus verte et plus saine \u00e0 nos g\u00e9n\u00e9rations futures.<\/p>\n\n\n\n<div class=\"wp-block-image\"><figure class=\"aligncenter\"><a href=\"https:\/\/www.archiurbain.be\/wp-content\/uploads\/2014\/04\/dessin-chenillard.jpg\"><img loading=\"lazy\" decoding=\"async\" width=\"225\" height=\"145\" src=\"https:\/\/www.archiurbain.be\/wp-content\/uploads\/2014\/04\/dessin-chenillard-225x145.jpg\" alt=\"Luc Schuiten Greenwal\" class=\"wp-image-4902\"\/><\/a><\/figure><\/div>\n\n\n\n<p><strong>11 mai 2014 \u2013 Emission 32<\/strong><\/p>\n\n\n\n<p><a title=\"ARCHI URBAIN (08\/32) : B612ASSOCIATES \/ HQE Bruyn\" href=\"https:\/\/www.archiurbain.be\/?p=4955\">B612ASSOCIATES \/ HQE Bruyn<\/a> : Mister Emma se rend \u00e0 nouveau rue Bruyn \u00e0 Neder-Over-Hembeeck. A nouveau car il vous avait d\u00e9j\u00e0 pr\u00e9sent\u00e9 deux volets de ce programme de 300 logements sociaux du CPAS de Bruxelles en compagnie des bureaux Altiplan\u00b0architects&nbsp;et Pierre Blondel. Aujourd&rsquo;hui, Archi Urbain vous pr\u00e9sente le 3\u00e8me et dernier volet de ce concours en compagnie de Li Mei Tsien du bureau B612associates. 56 nouveaux logements et une cr\u00e8che pour 48 enfants sont sortis de terre juste \u00e0 c\u00f4t\u00e9 de la ferme Nos Pilifs. Le volet urbanistique est, quant \u00e0 lui, apporter par Albert Goffart,&nbsp;Directeur de l\u2019urbanisme et fonctionnaire d\u00e9l\u00e9gu\u00e9 au Service public r\u00e9gional de Bruxelles.<\/p>\n\n\n\n<div class=\"wp-block-image\"><figure class=\"aligncenter\"><a href=\"https:\/\/www.archiurbain.be\/wp-content\/uploads\/2014\/04\/BRUYN_500_9.jpg\"><img loading=\"lazy\" decoding=\"async\" width=\"225\" height=\"145\" src=\"https:\/\/www.archiurbain.be\/wp-content\/uploads\/2014\/04\/BRUYN_500_9-225x145.jpg\" alt=\"BRUYN B612associates\" class=\"wp-image-4904\"\/><\/a><\/figure><\/div>\n\n\n\n<p><strong>18 mai 2014 \u2013 Emission 33<\/strong><\/p>\n\n\n\n<p><a title=\"ARCHI URBAIN (08\/33) : BEAUVOIR ARCHITECTURE \/ Les Brasseries d\u2019Ixelles\" href=\"https:\/\/www.archiurbain.be\/?p=4957\">BEAUVOIR ARCHITECTURE \/ Les Brasseries d\u2019Ixelles<\/a> : La Chauss\u00e9e de Vleurgat est en pleine mutation. On ne compte plus les chantiers en cours et un des plus impressionnants est peut-\u00eatre la reconversion des anciennes Brasseries d\u2019Ixelles. De brasseries, ces entrep\u00f4ts se sont transform\u00e9s en locaux pour la Croix Rouge avant de trouver une nouvelle vie : un village en plein c\u0153ur de la commune d\u2019Ixelles. Mister Emma rencontre C\u00e9leste Finez Ampudia et Axel Bedoret du bureau Beauvoir Architecture pour parler du projet. Le volet urbanistique est, quant \u00e0 lui, apporter par Albert Goffard,&nbsp;Directeur de l\u2019urbanisme et fonctionnaire d\u00e9l\u00e9gu\u00e9 au Service public r\u00e9gional de Bruxelles.<\/p>\n\n\n\n<div class=\"wp-block-image\"><figure class=\"aligncenter\"><a href=\"https:\/\/www.archiurbain.be\/wp-content\/uploads\/2014\/04\/20121107_160740_58A1330-1-cs_WEB.jpg\"><img decoding=\"async\" src=\"https:\/\/www.archiurbain.be\/wp-content\/uploads\/2014\/04\/20121107_160740_58A1330-1-cs_WEB-225x145.jpg\" alt=\"Brasserie d'ixelles beauvoir architecture\" class=\"wp-image-4937\"\/><\/a><\/figure><\/div>\n\n\n\n<p><strong>01 juin 2014 \u2013 Emission 34<\/strong><\/p>\n\n\n\n<p><a title=\"ARCHI URBAIN (08\/34) : MIPIM \/ Les grands projets bruxellois\" href=\"https:\/\/www.archiurbain.be\/?p=4730\">MIPIM \/ Les grands projets bruxellois<\/a> : En compagnie de Yves Goldstein, Chef de Cabinet du Ministre-Pr\u00e9sident, et de&nbsp;Yves Rouyet, ADT-ATO, Mister Emma passe en revue les 7 grands futurs projets de la&nbsp;R\u00e9gion Bruxelles-Capitale. Le MIPIM 2014 aura \u00e9t\u00e9, \u00e9galement, marqu\u00e9 par la cr\u00e9ation d&rsquo;un v\u00e9ritable pavillon belge. Qu&rsquo;en pense les architectes ?&nbsp;Marek Kisielewicz, Altiplan\u00b0architects, donne son avis et d\u00e9voile ses projets pour cette ann\u00e9e.<\/p>\n\n\n\n<div class=\"wp-block-image\"><figure class=\"aligncenter\"><a href=\"https:\/\/www.archiurbain.be\/wp-content\/uploads\/2014\/03\/Emission_Mipim_31.png\"><img loading=\"lazy\" decoding=\"async\" width=\"225\" height=\"145\" src=\"https:\/\/www.archiurbain.be\/wp-content\/uploads\/2014\/03\/Emission_Mipim_31-225x145.png\" alt=\"Emission_Mipim_31\" class=\"wp-image-4880\"\/><\/a><\/figure><\/div>\n\n\n\n<p><strong>08 juin 2014 \u2013 Emission 35<\/strong><\/p>\n\n\n\n<p><a title=\"ARCHI URBAIN (08\/35) : MIPIM \/ Focus sur la gare du Midi et sur le Canal\" href=\"https:\/\/www.archiurbain.be\/?p=4964\">MIPIM \/ Focus sur la gare du Midi et sur le Canal<\/a> : Le MIPIM 2014 aura \u00e9t\u00e9 l&rsquo;occasion pour Rudy Vervoordt de faire le point sur l&rsquo;avanc\u00e9e des grands futurs projets de la R\u00e9gion de Bruxelles-Capitale. La pr\u00e9sence de&nbsp;Djamel Klouche (Architecte-urbaniste, AUC), de&nbsp;Nicolas Firket (Architecte-urbaniste, NFA) et de&nbsp;Alexandre Chemetoff (Architecte &#8211; urbaniste &#8211; paysagiste) aura apport\u00e9 des \u00e9claircissements quant \u00e0 l&rsquo;\u00e9volution et au devenir de deux projets importants : la gare du Midi et le Canal.<\/p>\n\n\n\n<div class=\"wp-block-image\"><figure class=\"aligncenter\"><a href=\"https:\/\/www.archiurbain.be\/wp-content\/uploads\/2014\/03\/Emission_Mipim_32.png\"><img loading=\"lazy\" decoding=\"async\" width=\"225\" height=\"145\" src=\"https:\/\/www.archiurbain.be\/wp-content\/uploads\/2014\/03\/Emission_Mipim_32-225x145.png\" alt=\"Emission_Mipim_32\" class=\"wp-image-4881\"\/><\/a><\/figure><\/div>\n\n\n\n<p><strong>15 juin 2014 \u2013 Emission 36<\/strong><\/p>\n\n\n\n<p><a title=\"ARCHI URBAIN (08\/36) : ERU \/ Habiter les \u00e9tages au-dessus des commerces\" href=\"https:\/\/www.archiurbain.be\/?p=4971\">ERU \/ Habiter les \u00e9tages au-dessus des commerces<\/a> : Le boum d\u00e9mographique annonc\u00e9 pour les prochaines ann\u00e9es encouragent les pouvoirs publics \u00e0 trouver diverses solutions. Nous vous avions d\u00e9j\u00e0 parl\u00e9 de la transformations des bureaux en logements, voici une nouvelle \u00e9tape : encourager la r\u00e9habilitation des \u00e9tages au-dessus des commerces en logements. A l&rsquo;initiative du Secr\u00e9taire d&rsquo;Etat au Logement, Christos Doulkeridis, &nbsp;la R\u00e9gion de Bruxelles-Capitale a identifi\u00e9 pr\u00e8s de 5 000 logements disponibles. L&rsquo;inventaire a \u00e9t\u00e9 confi\u00e9 au bureau d&rsquo;\u00e9tudes ERU asbl qui vient de sortir 6 fiches-outils destin\u00e9es aux administrations r\u00e9gionales et communales, \u00e0 Atrium, aux acteurs associatifs, etc.<\/p>\n\n\n\n<div class=\"wp-block-image\"><figure class=\"aligncenter\"><a href=\"https:\/\/www.archiurbain.be\/wp-content\/uploads\/2014\/05\/ChausseeIxelles1.jpg\"><img decoding=\"async\" src=\"https:\/\/www.archiurbain.be\/wp-content\/uploads\/2014\/05\/ChausseeIxelles1-225x145.jpg\" alt=\"ChausseeIxelles1\" class=\"wp-image-4961\"\/><\/a><\/figure><\/div>\n\n\n\n<p><strong>22 juin 2014 \u2013 Emission 37<\/strong><\/p>\n\n\n\n<p><a title=\"ARCHI URBAIN (08\/37) : 51N4E \/ De Lork\" href=\"https:\/\/www.archiurbain.be\/?p=4975\">51N4E \/ De Lork<\/a> : Mister Emma a rendez-vous au 83 rue de la Source \u00e0 Saint-Gilles pour y rencontrer l\u2019architecte Freek Persyn du bureau 51N4E. Ensemble, ils visitent la fin du chantier d\u2019une future maison destin\u00e9e \u00e0 accueillir 30 personnes. L\u2019habitation est organis\u00e9e comme une petite communaut\u00e9 o\u00f9 le living et la cuisine sont communes. Le projet r\u00e9ponds aux exigences du terrain mais, \u00e9galement du programme afin d\u2019y ins\u00e9rer des espaces privatifs et communautaires, et enfin aux exigences du voisinage et du magnifique jardin du clo\u00eetre qui borde le b\u00e2timent.<\/p>\n\n\n\n<div class=\"wp-block-image\"><figure class=\"aligncenter\"><a href=\"https:\/\/www.archiurbain.be\/wp-content\/uploads\/2014\/06\/De_Lork.jpg\"><img loading=\"lazy\" decoding=\"async\" width=\"225\" height=\"145\" src=\"https:\/\/www.archiurbain.be\/wp-content\/uploads\/2014\/06\/De_Lork-225x145.jpg\" alt=\"De_Lork\" class=\"wp-image-4976\"\/><\/a><\/figure><\/div>\n\n\n\n<p><strong>29 juin 2014 \u2013 Emission 38<\/strong><\/p>\n\n\n\n<p><a title=\"ARCHI URBAIN (08\/38) : Architectes Associ\u00e9s \/ Elia \u2013 Mommoyer\" href=\"https:\/\/www.archiurbain.be\/?p=4979\">ARCHITECTES ASSOCIES \/ Elia<\/a> : Pour la derni\u00e8re \u00e9mission de cette saison, Mister Emma vous entra\u00eene en face du Royal Yacht Club de Bruxelles. Coinc\u00e9 entre le lit de la Senne, le pont van Praet et le Canal, le bureau Architectes Associ\u00e9s y a construit le si\u00e8ge bruxellois de la soci\u00e9t\u00e9 Elia. 10 000 m\u00e8tres carr\u00e9s de bureaux \u00e0 construire sur un sol hyper pollu\u00e9. Comment Marc Lacour, Sabine Leribaux et Mattias D\u2019Hooghe s\u2019en sont-ils sortis ? R\u00e9ponse en image !<\/p>\n\n\n\n<div class=\"wp-block-image\"><figure class=\"aligncenter\"><a href=\"https:\/\/www.archiurbain.be\/wp-content\/uploads\/2014\/06\/elia-monnoyer.jpg\"><img loading=\"lazy\" decoding=\"async\" width=\"225\" height=\"145\" src=\"https:\/\/www.archiurbain.be\/wp-content\/uploads\/2014\/06\/elia-monnoyer-225x145.jpg\" alt=\"elia-monnoyer\" class=\"wp-image-4992\"\/><\/a><\/figure><\/div>\n","protected":false},"excerpt":{"rendered":"<p>La saison 8 d&rsquo;Archi Urbain Bruxelles est diffus\u00e9e en premi\u00e8re sur T\u00e9l\u00e9-Bruxelles tous les dimanches \u00e0 18h15. Rediffusion \u00e0 toutes les heures qui suivent jusque 05h15 compris le lundi matin. Rediffusion le lundi entre 9h et 12h. 8 septembre 2013 \u2013 Emission 1 PILIPI Architects \/ Mus\u00e9e de la figurine : Emma C. Dessouroux a rendez-vous avec l&rsquo;architecte Olivier Campeert au centre ville de Bruxelles, &hellip; <a href=\"https:\/\/www.archiurbain.be\/?p=4200\" class=\"more-link\">Continuer de lire <span class=\"screen-reader-text\">TELE-BRUXELLES : Emissions de la saison 8 (2013-2014)<\/span><\/a><\/p>\n","protected":false},"author":1,"featured_media":4992,"comment_status":"open","ping_status":"open","sticky":false,"template":"","format":"standard","meta":{"_monsterinsights_skip_tracking":false,"_monsterinsights_sitenote_active":false,"_monsterinsights_sitenote_note":"","_monsterinsights_sitenote_category":0,"_jetpack_memberships_contains_paid_content":false,"footnotes":""},"categories":[8,15,2252,35,3379],"tags":[11],"class_list":["post-4200","post","type-post","status-publish","format-standard","has-post-thumbnail","hentry","category-archiurbain","category-architectures","category-belgique-2","category-bruxelles","category-videos","tag-tele-bruxelles"],"jetpack_featured_media_url":"https:\/\/www.archiurbain.be\/wp-content\/uploads\/2014\/06\/elia-monnoyer.jpg","jetpack_sharing_enabled":true,"_links":{"self":[{"href":"https:\/\/www.archiurbain.be\/index.php?rest_route=\/wp\/v2\/posts\/4200","targetHints":{"allow":["GET"]}}],"collection":[{"href":"https:\/\/www.archiurbain.be\/index.php?rest_route=\/wp\/v2\/posts"}],"about":[{"href":"https:\/\/www.archiurbain.be\/index.php?rest_route=\/wp\/v2\/types\/post"}],"author":[{"embeddable":true,"href":"https:\/\/www.archiurbain.be\/index.php?rest_route=\/wp\/v2\/users\/1"}],"replies":[{"embeddable":true,"href":"https:\/\/www.archiurbain.be\/index.php?rest_route=%2Fwp%2Fv2%2Fcomments&post=4200"}],"version-history":[{"count":48,"href":"https:\/\/www.archiurbain.be\/index.php?rest_route=\/wp\/v2\/posts\/4200\/revisions"}],"predecessor-version":[{"id":8859,"href":"https:\/\/www.archiurbain.be\/index.php?rest_route=\/wp\/v2\/posts\/4200\/revisions\/8859"}],"wp:featuredmedia":[{"embeddable":true,"href":"https:\/\/www.archiurbain.be\/index.php?rest_route=\/wp\/v2\/media\/4992"}],"wp:attachment":[{"href":"https:\/\/www.archiurbain.be\/index.php?rest_route=%2Fwp%2Fv2%2Fmedia&parent=4200"}],"wp:term":[{"taxonomy":"category","embeddable":true,"href":"https:\/\/www.archiurbain.be\/index.php?rest_route=%2Fwp%2Fv2%2Fcategories&post=4200"},{"taxonomy":"post_tag","embeddable":true,"href":"https:\/\/www.archiurbain.be\/index.php?rest_route=%2Fwp%2Fv2%2Ftags&post=4200"}],"curies":[{"name":"wp","href":"https:\/\/api.w.org\/{rel}","templated":true}]}}