{"id":4014,"date":"2013-03-24T18:47:55","date_gmt":"2013-03-24T17:47:55","guid":{"rendered":"http:\/\/www.archiurbain.be\/?p=4014"},"modified":"2021-01-12T11:27:15","modified_gmt":"2021-01-12T10:27:15","slug":"archi-urbain-0727-mipim-2013","status":"publish","type":"post","link":"https:\/\/www.archiurbain.be\/?p=4014","title":{"rendered":"ARCHI URBAIN (07\/27) : MIPIM 2013"},"content":{"rendered":"\n<figure class=\"wp-block-embed is-type-rich is-provider-prise-en-charge-des-contenus-embarques wp-block-embed-prise-en-charge-des-contenus-embarques wp-embed-aspect-16-9 wp-has-aspect-ratio\"><div class=\"wp-block-embed__wrapper\">\n<div class=\"jetpack-video-wrapper\"><iframe loading=\"lazy\" title=\"ARCHI URBAIN (07\/27) : MIPIM 2013 \/ Repr\u00e9sentation bruxelloise\" width=\"720\" height=\"405\" src=\"https:\/\/www.youtube.com\/embed\/2Fx8ESfraoo?feature=oembed\" frameborder=\"0\" allow=\"accelerometer; autoplay; clipboard-write; encrypted-media; gyroscope; picture-in-picture; web-share\" referrerpolicy=\"strict-origin-when-cross-origin\" allowfullscreen><\/iframe><\/div>\n<\/div><\/figure>\n\n\n\n<p>Mister Emma s\u2019est rendu au MIPIM \u00e0 Cannes pour y d\u00e9couvrir les tendances de cette ann\u00e9e et surtout y rencontrer les bruxellois pr\u00e9sents sur ce march\u00e9 de promoteurs immobiliers : Charles Picqu\u00e9, Ministre Pr\u00e9sident de la R\u00e9gion Bruxelles-Capitale y parle de l\u2019importance de sa pr\u00e9sence dans la bataille marketing que se livrent les villes europ\u00e9ennes. Mister Emma rencontre \u00e9galement Rachid Madrane, Secr\u00e9taire d\u2019Etat \u00e0 l\u2019Urbanisme de la R\u00e9gion Bruxelles-Capitale, pour s\u2019entretenir sur les projets d\u2019avenir du Canal et Philippe Close pour discuter avec lui de l\u2019avenir du projet N\u00e9o.<\/p>\n\n\n\n<p>Cette \u00e9mission sur le MIPIM se fera en deux parties. La seconde partie sera diffus\u00e9e le dimanche 31 mars et se focalisera principalement sur les MIPIM AWARDS.<\/p>\n\n\n\n<p>Pr\u00e9sentation : <a href=\"http:\/\/www.misteremma.com\" target=\"_blank\" rel=\"noopener\">Mister Emma<\/a><br>Montage : <a href=\"http:\/\/www.epiprod.be\" target=\"_blank\" rel=\"noopener\">EpiProd<\/a> &#8211; Emanuel Pinto<br>Production : <a href=\"http:\/\/www.lesdelires.be\" target=\"_blank\" rel=\"noopener\">Les D\u00e9lires Productions<\/a><\/p>\n\n\n\n<p>Lieu de tournage :&nbsp;Palais des Festival &#8211; Cannes<br>Pays : France<br>Langue : FR<\/p>\n\n\n\n<p>Avec : Stephan Sonneville (Atenor) &#8211; Denis Grimberghs (SDRB) &#8211;&nbsp;Charles Picqu\u00e9 (Ministre Pr\u00e9sident de la R\u00e9gion Bruxelles-Capitale) &#8211;&nbsp;Rachid Madrane (Secr\u00e9taire d\u2019Etat \u00e0 l\u2019Urbanisme de la R\u00e9gion Bruxelles-Capitale) &#8211;&nbsp;Philippe Close (Echevin du Tourisme &#8211; Ville de Bruxelles)<\/p>\n\n\n\n<p>Premi\u00e8re diffusion de cette \u00e9mission sur <a href=\"http:\/\/www.telebruxelles.net\/portail\/\" target=\"_blank\" rel=\"noopener\">T\u00e9l\u00e9-Bruxelles<\/a> : dimanche 24 mars 2013 \u00e0 18h15<\/p>\n\n\n\n<p class=\"has-text-align-center\"><strong>Remerciements : <\/strong><\/p>\n\n\n\n<div class=\"wp-block-image\"><figure class=\"aligncenter\"><a href=\"http:\/\/www.federation-wallonie-bruxelles.be\" target=\"_blank\" rel=\"noopener\"><img loading=\"lazy\" decoding=\"async\" width=\"300\" height=\"93\" src=\"https:\/\/www.archiurbain.be\/wp-content\/uploads\/2013\/02\/logo_fedwallbxl-300x93.jpg\" alt=\"logo_fedwallbxl\" class=\"wp-image-3138\" srcset=\"https:\/\/www.archiurbain.be\/wp-content\/uploads\/2013\/02\/logo_fedwallbxl-300x93.jpg 300w, https:\/\/www.archiurbain.be\/wp-content\/uploads\/2013\/02\/logo_fedwallbxl-175x55.jpg 175w, https:\/\/www.archiurbain.be\/wp-content\/uploads\/2013\/02\/logo_fedwallbxl.jpg 454w\" sizes=\"auto, (max-width: 300px) 100vw, 300px\" \/><\/a><\/figure><\/div>\n","protected":false},"excerpt":{"rendered":"<p>Mister Emma s\u2019est rendu au MIPIM \u00e0 Cannes pour y d\u00e9couvrir les tendances de cette ann\u00e9e et surtout y rencontrer les bruxellois pr\u00e9sents sur ce march\u00e9 de promoteurs immobiliers : Charles Picqu\u00e9, Ministre Pr\u00e9sident de la R\u00e9gion Bruxelles-Capitale y parle de l\u2019importance de sa pr\u00e9sence dans la bataille marketing que se livrent les villes europ\u00e9ennes. Mister Emma rencontre \u00e9galement Rachid Madrane, Secr\u00e9taire d\u2019Etat \u00e0 l\u2019Urbanisme &hellip; <a href=\"https:\/\/www.archiurbain.be\/?p=4014\" class=\"more-link\">Continuer de lire <span class=\"screen-reader-text\">ARCHI URBAIN (07\/27) : MIPIM 2013<\/span><\/a><\/p>\n","protected":false},"author":1,"featured_media":4009,"comment_status":"open","ping_status":"open","sticky":false,"template":"","format":"standard","meta":{"_monsterinsights_skip_tracking":false,"_monsterinsights_sitenote_active":false,"_monsterinsights_sitenote_note":"","_monsterinsights_sitenote_category":0,"_jetpack_memberships_contains_paid_content":false,"footnotes":""},"categories":[8,2253,2366,383,16,3379],"tags":[2065,417,491,427,2412,2432,2434,2430,384,2304,408,1268,209,2365,426,991,2431,2429,3161,809,2433],"class_list":["post-4014","post","type-post","status-publish","format-standard","has-post-thumbnail","hentry","category-archiurbain","category-autres-departements","category-europe-2","category-france","category-urbanisme","category-videos","tag-2065","tag-atenor","tag-cannes","tag-charles-picque","tag-denis-grimberghs","tag-echevin-du-tourisme","tag-marketing","tag-ministre-president","tag-mipim","tag-palais-des-festivals","tag-philippe-close","tag-projet","tag-promoteur-immobilier","tag-rachid-madrane","tag-region-bruxelles-capitale","tag-sdrb","tag-secretaire-detat-a-lurbanisme","tag-stephan-sonneville","tag-urbanisme","tag-ville","tag-ville-de-bruxelles"],"jetpack_featured_media_url":"https:\/\/www.archiurbain.be\/wp-content\/uploads\/2013\/03\/logo-mipim-hp.jpg","jetpack_sharing_enabled":true,"_links":{"self":[{"href":"https:\/\/www.archiurbain.be\/index.php?rest_route=\/wp\/v2\/posts\/4014","targetHints":{"allow":["GET"]}}],"collection":[{"href":"https:\/\/www.archiurbain.be\/index.php?rest_route=\/wp\/v2\/posts"}],"about":[{"href":"https:\/\/www.archiurbain.be\/index.php?rest_route=\/wp\/v2\/types\/post"}],"author":[{"embeddable":true,"href":"https:\/\/www.archiurbain.be\/index.php?rest_route=\/wp\/v2\/users\/1"}],"replies":[{"embeddable":true,"href":"https:\/\/www.archiurbain.be\/index.php?rest_route=%2Fwp%2Fv2%2Fcomments&post=4014"}],"version-history":[{"count":9,"href":"https:\/\/www.archiurbain.be\/index.php?rest_route=\/wp\/v2\/posts\/4014\/revisions"}],"predecessor-version":[{"id":9416,"href":"https:\/\/www.archiurbain.be\/index.php?rest_route=\/wp\/v2\/posts\/4014\/revisions\/9416"}],"wp:featuredmedia":[{"embeddable":true,"href":"https:\/\/www.archiurbain.be\/index.php?rest_route=\/wp\/v2\/media\/4009"}],"wp:attachment":[{"href":"https:\/\/www.archiurbain.be\/index.php?rest_route=%2Fwp%2Fv2%2Fmedia&parent=4014"}],"wp:term":[{"taxonomy":"category","embeddable":true,"href":"https:\/\/www.archiurbain.be\/index.php?rest_route=%2Fwp%2Fv2%2Fcategories&post=4014"},{"taxonomy":"post_tag","embeddable":true,"href":"https:\/\/www.archiurbain.be\/index.php?rest_route=%2Fwp%2Fv2%2Ftags&post=4014"}],"curies":[{"name":"wp","href":"https:\/\/api.w.org\/{rel}","templated":true}]}}