{"id":3567,"date":"2009-12-05T18:29:30","date_gmt":"2009-12-05T17:29:30","guid":{"rendered":"http:\/\/www.archiurbain.be\/?p=3567"},"modified":"2021-01-09T13:53:17","modified_gmt":"2021-01-09T12:53:17","slug":"archi-urbain-0412-montois-partners-ngba-inauguration","status":"publish","type":"post","link":"https:\/\/www.archiurbain.be\/?p=3567","title":{"rendered":"ARCHI URBAIN (04\/12) : MONTOIS PARTNERS \/ Lofts Jamar (inauguration)"},"content":{"rendered":"\n<figure class=\"wp-block-embed is-type-rich is-provider-prise-en-charge-des-contenus-embarques wp-block-embed-prise-en-charge-des-contenus-embarques wp-embed-aspect-16-9 wp-has-aspect-ratio\"><div class=\"wp-block-embed__wrapper\">\n<div class=\"jetpack-video-wrapper\"><iframe loading=\"lazy\" title=\"ARCHI URBAIN (04\/12) : Montois Partners \/ NGBA (inauguration)\" width=\"720\" height=\"405\" src=\"https:\/\/www.youtube.com\/embed\/_NWXzY0svxM?feature=oembed\" frameborder=\"0\" allow=\"accelerometer; autoplay; clipboard-write; encrypted-media; gyroscope; picture-in-picture; web-share\" referrerpolicy=\"strict-origin-when-cross-origin\" allowfullscreen><\/iframe><\/div>\n<\/div><\/figure>\n\n\n\n<p>Mister Emma avait rencontr\u00e9 l&rsquo;architecte \u00c9tienne Bruyere lors d&rsquo;une \u00e9mission Archi Urbain la saison derni\u00e8re \u00e0 l&rsquo;occasion d&rsquo;un chantier de transformation d&rsquo;un ancien parking en lofts au Boulevard Jamar, pr\u00e8s de la gare du Midi \u00e0 Bruxelles. Il le retrouve pour visiter le chantier termin\u00e9 et en profite pour red\u00e9finir le mot \u00ab\u00a0loft\u00a0\u00bb avec Diane Adam de Immo Style Immo Lofts. Mister Emma s&rsquo;attarde aussi sur les envies d&rsquo;un propri\u00e9taire et sur les enjeux d&rsquo;am\u00e9nagement d&rsquo;un tel bien avec l&rsquo;architecte Fr\u00e9d\u00e9ric Haesevoets.<\/p>\n\n\n\n<p>Pr\u00e9sentation : <a href=\"http:\/\/www.misteremma.com\" target=\"_blank\" rel=\"noopener\">Mister Emma<\/a><br>Montage : <a href=\"http:\/\/www.epiprod.be\" target=\"_blank\" rel=\"noopener\">Epiprod<\/a> \u2013 Emanuel Pinto<br>Production : <a href=\"http:\/\/www.lesdelires.be\" target=\"_blank\" rel=\"noopener\">Les D\u00e9lires Productions<\/a><\/p>\n\n\n\n<p>Lieu de tournage : NGBA \u2013 Boulevard Jamar \u00e0 1060 Saint-Gilles<br>Pays : Belgique \u2013 Bruxelles<br>Langue : FR<\/p>\n\n\n\n<p>Avec : Diane Adam (Immo Style Immo Lofts), Etienne Bruy\u00e8re (Montois Partners), Beno\u00eet (Propri\u00e9taire), Fr\u00e9d\u00e9ric Haesevoets (Haesevoets Architecture)<\/p>\n\n\n\n<p>Premi\u00e8re diffusion de cette \u00e9mission sur <a href=\"http:\/\/telebruxelles.net\/portail\/\" target=\"_blank\" rel=\"noopener\">T\u00e9l\u00e9-Bruxelles<\/a> : 12 d\u00e9cembre 2009<\/p>\n\n\n\n<p class=\"has-text-align-center\"><strong>Remerciements : <\/strong><\/p>\n\n\n\n<figure class=\"wp-block-image\"><a href=\"https:\/\/www.archiurbain.be\/wp-content\/uploads\/2013\/02\/logo_fedwallbxl.jpg\"><img loading=\"lazy\" decoding=\"async\" width=\"300\" height=\"93\" src=\"https:\/\/www.archiurbain.be\/wp-content\/uploads\/2013\/02\/logo_fedwallbxl-300x93.jpg\" alt=\"logo_fedwallbxl\" class=\"wp-image-3138\" srcset=\"https:\/\/www.archiurbain.be\/wp-content\/uploads\/2013\/02\/logo_fedwallbxl-300x93.jpg 300w, https:\/\/www.archiurbain.be\/wp-content\/uploads\/2013\/02\/logo_fedwallbxl-175x55.jpg 175w, https:\/\/www.archiurbain.be\/wp-content\/uploads\/2013\/02\/logo_fedwallbxl.jpg 454w\" sizes=\"auto, (max-width: 300px) 100vw, 300px\" \/><\/a><\/figure>\n","protected":false},"excerpt":{"rendered":"<p>Mister Emma avait rencontr\u00e9 l&rsquo;architecte \u00c9tienne Bruyere lors d&rsquo;une \u00e9mission Archi Urbain la saison derni\u00e8re \u00e0 l&rsquo;occasion d&rsquo;un chantier de transformation d&rsquo;un ancien parking en lofts au Boulevard Jamar, pr\u00e8s de la gare du Midi \u00e0 Bruxelles. Il le retrouve pour visiter le chantier termin\u00e9 et en profite pour red\u00e9finir le mot \u00ab\u00a0loft\u00a0\u00bb avec Diane Adam de Immo Style Immo Lofts. Mister Emma s&rsquo;attarde aussi &hellip; <a href=\"https:\/\/www.archiurbain.be\/?p=3567\" class=\"more-link\">Continuer de lire <span class=\"screen-reader-text\">ARCHI URBAIN (04\/12) : MONTOIS PARTNERS \/ Lofts Jamar (inauguration)<\/span><\/a><\/p>\n","protected":false},"author":1,"featured_media":0,"comment_status":"open","ping_status":"open","sticky":false,"template":"","format":"standard","meta":{"_monsterinsights_skip_tracking":false,"_monsterinsights_sitenote_active":false,"_monsterinsights_sitenote_note":"","_monsterinsights_sitenote_category":0,"_jetpack_memberships_contains_paid_content":false,"footnotes":""},"categories":[8,15,35,3379],"tags":[592,539,571,540,594,84,85,2286,32,87,30,2350,86,31,541,637,33,2349,397,11,593,3161],"class_list":["post-3567","post","type-post","status-publish","format-standard","hentry","category-archiurbain","category-architectures","category-bruxelles","category-videos","tag-archi","tag-archi-urbain","tag-architecte","tag-architecture","tag-archiurbain","tag-boulevard-jamar","tag-diane-adam","tag-emission","tag-etienne-bruyere","tag-frederic-haesevoets","tag-gare-du-midi","tag-haesevoets-architucture","tag-immo-style-immo-lofts","tag-lofts","tag-mister-emma","tag-misteremma","tag-montois-partners","tag-ngba","tag-saint-gilles","tag-tele-bruxelles","tag-urbain","tag-urbanisme"],"jetpack_featured_media_url":"","jetpack_sharing_enabled":true,"_links":{"self":[{"href":"https:\/\/www.archiurbain.be\/index.php?rest_route=\/wp\/v2\/posts\/3567","targetHints":{"allow":["GET"]}}],"collection":[{"href":"https:\/\/www.archiurbain.be\/index.php?rest_route=\/wp\/v2\/posts"}],"about":[{"href":"https:\/\/www.archiurbain.be\/index.php?rest_route=\/wp\/v2\/types\/post"}],"author":[{"embeddable":true,"href":"https:\/\/www.archiurbain.be\/index.php?rest_route=\/wp\/v2\/users\/1"}],"replies":[{"embeddable":true,"href":"https:\/\/www.archiurbain.be\/index.php?rest_route=%2Fwp%2Fv2%2Fcomments&post=3567"}],"version-history":[{"count":8,"href":"https:\/\/www.archiurbain.be\/index.php?rest_route=\/wp\/v2\/posts\/3567\/revisions"}],"predecessor-version":[{"id":9113,"href":"https:\/\/www.archiurbain.be\/index.php?rest_route=\/wp\/v2\/posts\/3567\/revisions\/9113"}],"wp:attachment":[{"href":"https:\/\/www.archiurbain.be\/index.php?rest_route=%2Fwp%2Fv2%2Fmedia&parent=3567"}],"wp:term":[{"taxonomy":"category","embeddable":true,"href":"https:\/\/www.archiurbain.be\/index.php?rest_route=%2Fwp%2Fv2%2Fcategories&post=3567"},{"taxonomy":"post_tag","embeddable":true,"href":"https:\/\/www.archiurbain.be\/index.php?rest_route=%2Fwp%2Fv2%2Ftags&post=3567"}],"curies":[{"name":"wp","href":"https:\/\/api.w.org\/{rel}","templated":true}]}}