{"id":295,"date":"2012-02-04T18:24:09","date_gmt":"2012-02-04T17:24:09","guid":{"rendered":"http:\/\/www.archiurbain.be\/wpress\/?p=295"},"modified":"2021-01-11T08:20:58","modified_gmt":"2021-01-11T07:20:58","slug":"video-a2m","status":"publish","type":"post","link":"https:\/\/www.archiurbain.be\/?p=295","title":{"rendered":"ARCHI URBAIN (06\/16) : CESE \/ Construction durable"},"content":{"rendered":"\n<figure class=\"wp-block-embed is-type-rich is-provider-prise-en-charge-des-contenus-embarques wp-block-embed-prise-en-charge-des-contenus-embarques wp-embed-aspect-16-9 wp-has-aspect-ratio\"><div class=\"wp-block-embed__wrapper\">\n<div class=\"jetpack-video-wrapper\"><iframe loading=\"lazy\" title=\"ARCHI URBAIN (06\/16) : CESE \/ Construction durable\" width=\"720\" height=\"405\" src=\"https:\/\/www.youtube.com\/embed\/9mHN3la-_-o?feature=oembed\" frameborder=\"0\" allow=\"accelerometer; autoplay; clipboard-write; encrypted-media; gyroscope; picture-in-picture; web-share\" referrerpolicy=\"strict-origin-when-cross-origin\" allowfullscreen><\/iframe><\/div>\n<\/div><\/figure>\n\n\n\n<p>St\u00e9phane Buffetaut, pr\u00e9sident de section au CESE, pr\u00e9sente le nouveau glossaire europ\u00e9en sur la construction durable. Mister Emma en profite pour se rendre chez l\u2019architecte Sebastian Moreno-Vacca afin de lui demander comment il voit l\u2019\u00e9volution du passif depuis leur derni\u00e8re rencontre en 2008.<\/p>\n\n\n\n<p>Pr\u00e9sentation : <a href=\"http:\/\/www.misteremma.com\" target=\"_blank\" rel=\"noopener\">Mister Emma<\/a><br>Montage : <a href=\"http:\/\/www.epiprod.be\" target=\"_blank\" rel=\"noopener\">EpiProd<\/a> &#8211; Emanuel Pinto<br>Production : <a href=\"http:\/\/www.lesdelires.be\" target=\"_blank\" rel=\"noopener\">Les D\u00e9lires Productions<\/a><\/p>\n\n\n\n<p>Lieu de tournage : Comit\u00e9 Economique et social Europ\u00e9en<br>Pays : Belgique &#8211; Bruxelles<br>Langue : FR<\/p>\n\n\n\n<p>Avec : St\u00e9phane Buffetaut (CESE) &#8211; Sebastian Moreno-Vacca (A2M)<\/p>\n\n\n\n<p>Premi\u00e8re diffusion de cette \u00e9mission sur <a href=\"http:\/\/telebruxelles.net\/portail\/\" target=\"_blank\" rel=\"noopener\">T\u00e9l\u00e9-Bruxelles<\/a> : samedi 4 f\u00e9vrier 2012 \u00e0 18h15<\/p>\n\n\n\n<p class=\"has-text-align-center\"><strong>Remerciements<\/strong><\/p>\n\n\n\n<div class=\"wp-block-image\"><figure class=\"aligncenter\"><a href=\"https:\/\/www.archiurbain.be\/?attachment_id=3138\" rel=\"attachment wp-att-3138\"><img loading=\"lazy\" decoding=\"async\" width=\"300\" height=\"93\" src=\"https:\/\/www.archiurbain.be\/wp-content\/uploads\/2013\/02\/logo_fedwallbxl-300x93.jpg\" alt=\"logo_fedwallbxl\" class=\"wp-image-3138\" srcset=\"https:\/\/www.archiurbain.be\/wp-content\/uploads\/2013\/02\/logo_fedwallbxl-300x93.jpg 300w, https:\/\/www.archiurbain.be\/wp-content\/uploads\/2013\/02\/logo_fedwallbxl-175x55.jpg 175w, https:\/\/www.archiurbain.be\/wp-content\/uploads\/2013\/02\/logo_fedwallbxl.jpg 454w\" sizes=\"auto, (max-width: 300px) 100vw, 300px\" \/><\/a><\/figure><\/div>\n","protected":false},"excerpt":{"rendered":"<p>St\u00e9phane Buffetaut, pr\u00e9sident de section au CESE, pr\u00e9sente le nouveau glossaire europ\u00e9en sur la construction durable. Mister Emma en profite pour se rendre chez l\u2019architecte Sebastian Moreno-Vacca afin de lui demander comment il voit l\u2019\u00e9volution du passif depuis leur derni\u00e8re rencontre en 2008. Pr\u00e9sentation : Mister EmmaMontage : EpiProd &#8211; Emanuel PintoProduction : Les D\u00e9lires Productions Lieu de tournage : Comit\u00e9 Economique et social Europ\u00e9enPays &hellip; <a href=\"https:\/\/www.archiurbain.be\/?p=295\" class=\"more-link\">Continuer de lire <span class=\"screen-reader-text\">ARCHI URBAIN (06\/16) : CESE \/ Construction durable<\/span><\/a><\/p>\n","protected":false},"author":1,"featured_media":0,"comment_status":"open","ping_status":"open","sticky":false,"template":"","format":"standard","meta":{"_monsterinsights_skip_tracking":false,"_monsterinsights_sitenote_active":false,"_monsterinsights_sitenote_note":"","_monsterinsights_sitenote_category":0,"_jetpack_memberships_contains_paid_content":false,"footnotes":""},"categories":[8,15,2252,35,3379],"tags":[258,1407,592,571,963,540,594,652,3162,1410,77,1408,2399,767,1409,542,996,663,664,1414,1406,262,638,637,1413,506,647,995,1412,259,1411,11,507,593,3161],"class_list":["post-295","post","type-post","status-publish","format-standard","hentry","category-archiurbain","category-architectures","category-belgique-2","category-bruxelles","category-videos","tag-a2m","tag-annuaire","tag-archi","tag-architecte","tag-architectes","tag-architecture","tag-archiurbain","tag-belgique","tag-bruxelles","tag-buffetaut","tag-cese","tag-comite","tag-comite-economique-et-social-europeen","tag-durable","tag-economique","tag-emma","tag-entretien","tag-europe","tag-europeen","tag-evolution","tag-glossaire","tag-maison-passive","tag-mister","tag-misteremma","tag-moreno-vacca","tag-passif","tag-president","tag-programme","tag-sebastian","tag-sebastien-moreno-vacca","tag-section","tag-tele-bruxelles","tag-television","tag-urbain","tag-urbanisme"],"jetpack_featured_media_url":"","jetpack_sharing_enabled":true,"_links":{"self":[{"href":"https:\/\/www.archiurbain.be\/index.php?rest_route=\/wp\/v2\/posts\/295","targetHints":{"allow":["GET"]}}],"collection":[{"href":"https:\/\/www.archiurbain.be\/index.php?rest_route=\/wp\/v2\/posts"}],"about":[{"href":"https:\/\/www.archiurbain.be\/index.php?rest_route=\/wp\/v2\/types\/post"}],"author":[{"embeddable":true,"href":"https:\/\/www.archiurbain.be\/index.php?rest_route=\/wp\/v2\/users\/1"}],"replies":[{"embeddable":true,"href":"https:\/\/www.archiurbain.be\/index.php?rest_route=%2Fwp%2Fv2%2Fcomments&post=295"}],"version-history":[{"count":12,"href":"https:\/\/www.archiurbain.be\/index.php?rest_route=\/wp\/v2\/posts\/295\/revisions"}],"predecessor-version":[{"id":9296,"href":"https:\/\/www.archiurbain.be\/index.php?rest_route=\/wp\/v2\/posts\/295\/revisions\/9296"}],"wp:attachment":[{"href":"https:\/\/www.archiurbain.be\/index.php?rest_route=%2Fwp%2Fv2%2Fmedia&parent=295"}],"wp:term":[{"taxonomy":"category","embeddable":true,"href":"https:\/\/www.archiurbain.be\/index.php?rest_route=%2Fwp%2Fv2%2Fcategories&post=295"},{"taxonomy":"post_tag","embeddable":true,"href":"https:\/\/www.archiurbain.be\/index.php?rest_route=%2Fwp%2Fv2%2Ftags&post=295"}],"curies":[{"name":"wp","href":"https:\/\/api.w.org\/{rel}","templated":true}]}}