{"id":2089,"date":"2012-05-05T18:30:08","date_gmt":"2012-05-05T16:30:08","guid":{"rendered":"http:\/\/www.archiurbain.be\/?p=2089"},"modified":"2021-01-11T08:42:47","modified_gmt":"2021-01-11T07:42:47","slug":"video-kpf-kohn-perdersen-fox","status":"publish","type":"post","link":"https:\/\/www.archiurbain.be\/?p=2089","title":{"rendered":"ARCHI URBAIN (06\/27) : MIPIM 2012"},"content":{"rendered":"\n<figure class=\"wp-block-embed is-type-rich is-provider-prise-en-charge-des-contenus-embarques wp-block-embed-prise-en-charge-des-contenus-embarques wp-embed-aspect-16-9 wp-has-aspect-ratio\"><div class=\"wp-block-embed__wrapper\">\n<div class=\"jetpack-video-wrapper\"><iframe loading=\"lazy\" title=\"ARCHI URBAIN (06\/27) : MIPIM 2012\" width=\"720\" height=\"405\" src=\"https:\/\/www.youtube.com\/embed\/MYre5zgJfYU?feature=oembed\" frameborder=\"0\" allow=\"accelerometer; autoplay; clipboard-write; encrypted-media; gyroscope; picture-in-picture; web-share\" referrerpolicy=\"strict-origin-when-cross-origin\" allowfullscreen><\/iframe><\/div>\n<\/div><\/figure>\n\n\n\n<p>Mister Emma s&rsquo;est rendu au March\u00e9 des promoteurs immobiliers et des architectes (MIPIM) \u00e0 Cannes et vous pr\u00e9sente une journ\u00e9e type de ce salon: Petit-d\u00e9jeuner sur Bruxelles-Capitale avec l&rsquo;intervention de Mesdames Evelyne Huytebroeck et Brigitte Grouwels, entretien avec le bureau d&rsquo;architecture KPF (Kohn Pedersen Fox Associates), et enfin un entretien avec Jacques Touchefeu, Directeur de l&rsquo;Etablissement Public d&rsquo;Am\u00e9nagement (EPA) Orly-Rungis \/ Seine Amont.<\/p>\n\n\n\n<p>Pr\u00e9sentation : <a href=\"http:\/\/www.misteremma.com\" target=\"_blank\" rel=\"noopener\">Mister Emma<\/a><br>Montage : <a href=\"http:\/\/www.epiprod.be\" target=\"_blank\" rel=\"noopener\">Epiprod<\/a> \u2013 Emanuel Pinto<br>Production : <a href=\"http:\/\/www.lesdelires.be\" target=\"_blank\" rel=\"noopener\">Les D\u00e9lires Productions<\/a><\/p>\n\n\n\n<p>Lieu de tournage : Palais des festivals &#8211; Cannes<br>Pays : France<br>Langue : AN &#8211; FR<\/p>\n\n\n\n<p>Avec : Evelyne Huytebroeck, Brigitte Grouwels (R\u00e9gion Bruxelles-Capitale) &#8211; James von Klemperer, Eug\u00e8ne Kohn (KPF) &#8211; Jacques Touchefeu (EPA Orly-Rungis \/ Seine Amont)<\/p>\n\n\n\n<p>Premi\u00e8re diffusion de cette \u00e9mission sur <a href=\"http:\/\/www.telebruxelles.net\/portail\/\" target=\"_blank\" rel=\"noopener\">T\u00e9l\u00e9-Bruxelles<\/a> : samedi 12 mai 2012 \u00e0 18h15<\/p>\n\n\n\n<p class=\"has-text-align-center\"><strong>Remerciements<\/strong><\/p>\n\n\n\n<figure class=\"wp-block-image\"><a href=\"https:\/\/www.archiurbain.be\/?attachment_id=3138\" rel=\"attachment wp-att-3138\"><img loading=\"lazy\" decoding=\"async\" width=\"300\" height=\"93\" src=\"https:\/\/www.archiurbain.be\/wp-content\/uploads\/2013\/02\/logo_fedwallbxl-300x93.jpg\" alt=\"logo_fedwallbxl\" class=\"wp-image-3138\" srcset=\"https:\/\/www.archiurbain.be\/wp-content\/uploads\/2013\/02\/logo_fedwallbxl-300x93.jpg 300w, https:\/\/www.archiurbain.be\/wp-content\/uploads\/2013\/02\/logo_fedwallbxl-175x55.jpg 175w, https:\/\/www.archiurbain.be\/wp-content\/uploads\/2013\/02\/logo_fedwallbxl.jpg 454w\" sizes=\"auto, (max-width: 300px) 100vw, 300px\" \/><\/a><\/figure>\n\n\n\n<figure class=\"wp-block-image\"><a href=\"https:\/\/www.archiurbain.be\/?attachment_id=3140\" rel=\"attachment wp-att-3140\"><img decoding=\"async\" src=\"https:\/\/www.archiurbain.be\/wp-content\/uploads\/2013\/02\/logo_agrealestate-300x93.jpg\" alt=\"logo_agrealestate\" class=\"wp-image-3140\"\/><\/a><\/figure>\n","protected":false},"excerpt":{"rendered":"<p>Mister Emma s&rsquo;est rendu au March\u00e9 des promoteurs immobiliers et des architectes (MIPIM) \u00e0 Cannes et vous pr\u00e9sente une journ\u00e9e type de ce salon: Petit-d\u00e9jeuner sur Bruxelles-Capitale avec l&rsquo;intervention de Mesdames Evelyne Huytebroeck et Brigitte Grouwels, entretien avec le bureau d&rsquo;architecture KPF (Kohn Pedersen Fox Associates), et enfin un entretien avec Jacques Touchefeu, Directeur de l&rsquo;Etablissement Public d&rsquo;Am\u00e9nagement (EPA) Orly-Rungis \/ Seine Amont. Pr\u00e9sentation : &hellip; <a href=\"https:\/\/www.archiurbain.be\/?p=2089\" class=\"more-link\">Continuer de lire <span class=\"screen-reader-text\">ARCHI URBAIN (06\/27) : MIPIM 2012<\/span><\/a><\/p>\n","protected":false},"author":1,"featured_media":0,"comment_status":"open","ping_status":"open","sticky":false,"template":"","format":"standard","meta":{"_monsterinsights_skip_tracking":false,"_monsterinsights_sitenote_active":false,"_monsterinsights_sitenote_note":"","_monsterinsights_sitenote_category":0,"_jetpack_memberships_contains_paid_content":false,"footnotes":""},"categories":[8,15,2253,383,3379],"tags":[592,539,571,540,594,1605,3162,491,2286,1608,1138,1650,3167,1606,1439,1651,1648,1647,646,384,541,637,1649,1655,1653,1654,1607,11,1652,593,3161],"class_list":["post-2089","post","type-post","status-publish","format-standard","hentry","category-archiurbain","category-architectures","category-autres-departements","category-france","category-videos","tag-archi","tag-archi-urbain","tag-architecte","tag-architecture","tag-archiurbain","tag-brigitte","tag-bruxelles","tag-cannes","tag-emission","tag-etat","tag-evelyne","tag-fox","tag-france","tag-grouwels","tag-huytebroeck","tag-jacques","tag-kohn","tag-kpf","tag-ministre","tag-mipim","tag-mister-emma","tag-misteremma","tag-pedersen","tag-petit-dejeuner","tag-roly","tag-rungis","tag-secretaire","tag-tele-bruxelles","tag-touchefeu","tag-urbain","tag-urbanisme"],"jetpack_featured_media_url":"","jetpack_sharing_enabled":true,"_links":{"self":[{"href":"https:\/\/www.archiurbain.be\/index.php?rest_route=\/wp\/v2\/posts\/2089","targetHints":{"allow":["GET"]}}],"collection":[{"href":"https:\/\/www.archiurbain.be\/index.php?rest_route=\/wp\/v2\/posts"}],"about":[{"href":"https:\/\/www.archiurbain.be\/index.php?rest_route=\/wp\/v2\/types\/post"}],"author":[{"embeddable":true,"href":"https:\/\/www.archiurbain.be\/index.php?rest_route=\/wp\/v2\/users\/1"}],"replies":[{"embeddable":true,"href":"https:\/\/www.archiurbain.be\/index.php?rest_route=%2Fwp%2Fv2%2Fcomments&post=2089"}],"version-history":[{"count":11,"href":"https:\/\/www.archiurbain.be\/index.php?rest_route=\/wp\/v2\/posts\/2089\/revisions"}],"predecessor-version":[{"id":9325,"href":"https:\/\/www.archiurbain.be\/index.php?rest_route=\/wp\/v2\/posts\/2089\/revisions\/9325"}],"wp:attachment":[{"href":"https:\/\/www.archiurbain.be\/index.php?rest_route=%2Fwp%2Fv2%2Fmedia&parent=2089"}],"wp:term":[{"taxonomy":"category","embeddable":true,"href":"https:\/\/www.archiurbain.be\/index.php?rest_route=%2Fwp%2Fv2%2Fcategories&post=2089"},{"taxonomy":"post_tag","embeddable":true,"href":"https:\/\/www.archiurbain.be\/index.php?rest_route=%2Fwp%2Fv2%2Ftags&post=2089"}],"curies":[{"name":"wp","href":"https:\/\/api.w.org\/{rel}","templated":true}]}}