{"id":15609,"date":"2026-09-05T22:14:02","date_gmt":"2026-09-05T20:14:02","guid":{"rendered":"https:\/\/www.archiurbain.be\/?p=15609"},"modified":"2026-09-05T22:14:04","modified_gmt":"2026-09-05T20:14:04","slug":"tlt-citydev-brussels-cree-son-propre-incubateur-dinnovation","status":"publish","type":"post","link":"https:\/\/www.archiurbain.be\/?p=15609","title":{"rendered":"T\u00a1lt! : citydev.brussels cr\u00e9e son propre incubateur d\u2019innovation"},"content":{"rendered":"\n<p class=\"wp-block-paragraph\">Comment faire \u00e9merger de nouvelles id\u00e9es au sein d\u2019une institution publique et, surtout, comment leur permettre de devenir des projets concrets ? C\u2019est la question que s\u2019est pos\u00e9e citydev.brussels en lan\u00e7ant&nbsp;<strong>T\u00a1lt!<\/strong>, son nouvel incubateur d\u2019innovation interne.<\/p>\n\n\n\n<p class=\"wp-block-paragraph\">Cr\u00e9\u00e9 il y a pr\u00e8s d\u2019un an \u00e0 l\u2019initiative de la direction, T\u00a1lt! r\u00e9unit douze collaborateurs et collaboratrices de citydev.brussels, issus de diff\u00e9rents services, aussi bien op\u00e9rationnels que transversaux. Tous participent volontairement \u00e0 cette d\u00e9marche qui cherche \u00e0 d\u00e9cloisonner les m\u00e9tiers et \u00e0 faire circuler les id\u00e9es au sein de l\u2019institution.<\/p>\n\n\n\n<p class=\"wp-block-paragraph\">L\u2019objectif n\u2019est donc pas d\u2019incuber des start-ups ext\u00e9rieures, comme le terme pourrait le laisser penser, mais bien&nbsp;<strong>d\u2019incuber les id\u00e9es produites au sein m\u00eame de citydev.brussels<\/strong>&nbsp;: les identifier, les confronter, les d\u00e9velopper et accompagner les \u00e9quipes pour transformer les plus pertinentes en solutions concr\u00e8tes.<\/p>\n\n\n\n<p class=\"wp-block-paragraph\">En moins d\u2019un an, T\u00a1lt! a ainsi organis\u00e9 douze s\u00e9ances de brainstorming \u00e0 diff\u00e9rents niveaux de l\u2019institution. Plus de&nbsp;<strong>200 id\u00e9es<\/strong>&nbsp;ont \u00e9t\u00e9 r\u00e9colt\u00e9es aupr\u00e8s du personnel. Elles touchent aussi bien \u00e0 la conception et \u00e0 la construction qu\u2019\u00e0 l\u2019innovation technologique et sociale, \u00e0 la planification urbaine ou encore \u00e0 l\u2019\u00e9volution des services publics.<\/p>\n\n\n\n<h3 class=\"wp-block-heading\">Une institution qui revendique une tradition d\u2019exp\u00e9rimentation<\/h3>\n\n\n\n<p class=\"wp-block-paragraph\">Pour citydev.brussels, T\u00a1lt! s\u2019inscrit dans une histoire plus longue. Depuis sa cr\u00e9ation en 1974, l&rsquo;institution a r\u00e9guli\u00e8rement exp\u00e9riment\u00e9 de nouveaux mod\u00e8les dans ses trois grands domaines d&rsquo;activit\u00e9 : le d\u00e9veloppement \u00e9conomique, le logement conventionn\u00e9 et les projets urbains mixtes.<\/p>\n\n\n\n<p class=\"wp-block-paragraph\">Citydev rappelle notamment son recours pr\u00e9coce \u00e0 l\u2019emphyt\u00e9ose, sa d\u00e9cision prise d\u00e8s 2007 de privil\u00e9gier les logements passifs ou basse \u00e9nergie, ou encore la r\u00e9alisation de Midi-Su\u00e8de, premier ensemble de logements passifs bruxellois avant la g\u00e9n\u00e9ralisation de ce standard en R\u00e9gion bruxelloise.<\/p>\n\n\n\n<p class=\"wp-block-paragraph\">Cette recherche de nouveaux mod\u00e8les s\u2019est poursuivie avec&nbsp;<strong>CityLine<\/strong>, qui associait d\u00e8s 2013 logements et ateliers productifs, puis avec&nbsp;<strong>NovaCity<\/strong>, o\u00f9 cette mixit\u00e9 fonctionnelle s\u2019organise verticalement. Elle s\u2019est \u00e9galement traduite par le d\u00e9veloppement d\u2019occupations temporaires, de fablabs publics ou encore par les exp\u00e9rimentations men\u00e9es autour de l\u2019\u00e9conomie circulaire.<\/p>\n\n\n\n<p class=\"wp-block-paragraph\">Avec T\u00a1lt!, citydev.brussels entend d\u00e9sormais donner un cadre permanent \u00e0 cette culture de l\u2019exp\u00e9rimentation.<\/p>\n\n\n\n<h3 class=\"wp-block-heading\">Quatre jours pour mettre les id\u00e9es \u00e0 l\u2019\u00e9preuve<\/h3>\n\n\n\n<p class=\"wp-block-paragraph\">La premi\u00e8re manifestation visible de l\u2019incubateur prendra la forme d\u2019une&nbsp;<strong>Semaine de l\u2019innovation<\/strong>, organis\u00e9e du 14 au 17 septembre 2026. Durant quatre jours, les collaborateurs de citydev.brussels participeront \u00e0 des visites, des ateliers et des rencontres avec des acteurs ext\u00e9rieurs afin de confronter leurs id\u00e9es \u00e0 d\u2019autres exp\u00e9riences.<\/p>\n\n\n\n<p class=\"wp-block-paragraph\">Innoviris, le laboratoire d\u2019innovation publique f\u00e9d\u00e9ral Nidolab, l\u2019incubateur EEBIC ou encore le Master en Innovation sociale de l\u2019ESA Saint-Luc participeront notamment \u00e0 cette premi\u00e8re \u00e9dition.<\/p>\n\n\n\n<p class=\"wp-block-paragraph\">Deux sujets touchant directement aux enjeux actuels de la ville et de l\u2019architecture seront \u00e9galement mis en d\u00e9bat.<\/p>\n\n\n\n<p class=\"wp-block-paragraph\">Le premier concerne le&nbsp;<strong>logement abordable<\/strong>&nbsp;: comment continuer \u00e0 inventer de nouvelles solutions alors que les moyens budg\u00e9taires sont de plus en plus contraints ? La discussion croisera notamment les exp\u00e9riences bruxelloises et europ\u00e9ennes, avec des repr\u00e9sentants du BMA, C\u00e9cile Hagmann, directrice g\u00e9n\u00e9rale de la Coop Fonci\u00e8re \u00cele-de-France, et Nathalie Renneboog, directrice g\u00e9n\u00e9rale de la r\u00e9novation urbaine chez citydev.brussels.<\/p>\n\n\n\n<p class=\"wp-block-paragraph\">Le second d\u00e9bat s\u2019int\u00e9ressera \u00e0 la&nbsp;<strong>Low Tech dans le b\u00e2timent<\/strong>. Organis\u00e9e avec Ecobuild dans les locaux de Greenbizz, la rencontre r\u00e9unira notamment Cl\u00e9ment Gaillard, sp\u00e9cialiste fran\u00e7ais de la low tech et de la conception bioclimatique, Corentin Voglaire de MK Engineering, Andrew Janssens de FTI et Odile Vandermeeren d\u2019Archisanat, repr\u00e9sentante belge du mouvement Frugalit\u00e9 heureuse et cr\u00e9ative.<\/p>\n\n\n\n<p class=\"wp-block-paragraph\">\u00c0 travers T\u00a1lt!, citydev.brussels veut donc cr\u00e9er un espace o\u00f9 ses collaborateurs peuvent prendre du recul par rapport \u00e0 leurs pratiques quotidiennes, confronter leurs exp\u00e9riences et tester de nouvelles mani\u00e8res de faire la ville.<\/p>\n\n\n\n<p class=\"wp-block-paragraph\">Reste d\u00e9sormais l\u2019\u00e9tape la plus int\u00e9ressante : voir, parmi les quelque 200 id\u00e9es d\u00e9j\u00e0 r\u00e9colt\u00e9es,&nbsp;<strong>lesquelles parviendront \u00e0 quitter l\u2019incubateur pour se traduire concr\u00e8tement dans les futurs projets bruxellois.<\/strong><\/p>\n","protected":false},"excerpt":{"rendered":"<p>Comment faire \u00e9merger de nouvelles id\u00e9es au sein d\u2019une institution publique et, surtout, comment leur permettre de devenir des projets concrets ? C\u2019est la question que s\u2019est pos\u00e9e citydev.brussels en lan\u00e7ant&nbsp;T\u00a1lt!, son nouvel incubateur d\u2019innovation interne. Cr\u00e9\u00e9 il y a pr\u00e8s d\u2019un an \u00e0 l\u2019initiative de la direction, T\u00a1lt! r\u00e9unit douze collaborateurs et collaboratrices de citydev.brussels, issus de diff\u00e9rents services, aussi bien op\u00e9rationnels que transversaux. &hellip; <a href=\"https:\/\/www.archiurbain.be\/?p=15609\" class=\"more-link\">Continuer de lire <span class=\"screen-reader-text\">T\u00a1lt! : citydev.brussels cr\u00e9e son propre incubateur d\u2019innovation<\/span><\/a><\/p>\n","protected":false},"author":1,"featured_media":0,"comment_status":"open","ping_status":"open","sticky":false,"template":"","format":"standard","meta":{"_monsterinsights_skip_tracking":false,"_jetpack_newsletter_access":"","_jetpack_dont_email_post_to_subs":false,"_jetpack_newsletter_tier_id":0,"_jetpack_memberships_contains_paywalled_content":false,"_jetpack_feature_clip_id":0,"_jetpack_memberships_contains_paid_content":false,"footnotes":"","jetpack_post_was_ever_published":false},"categories":[15,2252,35,23],"tags":[6319,2653,2784,718,6318],"class_list":["post-15609","post","type-post","status-publish","format-standard","hentry","category-architectures","category-belgique-2","category-bruxelles","category-entreprises","tag-brainstorming","tag-citydev-brussels","tag-incubateur","tag-innovation","tag-tlt"],"jetpack_sharing_enabled":true,"jetpack_featured_media_url":"","_links":{"self":[{"href":"https:\/\/www.archiurbain.be\/index.php?rest_route=\/wp\/v2\/posts\/15609","targetHints":{"allow":["GET"]}}],"collection":[{"href":"https:\/\/www.archiurbain.be\/index.php?rest_route=\/wp\/v2\/posts"}],"about":[{"href":"https:\/\/www.archiurbain.be\/index.php?rest_route=\/wp\/v2\/types\/post"}],"author":[{"embeddable":true,"href":"https:\/\/www.archiurbain.be\/index.php?rest_route=\/wp\/v2\/users\/1"}],"replies":[{"embeddable":true,"href":"https:\/\/www.archiurbain.be\/index.php?rest_route=%2Fwp%2Fv2%2Fcomments&post=15609"}],"version-history":[{"count":1,"href":"https:\/\/www.archiurbain.be\/index.php?rest_route=\/wp\/v2\/posts\/15609\/revisions"}],"predecessor-version":[{"id":15610,"href":"https:\/\/www.archiurbain.be\/index.php?rest_route=\/wp\/v2\/posts\/15609\/revisions\/15610"}],"wp:attachment":[{"href":"https:\/\/www.archiurbain.be\/index.php?rest_route=%2Fwp%2Fv2%2Fmedia&parent=15609"}],"wp:term":[{"taxonomy":"category","embeddable":true,"href":"https:\/\/www.archiurbain.be\/index.php?rest_route=%2Fwp%2Fv2%2Fcategories&post=15609"},{"taxonomy":"post_tag","embeddable":true,"href":"https:\/\/www.archiurbain.be\/index.php?rest_route=%2Fwp%2Fv2%2Ftags&post=15609"}],"curies":[{"name":"wp","href":"https:\/\/api.w.org\/{rel}","templated":true}]}}