{"id":15537,"date":"2026-09-04T09:27:21","date_gmt":"2026-09-04T07:27:21","guid":{"rendered":"https:\/\/www.archiurbain.be\/?p=15537"},"modified":"2026-09-04T09:27:22","modified_gmt":"2026-09-04T07:27:22","slug":"habiter-la-lumiere-30-episodes-pour-mieux-comprendre-la-lumiere-naturelle-dans-nos-batiments","status":"publish","type":"post","link":"https:\/\/www.archiurbain.be\/?p=15537","title":{"rendered":"HABITER LA LUMI\u00c8RE : 30 \u00e9pisodes pour mieux comprendre la lumi\u00e8re naturelle dans nos b\u00e2timents"},"content":{"rendered":"\n<p class=\"wp-block-paragraph\">La lumi\u00e8re naturelle est l\u2019un des mat\u00e9riaux les plus essentiels de l\u2019architecture. Elle transforme les espaces, influence notre perception des volumes, participe \u00e0 notre confort et joue un r\u00f4le majeur dans la qualit\u00e9 de nos lieux de vie.<\/p>\n\n\n\n<p class=\"wp-block-paragraph\">Mais faire entrer la lumi\u00e8re dans un b\u00e2timent ne consiste pas simplement \u00e0 multiplier les fen\u00eatres.<\/p>\n\n\n\n<p class=\"wp-block-paragraph\">O\u00f9 placer une ouverture ? Quelle dimension lui donner ? Comment orienter une pi\u00e8ce ? Comment faire entrer davantage de lumi\u00e8re sans provoquer de surchauffe ? Quelle diff\u00e9rence entre une fen\u00eatre verticale et une fen\u00eatre de toit ? Comment \u00e9clairer les espaces situ\u00e9s au c\u0153ur d\u2019un b\u00e2timent ? Et comment int\u00e9grer toutes ces questions d\u00e8s la conception d\u2019un projet ou lors d\u2019une r\u00e9novation ?<\/p>\n\n\n\n<p class=\"wp-block-paragraph\">C\u2019est \u00e0 toutes ces interrogations que r\u00e9pond&nbsp;<strong>Habiter la Lumi\u00e8re<\/strong>, une nouvelle collection de&nbsp;<strong>30 \u00e9pisodes<\/strong>&nbsp;consacr\u00e9e \u00e0 la lumi\u00e8re naturelle dans l\u2019architecture.<\/p>\n\n\n\n<p class=\"wp-block-paragraph\">Anim\u00e9e par&nbsp;<strong>Jo\u00ebl Sels<\/strong>, sp\u00e9cialiste de la lumi\u00e8re naturelle, la s\u00e9rie propose de d\u00e9crypter de mani\u00e8re accessible les grands principes qui permettent de mieux concevoir nos espaces de vie.<\/p>\n\n\n\n<p class=\"wp-block-paragraph\">Au fil des \u00e9pisodes, il sera question d\u2019orientation, de positionnement et de dimensionnement des ouvertures, de profondeur des pi\u00e8ces, de vues vers l\u2019ext\u00e9rieur, de confort visuel, d\u2019apports solaires, de protection contre la surchauffe ou encore de la mani\u00e8re dont la lumi\u00e8re \u00e9volue au fil des heures et des saisons.<\/p>\n\n\n\n<p class=\"wp-block-paragraph\">La s\u00e9rie s\u2019int\u00e9ressera aussi bien \u00e0 la construction neuve qu\u2019\u00e0 la r\u00e9novation, avec une ambition simple : donner \u00e0 chacun des cl\u00e9s pour comprendre qu\u2019une fen\u00eatre n\u2019est jamais uniquement une ouverture dans un mur. Sa position, sa forme, son orientation et son environnement peuvent profond\u00e9ment modifier la qualit\u00e9 d\u2019un espace.<\/p>\n\n\n\n<p class=\"wp-block-paragraph\"><strong>Habiter la Lumi\u00e8re<\/strong>&nbsp;sera diffus\u00e9e tout au long de la saison&nbsp;<strong>2026-2027 d\u2019Archi Urbain<\/strong>, au sein de l\u2019\u00e9mission.<\/p>\n\n\n\n<p class=\"wp-block-paragraph\">Les internautes pourront \u00e9galement retrouver\u00a0<strong>l\u2019int\u00e9gralit\u00e9 des \u00e9pisodes<\/strong>\u00a0dans l\u2019onglet\u00a0<strong>Habiter la Lumi\u00e8re<\/strong>\u00a0sur le site\u00a0<a href=\"https:\/\/www.archiurbain.be\/\"><strong>www.archiurbain.be<\/strong><\/a>, ainsi que sur la\u00a0<strong>cha\u00eene <a href=\"https:\/\/www.youtube.com\/@archiurbainbxl\" target=\"_blank\" rel=\"noopener\">YouTube<\/a> d\u2019Archi Urbain<\/strong>.<\/p>\n\n\n\n<p class=\"wp-block-paragraph\">Trente \u00e9pisodes pour observer autrement nos fen\u00eatres, nos pi\u00e8ces et nos b\u00e2timents, et surtout pour apprendre \u00e0 faire de la lumi\u00e8re naturelle une v\u00e9ritable composante du projet architectural.<\/p>\n\n\n\n<p class=\"wp-block-paragraph\"><strong>Une collection imagin\u00e9e par la DAYLIGHT ACADEMY, une initiative de VELUX Belgique.<\/strong><\/p>\n\n\n\n<p class=\"wp-block-paragraph\">Produit par&nbsp;<strong>LES D\u00c9LIRES PRODUCTIONS<\/strong><br>pour le&nbsp;<strong>LABONORD, une initiative d\u2019ARCHI URBAIN<\/strong>.<\/p>\n\n\n\n<p class=\"wp-block-paragraph\"><strong>Journaliste : MISTER EMMA<\/strong><\/p>\n","protected":false},"excerpt":{"rendered":"<p>La lumi\u00e8re naturelle est l\u2019un des mat\u00e9riaux les plus essentiels de l\u2019architecture. Elle transforme les espaces, influence notre perception des volumes, participe \u00e0 notre confort et joue un r\u00f4le majeur dans la qualit\u00e9 de nos lieux de vie. Mais faire entrer la lumi\u00e8re dans un b\u00e2timent ne consiste pas simplement \u00e0 multiplier les fen\u00eatres. O\u00f9 placer une ouverture ? Quelle dimension lui donner ? Comment &hellip; <a href=\"https:\/\/www.archiurbain.be\/?p=15537\" class=\"more-link\">Continuer de lire <span class=\"screen-reader-text\">HABITER LA LUMI\u00c8RE : 30 \u00e9pisodes pour mieux comprendre la lumi\u00e8re naturelle dans nos b\u00e2timents<\/span><\/a><\/p>\n","protected":false},"author":1,"featured_media":0,"comment_status":"open","ping_status":"open","sticky":false,"template":"","format":"standard","meta":{"_monsterinsights_skip_tracking":false,"_jetpack_newsletter_access":"","_jetpack_dont_email_post_to_subs":false,"_jetpack_newsletter_tier_id":0,"_jetpack_memberships_contains_paywalled_content":false,"_jetpack_feature_clip_id":0,"_jetpack_memberships_contains_paid_content":false,"footnotes":"","jetpack_post_was_ever_published":false},"categories":[15,23,5435],"tags":[539,3224,591,6278,5396,6317,541,4761,5524],"class_list":["post-15537","post","type-post","status-publish","format-standard","hentry","category-architectures","category-entreprises","category-labonord","tag-archi-urbain","tag-bx1","tag-habitat","tag-habiter-la-lumiere","tag-labonord","tag-lumiere-naturelle","tag-mister-emma","tag-serie","tag-velux"],"jetpack_sharing_enabled":true,"jetpack_featured_media_url":"","_links":{"self":[{"href":"https:\/\/www.archiurbain.be\/index.php?rest_route=\/wp\/v2\/posts\/15537","targetHints":{"allow":["GET"]}}],"collection":[{"href":"https:\/\/www.archiurbain.be\/index.php?rest_route=\/wp\/v2\/posts"}],"about":[{"href":"https:\/\/www.archiurbain.be\/index.php?rest_route=\/wp\/v2\/types\/post"}],"author":[{"embeddable":true,"href":"https:\/\/www.archiurbain.be\/index.php?rest_route=\/wp\/v2\/users\/1"}],"replies":[{"embeddable":true,"href":"https:\/\/www.archiurbain.be\/index.php?rest_route=%2Fwp%2Fv2%2Fcomments&post=15537"}],"version-history":[{"count":1,"href":"https:\/\/www.archiurbain.be\/index.php?rest_route=\/wp\/v2\/posts\/15537\/revisions"}],"predecessor-version":[{"id":15538,"href":"https:\/\/www.archiurbain.be\/index.php?rest_route=\/wp\/v2\/posts\/15537\/revisions\/15538"}],"wp:attachment":[{"href":"https:\/\/www.archiurbain.be\/index.php?rest_route=%2Fwp%2Fv2%2Fmedia&parent=15537"}],"wp:term":[{"taxonomy":"category","embeddable":true,"href":"https:\/\/www.archiurbain.be\/index.php?rest_route=%2Fwp%2Fv2%2Fcategories&post=15537"},{"taxonomy":"post_tag","embeddable":true,"href":"https:\/\/www.archiurbain.be\/index.php?rest_route=%2Fwp%2Fv2%2Ftags&post=15537"}],"curies":[{"name":"wp","href":"https:\/\/api.w.org\/{rel}","templated":true}]}}