{"id":15535,"date":"2026-09-03T22:58:38","date_gmt":"2026-09-03T20:58:38","guid":{"rendered":"https:\/\/www.archiurbain.be\/?p=15535"},"modified":"2026-09-04T09:45:26","modified_gmt":"2026-09-04T07:45:26","slug":"batimat-2026-deux-journees-pour-penser-le-batiment-a-lechelle-du-monde","status":"publish","type":"post","link":"https:\/\/www.archiurbain.be\/?p=15535","title":{"rendered":"BATIMAT 2026 : deux journ\u00e9es pour penser le b\u00e2timent \u00e0 l\u2019\u00e9chelle du monde"},"content":{"rendered":"\n<p class=\"wp-block-paragraph\">Du&nbsp;<strong>28 septembre au 1er octobre 2026<\/strong>, BATIMAT retrouvera Paris Expo Porte de Versailles. Pendant quatre jours, le salon r\u00e9unira les professionnels de la construction, de l\u2019architecture et de l\u2019urbanisme autour d\u2019une \u00e9dition plac\u00e9e sous le signe du&nbsp;<strong>\u00ab b\u00e2timent en mouvement \u00bb<\/strong>. Nouveaux usages, nouvelles contraintes, \u00e9volution des m\u00e9tiers, r\u00e9novation du b\u00e2ti existant, \u00e9conomie circulaire, architecture engag\u00e9e ou nouvelles mani\u00e8res d\u2019habiter : le programme entend mettre en d\u00e9bat les profondes transformations que traverse aujourd\u2019hui le secteur.<\/p>\n\n\n\n<p class=\"wp-block-paragraph\">Mais cette ann\u00e9e, BATIMAT entend \u00e9galement regarder au-del\u00e0 des fronti\u00e8res fran\u00e7aises.<\/p>\n\n\n\n<p class=\"wp-block-paragraph\">Les&nbsp;<strong>mardi 29 septembre et jeudi 1er octobre<\/strong>, deux journ\u00e9es de conf\u00e9rences seront plus particuli\u00e8rement consacr\u00e9es aux&nbsp;<strong>enjeux internationaux<\/strong>. Des architectes, experts et professionnels venus de diff\u00e9rents pays confronteront leurs exp\u00e9riences et leurs mani\u00e8res de r\u00e9pondre \u00e0 des probl\u00e9matiques qui, si elles sont d\u00e9sormais mondiales, ne trouvent pas n\u00e9cessairement les m\u00eames r\u00e9ponses \u00e0 Bruxelles, Paris, Milan, Casablanca ou ailleurs.<\/p>\n\n\n\n<p class=\"wp-block-paragraph\">Car face au changement climatique, \u00e0 la rar\u00e9faction des ressources, \u00e0 la n\u00e9cessit\u00e9 de r\u00e9nover massivement le parc immobilier existant ou encore \u00e0 l\u2019\u00e9volution de nos modes d\u2019habiter, il n\u2019existe probablement pas une seule voie \u00e0 suivre. L\u2019int\u00e9r\u00eat de ces rencontres sera pr\u00e9cis\u00e9ment de croiser les approches et de comprendre ce que les diff\u00e9rentes cultures constructives peuvent apprendre les unes des autres.<\/p>\n\n\n\n<h2 class=\"wp-block-heading\">L\u2019architecture peut-elle changer le monde ?<\/h2>\n\n\n\n<p class=\"wp-block-paragraph\">La question est volontairement ambitieuse :&nbsp;<strong>\u00ab L\u2019architecture peut-elle changer le monde ? \u00bb<\/strong><\/p>\n\n\n\n<p class=\"wp-block-paragraph\">Mais elle pose surtout une question plus profonde : quelle responsabilit\u00e9 l\u2019architecte peut-il encore assumer face aux grands bouleversements contemporains ?<\/p>\n\n\n\n<p class=\"wp-block-paragraph\">Le b\u00e2timent ne peut plus \u00eatre pens\u00e9 uniquement comme un objet. Il est question de ressources, de climat, de confort, d\u2019\u00e9nergie, de sant\u00e9, de territoire et de modes de vie. Concevoir aujourd\u2019hui, c\u2019est aussi anticiper la mani\u00e8re dont un b\u00e2timent pourra r\u00e9sister, \u00e9voluer et continuer \u00e0 \u00eatre habit\u00e9 dans plusieurs d\u00e9cennies.<\/p>\n\n\n\n<p class=\"wp-block-paragraph\">Cette conf\u00e9rence r\u00e9unira plusieurs regards internationaux. Parmi les intervenants annonc\u00e9s figure notamment l\u2019architecte marocain <strong>Jaafar Sijelmassi<\/strong>, qui abordera ces enjeux depuis le Maroc et le continent africain, en mettant notamment en perspective construction en terre crue, conception bioclimatique, outils num\u00e9riques et intelligence artificielle.<\/p>\n\n\n\n<p class=\"wp-block-paragraph\">Une mani\u00e8re de rappeler que l\u2019innovation ne passe pas n\u00e9cessairement par toujours plus de technologie : elle peut aussi surgir de la rencontre entre des savoir-faire anciens, une connaissance fine du climat et de nouveaux outils de conception.<\/p>\n\n\n\n<h2 class=\"wp-block-heading\">Construire et r\u00e9nover en Europe : m\u00eames objectifs, diff\u00e9rentes trajectoires<\/h2>\n\n\n\n<p class=\"wp-block-paragraph\">Autre rendez-vous particuli\u00e8rement int\u00e9ressant :&nbsp;<strong>\u00ab Construction et r\u00e9novation des b\u00e2timents en Europe : regards crois\u00e9s et trajectoires communes \u00bb<\/strong>.<\/p>\n\n\n\n<p class=\"wp-block-paragraph\">La question de la r\u00e9novation est devenue centrale \u00e0 l\u2019\u00e9chelle europ\u00e9enne. Les objectifs de d\u00e9carbonation imposent de transformer en profondeur un parc immobilier dont une tr\u00e8s large part sera encore pr\u00e9sente en 2050. La directive europ\u00e9enne sur la performance \u00e9nerg\u00e9tique des b\u00e2timents pousse d\u2019ailleurs les \u00c9tats membres \u00e0 organiser cette transformation et \u00e0 mettre en place des trajectoires de r\u00e9novation en profondeur.<\/p>\n\n\n\n<p class=\"wp-block-paragraph\">Mais les situations de d\u00e9part sont tr\u00e8s diff\u00e9rentes.<\/p>\n\n\n\n<p class=\"wp-block-paragraph\">Typologies architecturales, r\u00e9glementations, climat, disponibilit\u00e9 des mat\u00e9riaux, organisation des fili\u00e8res, co\u00fbt de la main-d\u2019\u0153uvre ou aides publiques : chaque pays d\u00e9veloppe ses propres outils et ses propres r\u00e9ponses.<\/p>\n\n\n\n<p class=\"wp-block-paragraph\">Croiser ces exp\u00e9riences permet donc de d\u00e9passer la simple comparaison r\u00e9glementaire. Il s\u2019agit surtout de comprendre&nbsp;<strong>ce qui fonctionne ailleurs, ce qui peut \u00eatre transpos\u00e9 et ce qui doit au contraire rester profond\u00e9ment li\u00e9 \u00e0 un territoire<\/strong>.<\/p>\n\n\n\n<p class=\"wp-block-paragraph\">\u00c0 l\u2019heure o\u00f9 toute l\u2019Europe doit acc\u00e9l\u00e9rer la r\u00e9novation de son patrimoine b\u00e2ti, ces \u00e9changes deviennent essentiels.<\/p>\n\n\n\n<h2 class=\"wp-block-heading\">\u00ab Il Giardino delle Gemme \u00bb : reconstruire la ville sans consommer davantage de sol<\/h2>\n\n\n\n<p class=\"wp-block-paragraph\">Les journ\u00e9es internationales permettront \u00e9galement de d\u00e9couvrir des projets tr\u00e8s concrets, \u00e0 l\u2019image de&nbsp;<strong>\u00ab Il Giardino delle Gemme : un mod\u00e8le durable de r\u00e9g\u00e9n\u00e9ration urbaine \u00bb<\/strong>.<\/p>\n\n\n\n<p class=\"wp-block-paragraph\">R\u00e9alis\u00e9 \u00e0&nbsp;<strong>Fidenza, en Italie<\/strong>, le projet prend place sur une ancienne zone occup\u00e9e par des b\u00e2timents devenus inutilis\u00e9s. Plut\u00f4t que d\u2019\u00e9tendre la ville, l\u2019op\u00e9ration r\u00e9investit ce morceau de territoire d\u00e9j\u00e0 urbanis\u00e9 pour y cr\u00e9er trois immeubles r\u00e9sidentiels organis\u00e9s autour d\u2019une place-jardin. Le v\u00e9g\u00e9tal y est pens\u00e9 comme une v\u00e9ritable composante du projet architectural et du cadre de vie.<\/p>\n\n\n\n<p class=\"wp-block-paragraph\">Le projet associe ainsi&nbsp;<strong>r\u00e9g\u00e9n\u00e9ration urbaine, absence de consommation suppl\u00e9mentaire de sol, hautes performances \u00e9nerg\u00e9tiques et qualit\u00e9 d\u2019usage<\/strong>. Il a notamment \u00e9t\u00e9 d\u00e9velopp\u00e9 selon les standards Passive House et Active House et est pr\u00e9sent\u00e9 comme le premier complexe r\u00e9sidentiel certifi\u00e9 Active House PRO.<\/p>\n\n\n\n<p class=\"wp-block-paragraph\">Au-del\u00e0 de la performance technique, l\u2019exemple italien pose une question qui concerne aujourd\u2019hui toutes les villes europ\u00e9ennes : <strong>comment continuer \u00e0 construire sans continuer \u00e0 \u00e9tendre la ville ?<\/strong><\/p>\n\n\n\n<p class=\"wp-block-paragraph\">R\u00e9habiliter, transformer, densifier intelligemment ou reconstruire sur des terrains d\u00e9j\u00e0 artificialis\u00e9s deviennent ainsi autant de strat\u00e9gies possibles pour fabriquer la ville de demain.<\/p>\n\n\n\n<h2 class=\"wp-block-heading\">Archi Urbain sera \u00e9galement \u00e0 BATIMAT<\/h2>\n\n\n\n<p class=\"wp-block-paragraph\"><strong>Mister Emma sera lui aussi pr\u00e9sent \u00e0 BATIMAT le mardi 29 septembre 2026<\/strong>, o\u00f9 il aura le plaisir&nbsp;<strong>d\u2019animer deux conf\u00e9rences<\/strong>.<\/p>\n\n\n\n<p class=\"wp-block-paragraph\">Une nouvelle occasion pour Archi Urbain de poursuivre les r\u00e9flexions men\u00e9es depuis plusieurs ann\u00e9es autour de la r\u00e9novation, de la transformation de nos villes, des nouveaux mod\u00e8les constructifs et des r\u00e9ponses que le secteur du b\u00e2timent doit apporter aux enjeux environnementaux et sociaux.<\/p>\n\n\n\n<p class=\"wp-block-paragraph\">Nous reviendrons tr\u00e8s prochainement sur&nbsp;<strong>le programme complet de BATIMAT 2026<\/strong>, ainsi que sur les deux conf\u00e9rences anim\u00e9es par Mister Emma, dans un prochain article.<\/p>\n\n\n\n<p class=\"wp-block-paragraph\"><strong>BATIMAT 2026<\/strong><br>Du 28 septembre au 1er octobre 2026<br>Paris Expo \u2013 Porte de Versailles, Paris<br><a href=\"https:\/\/www.batimat.com\">https:\/\/www.batimat.com<\/a><\/p>\n\n\n\n<p class=\"wp-block-paragraph\"><a href=\"https:\/\/www.batimat.com\/fr-fr\/register.html?cat=inscription-membre-dune-delegation-internationale&amp;ct=U2FsdGVkX19veH9icXb668e4HSXEc6BP4UKYiLXmMbg=&amp;utm_source=promosalons_\" target=\"_blank\" rel=\"noopener\">Obtenez une invitation pro gratuite >>><\/a><\/p>\n","protected":false},"excerpt":{"rendered":"<p>Du&nbsp;28 septembre au 1er octobre 2026, BATIMAT retrouvera Paris Expo Porte de Versailles. Pendant quatre jours, le salon r\u00e9unira les professionnels de la construction, de l\u2019architecture et de l\u2019urbanisme autour d\u2019une \u00e9dition plac\u00e9e sous le signe du&nbsp;\u00ab b\u00e2timent en mouvement \u00bb. Nouveaux usages, nouvelles contraintes, \u00e9volution des m\u00e9tiers, r\u00e9novation du b\u00e2ti existant, \u00e9conomie circulaire, architecture engag\u00e9e ou nouvelles mani\u00e8res d\u2019habiter : le programme entend mettre &hellip; <a href=\"https:\/\/www.archiurbain.be\/?p=15535\" class=\"more-link\">Continuer de lire <span class=\"screen-reader-text\">BATIMAT 2026 : deux journ\u00e9es pour penser le b\u00e2timent \u00e0 l\u2019\u00e9chelle du monde<\/span><\/a><\/p>\n","protected":false},"author":1,"featured_media":0,"comment_status":"open","ping_status":"open","sticky":false,"template":"","format":"standard","meta":{"_monsterinsights_skip_tracking":false,"_jetpack_newsletter_access":"","_jetpack_dont_email_post_to_subs":false,"_jetpack_newsletter_tier_id":0,"_jetpack_memberships_contains_paywalled_content":false,"_jetpack_feature_clip_id":0,"_jetpack_memberships_contains_paid_content":false,"footnotes":"","jetpack_post_was_ever_published":false},"categories":[3377,4],"tags":[540,4944,6314,6311,783,6315,3169,6312,3165,6316,5371,6313],"class_list":["post-15535","post","type-post","status-publish","format-standard","hentry","category-agenda","category-salons-et-foires","tag-architecture","tag-batimat","tag-bioclimatique","tag-conferences-internationales","tag-construction","tag-il-giardino-delle-gemme","tag-italie","tag-jaafar-sijelmassi","tag-paris","tag-performances-energetiques","tag-terre-crue","tag-trajectoire"],"jetpack_sharing_enabled":true,"jetpack_featured_media_url":"","_links":{"self":[{"href":"https:\/\/www.archiurbain.be\/index.php?rest_route=\/wp\/v2\/posts\/15535","targetHints":{"allow":["GET"]}}],"collection":[{"href":"https:\/\/www.archiurbain.be\/index.php?rest_route=\/wp\/v2\/posts"}],"about":[{"href":"https:\/\/www.archiurbain.be\/index.php?rest_route=\/wp\/v2\/types\/post"}],"author":[{"embeddable":true,"href":"https:\/\/www.archiurbain.be\/index.php?rest_route=\/wp\/v2\/users\/1"}],"replies":[{"embeddable":true,"href":"https:\/\/www.archiurbain.be\/index.php?rest_route=%2Fwp%2Fv2%2Fcomments&post=15535"}],"version-history":[{"count":2,"href":"https:\/\/www.archiurbain.be\/index.php?rest_route=\/wp\/v2\/posts\/15535\/revisions"}],"predecessor-version":[{"id":15546,"href":"https:\/\/www.archiurbain.be\/index.php?rest_route=\/wp\/v2\/posts\/15535\/revisions\/15546"}],"wp:attachment":[{"href":"https:\/\/www.archiurbain.be\/index.php?rest_route=%2Fwp%2Fv2%2Fmedia&parent=15535"}],"wp:term":[{"taxonomy":"category","embeddable":true,"href":"https:\/\/www.archiurbain.be\/index.php?rest_route=%2Fwp%2Fv2%2Fcategories&post=15535"},{"taxonomy":"post_tag","embeddable":true,"href":"https:\/\/www.archiurbain.be\/index.php?rest_route=%2Fwp%2Fv2%2Ftags&post=15535"}],"curies":[{"name":"wp","href":"https:\/\/api.w.org\/{rel}","templated":true}]}}