{"id":15457,"date":"2026-08-30T19:00:00","date_gmt":"2026-08-30T17:00:00","guid":{"rendered":"https:\/\/www.archiurbain.be\/?p=15457"},"modified":"2026-08-30T21:36:58","modified_gmt":"2026-08-30T19:36:58","slug":"archi-urbain-21-01-jaspar-entretien-entre-un-architecte-et-un-maitre-douvrage","status":"publish","type":"post","link":"https:\/\/www.archiurbain.be\/?p=15457","title":{"rendered":"ARCHI URBAIN (21\/01) : JASPAR \/ Entretien entre un architecte et un ma\u00eetre d&rsquo;ouvrage"},"content":{"rendered":"\n<figure class=\"wp-block-embed is-type-video is-provider-youtube wp-block-embed-youtube wp-embed-aspect-16-9 wp-has-aspect-ratio\"><div class=\"wp-block-embed__wrapper\">\n<div class=\"jetpack-video-wrapper\"><iframe loading=\"lazy\" title=\"ARCHI URBAIN (21\/01) : JASPAR \/ Entretien entre un architecte et un ma\u00eetre d\u2019ouvrage\" width=\"720\" height=\"405\" src=\"https:\/\/www.youtube.com\/embed\/YNcFUUqAQyI?feature=oembed\" frameborder=\"0\" allow=\"accelerometer; autoplay; clipboard-write; encrypted-media; gyroscope; picture-in-picture; web-share\" referrerpolicy=\"strict-origin-when-cross-origin\" allowfullscreen><\/iframe><\/div>\n<\/div><\/figure>\n\n\n\n<p class=\"wp-block-paragraph\">Pour ouvrir cette&nbsp;<strong>21e saison<\/strong>,&nbsp;<em>Archi Urbain<\/em>&nbsp;propose une \u00e9mission un peu particuli\u00e8re : en vingt ans,&nbsp;<strong>Mister Emma n\u2019avait encore jamais consacr\u00e9 un \u00e9pisode entier au dialogue entre un architecte et son ma\u00eetre d\u2019ouvrage<\/strong>. \u00c0 Saint-Gilles, il r\u00e9unit&nbsp;<strong>Marc Ghysels<\/strong>, propri\u00e9taire d\u2019une maison bruxelloise construite au XIXe si\u00e8cle, et&nbsp;<strong>Vincent Pierret<\/strong>, architecte associ\u00e9 du bureau&nbsp;<strong>Ledroit Pierret Polet Architectes<\/strong>, pour revenir ensemble sur la r\u00e9novation du projet&nbsp;<strong>Jaspar<\/strong>. Ce qui devait initialement \u00eatre une intervention relativement l\u00e9g\u00e8re \u2014 mieux relier la cuisine et la salle \u00e0 manger et adapter la maison aux usages contemporains \u2014 s\u2019est progressivement transform\u00e9, au fil des \u00e9changes, en un projet beaucoup plus ambitieux portant sur la lumi\u00e8re, les circulations, le rapport au jardin, la performance \u00e9nerg\u00e9tique ou encore le respect des diff\u00e9rentes strates historiques du b\u00e2timent. Mais l\u2019\u00e9mission raconte surtout ce qui se joue derri\u00e8re les plans et le chantier :&nbsp;<strong>une relation de confiance entre celui qui con\u00e7oit et celui qui va habiter les lieux<\/strong>, faite de discussions, de choix, de compromis et parfois de remises en question. \u00c0 travers Jaspar,&nbsp;<em>Archi Urbain<\/em>&nbsp;pose ainsi une question rarement abord\u00e9e :&nbsp;<strong>un projet d\u2019architecture est-il d\u2019abord l\u2019\u0153uvre d\u2019un architecte, ou le r\u00e9sultat d\u2019un dialogue entre un architecte et son client ?<\/strong><\/p>\n\n\n\n<p class=\"wp-block-paragraph\">Journaliste : Mister Emma<br>R\u00e9alisation : Mister Emma<br>Musiques : Gabriel Govea Costea<br>Production : Les D\u00e9lires Productions<\/p>\n\n\n\n<p class=\"wp-block-paragraph\">Premi\u00e8re diffusion de cette \u00e9mission sur BX1 : 30 ao\u00fbt 2026 \u00e0 18h30<\/p>\n\n\n\n<p class=\"wp-block-paragraph\">La r\u00e9alisation de cette \u00e9mission a \u00e9t\u00e9 rendue possible gr\u00e2ce au soutien de la Cellule d\u2019architecture de la F\u00e9d\u00e9ration Wallonie-Bruxelles.<\/p>\n","protected":false},"excerpt":{"rendered":"<p>Pour ouvrir cette&nbsp;21e saison,&nbsp;Archi Urbain&nbsp;propose une \u00e9mission un peu particuli\u00e8re : en vingt ans,&nbsp;Mister Emma n\u2019avait encore jamais consacr\u00e9 un \u00e9pisode entier au dialogue entre un architecte et son ma\u00eetre d\u2019ouvrage. \u00c0 Saint-Gilles, il r\u00e9unit&nbsp;Marc Ghysels, propri\u00e9taire d\u2019une maison bruxelloise construite au XIXe si\u00e8cle, et&nbsp;Vincent Pierret, architecte associ\u00e9 du bureau&nbsp;Ledroit Pierret Polet Architectes, pour revenir ensemble sur la r\u00e9novation du projet&nbsp;Jaspar. Ce qui devait initialement &hellip; <a href=\"https:\/\/www.archiurbain.be\/?p=15457\" class=\"more-link\">Continuer de lire <span class=\"screen-reader-text\">ARCHI URBAIN (21\/01) : JASPAR \/ Entretien entre un architecte et un ma\u00eetre d&rsquo;ouvrage<\/span><\/a><\/p>\n","protected":false},"author":1,"featured_media":0,"comment_status":"open","ping_status":"open","sticky":false,"template":"","format":"standard","meta":{"_monsterinsights_skip_tracking":false,"_jetpack_newsletter_access":"","_jetpack_dont_email_post_to_subs":false,"_jetpack_newsletter_tier_id":0,"_jetpack_memberships_contains_paywalled_content":false,"_jetpack_feature_clip_id":0,"_jetpack_memberships_contains_paid_content":false,"footnotes":"","jetpack_post_was_ever_published":false},"categories":[8,2252,35,3379],"tags":[539,3224,4306,4086,4087,4800,4084],"class_list":["post-15457","post","type-post","status-publish","format-standard","hentry","category-archiurbain","category-belgique-2","category-bruxelles","category-videos","tag-archi-urbain","tag-bx1","tag-jaspar","tag-ledroit-pierret-polet-architectes","tag-lpp-architectes","tag-marc-ghysels","tag-vincent-pierret"],"jetpack_sharing_enabled":true,"jetpack_featured_media_url":"","_links":{"self":[{"href":"https:\/\/www.archiurbain.be\/index.php?rest_route=\/wp\/v2\/posts\/15457","targetHints":{"allow":["GET"]}}],"collection":[{"href":"https:\/\/www.archiurbain.be\/index.php?rest_route=\/wp\/v2\/posts"}],"about":[{"href":"https:\/\/www.archiurbain.be\/index.php?rest_route=\/wp\/v2\/types\/post"}],"author":[{"embeddable":true,"href":"https:\/\/www.archiurbain.be\/index.php?rest_route=\/wp\/v2\/users\/1"}],"replies":[{"embeddable":true,"href":"https:\/\/www.archiurbain.be\/index.php?rest_route=%2Fwp%2Fv2%2Fcomments&post=15457"}],"version-history":[{"count":2,"href":"https:\/\/www.archiurbain.be\/index.php?rest_route=\/wp\/v2\/posts\/15457\/revisions"}],"predecessor-version":[{"id":15512,"href":"https:\/\/www.archiurbain.be\/index.php?rest_route=\/wp\/v2\/posts\/15457\/revisions\/15512"}],"wp:attachment":[{"href":"https:\/\/www.archiurbain.be\/index.php?rest_route=%2Fwp%2Fv2%2Fmedia&parent=15457"}],"wp:term":[{"taxonomy":"category","embeddable":true,"href":"https:\/\/www.archiurbain.be\/index.php?rest_route=%2Fwp%2Fv2%2Fcategories&post=15457"},{"taxonomy":"post_tag","embeddable":true,"href":"https:\/\/www.archiurbain.be\/index.php?rest_route=%2Fwp%2Fv2%2Ftags&post=15457"}],"curies":[{"name":"wp","href":"https:\/\/api.w.org\/{rel}","templated":true}]}}