{"id":15434,"date":"2026-09-01T21:17:09","date_gmt":"2026-09-01T19:17:09","guid":{"rendered":"https:\/\/www.archiurbain.be\/?p=15434"},"modified":"2026-07-27T23:06:11","modified_gmt":"2026-07-27T21:06:11","slug":"equiphotel-2026-comment-lhotellerie-reinvente-lart-daccueillir","status":"publish","type":"post","link":"https:\/\/www.archiurbain.be\/?p=15434","title":{"rendered":"EquipHotel 2026 : comment l&rsquo;h\u00f4tellerie r\u00e9invente l&rsquo;art d&rsquo;accueillir"},"content":{"rendered":"\n<p class=\"wp-block-paragraph\">Pendant longtemps, concevoir un h\u00f4tel revenait essentiellement \u00e0 dessiner des chambres, un hall d&rsquo;entr\u00e9e, un restaurant et quelques espaces de service. Aujourd&rsquo;hui, l&rsquo;hospitalit\u00e9 est devenue un v\u00e9ritable laboratoire d&rsquo;exp\u00e9rimentation o\u00f9 se croisent architecture, design, technologie, artisanat et d\u00e9veloppement durable.<\/p>\n\n\n\n<p class=\"wp-block-paragraph\">C&rsquo;est pr\u00e9cis\u00e9ment cette \u00e9volution que souhaite mettre en lumi\u00e8re&nbsp;<strong>EquipHotel 2026<\/strong>, le rendez-vous europ\u00e9en des professionnels de l&rsquo;h\u00f4tellerie qui se tiendra \u00e0 Paris du 2 au 5 novembre. Plus de 1.200 exposants y pr\u00e9senteront leurs innovations, tandis qu&rsquo;une programmation de conf\u00e9rences et d&rsquo;expositions explorera les grandes mutations du secteur. Le th\u00e8me de cette \u00e9dition,&nbsp;<strong>\u00ab L&rsquo;hospitalit\u00e9 plurielle \u00bb<\/strong>, annonce clairement l&rsquo;ambition du salon : montrer que l&rsquo;h\u00f4tel n&rsquo;est plus seulement un lieu o\u00f9 l&rsquo;on dort, mais une exp\u00e9rience globale.&nbsp;<\/p>\n\n\n\n<h2 class=\"wp-block-heading\">Penser l&rsquo;hospitalit\u00e9 autrement<\/h2>\n\n\n\n<p class=\"wp-block-paragraph\">Les attentes des voyageurs \u00e9voluent. Les h\u00f4tels deviennent des lieux de vie, de travail, de bien-\u00eatre ou encore de rencontre. Ils doivent raconter une histoire, offrir une identit\u00e9 forte et proposer une exp\u00e9rience m\u00e9morable.<\/p>\n\n\n\n<p class=\"wp-block-paragraph\">Cette transformation sera au c\u0153ur de la programmation d&rsquo;EquipHotel. Les visiteurs pourront d\u00e9couvrir de nouvelles approches de l&rsquo;architecture int\u00e9rieure, des solutions technologiques, des r\u00e9flexions sur le wellness, mais aussi des d\u00e9marches concr\u00e8tes autour de la durabilit\u00e9 et de l&rsquo;\u00e9conomie circulaire.&nbsp;<\/p>\n\n\n\n<h2 class=\"wp-block-heading\">Quand le design raconte une histoire<\/h2>\n\n\n\n<p class=\"wp-block-paragraph\">Parmi les installations les plus attendues figure&nbsp;<strong>Atelier Rouge<\/strong>, un bar exp\u00e9rimental imagin\u00e9 par Paris Society Consulting et Saguez &amp; Dash.<\/p>\n\n\n\n<p class=\"wp-block-paragraph\">Ici, le bar n&rsquo;est plus un simple comptoir. Il devient un parcours immersif o\u00f9 le visiteur traverse un couloir sensoriel, d\u00e9couvre les gestes des professionnels dans un laboratoire ouvert avant de terminer son exp\u00e9rience dans un espace plus intime. Une sc\u00e9nographie qui illustre parfaitement la mani\u00e8re dont le design peut transformer un lieu de consommation en v\u00e9ritable exp\u00e9rience.&nbsp;<\/p>\n\n\n\n<h2 class=\"wp-block-heading\">Le retour des savoir-faire<\/h2>\n\n\n\n<p class=\"wp-block-paragraph\">Autre nouveaut\u00e9 majeure :&nbsp;<strong>Exclusive Collection by EquipHotel<\/strong>.<\/p>\n\n\n\n<p class=\"wp-block-paragraph\">Ce nouvel espace rassemble des entreprises labellis\u00e9es&nbsp;<em>Entreprise du Patrimoine Vivant<\/em>&nbsp;et des acteurs de l&rsquo;ameublement fran\u00e7ais afin de d\u00e9montrer que le luxe contemporain repose autant sur l&rsquo;innovation que sur l&rsquo;excellence artisanale. Une approche qui rappelle combien les mat\u00e9riaux, le mobilier et les savoir-faire participent aujourd&rsquo;hui pleinement \u00e0 l&rsquo;identit\u00e9 architecturale des lieux d&rsquo;hospitalit\u00e9.&nbsp;<\/p>\n\n\n\n<h2 class=\"wp-block-heading\">L&rsquo;intimit\u00e9 comme nouvelle exp\u00e9rience<\/h2>\n\n\n\n<p class=\"wp-block-paragraph\">L&rsquo;exposition&nbsp;<strong>\u00ab Do Not Disturb, \u00c9loge de l&rsquo;intime \u00bb<\/strong>&nbsp;constitue sans doute l&rsquo;une des propositions les plus architecturales de cette \u00e9dition.<\/p>\n\n\n\n<p class=\"wp-block-paragraph\">Quatre cr\u00e9ateurs \u2014 Jean-Michel Wilmotte, Paul Emilieu, Maison A&amp;G et Mathilde de l&rsquo;Ecotais \u2014 y proposent chacun une interpr\u00e9tation personnelle de l&rsquo;intimit\u00e9. Les installations explorent les notions de refuge, de mati\u00e8re, de lumi\u00e8re, de sc\u00e9nographie ou encore de reconnexion \u00e0 la nature. Plus qu&rsquo;une exposition, c&rsquo;est une r\u00e9flexion sur ce que signifie aujourd&rsquo;hui \u00ab habiter \u00bb temporairement un lieu.&nbsp;<\/p>\n\n\n\n<h2 class=\"wp-block-heading\">Un observatoire des tendances<\/h2>\n\n\n\n<p class=\"wp-block-paragraph\">Au-del\u00e0 des produits expos\u00e9s, EquipHotel s&rsquo;impose comme un v\u00e9ritable observatoire des \u00e9volutions de l&rsquo;hospitalit\u00e9 internationale.<\/p>\n\n\n\n<p class=\"wp-block-paragraph\">Durabilit\u00e9, intelligence artificielle, \u00e9conomie circulaire, wellness, hybridation des usages ou artisanat d&rsquo;excellence : autant de sujets qui d\u00e9passent largement le seul univers h\u00f4telier et interrogent plus largement notre mani\u00e8re de concevoir les espaces.<\/p>\n\n\n\n<p class=\"wp-block-paragraph\">Pour les architectes, architectes d&rsquo;int\u00e9rieur, designers et ma\u00eetres d&rsquo;ouvrage, le salon constitue ainsi une occasion privil\u00e9gi\u00e9e de d\u00e9couvrir les tendances qui fa\u00e7onneront les lieux d&rsquo;accueil de demain.<\/p>\n\n\n\n<p class=\"wp-block-paragraph\"><strong>Plus d&rsquo;infos :<\/strong><br>Date : 2 au 5 novembre 2026<br>Lieu : Paris, Porte de Versailles<br>Site Internet : <a href=\"https:\/\/www.equiphotel.com\">https:\/\/www.equiphotel.com<\/a><\/p>\n","protected":false},"excerpt":{"rendered":"<p>Pendant longtemps, concevoir un h\u00f4tel revenait essentiellement \u00e0 dessiner des chambres, un hall d&rsquo;entr\u00e9e, un restaurant et quelques espaces de service. Aujourd&rsquo;hui, l&rsquo;hospitalit\u00e9 est devenue un v\u00e9ritable laboratoire d&rsquo;exp\u00e9rimentation o\u00f9 se croisent architecture, design, technologie, artisanat et d\u00e9veloppement durable. C&rsquo;est pr\u00e9cis\u00e9ment cette \u00e9volution que souhaite mettre en lumi\u00e8re&nbsp;EquipHotel 2026, le rendez-vous europ\u00e9en des professionnels de l&rsquo;h\u00f4tellerie qui se tiendra \u00e0 Paris du 2 au 5 &hellip; <a href=\"https:\/\/www.archiurbain.be\/?p=15434\" class=\"more-link\">Continuer de lire <span class=\"screen-reader-text\">EquipHotel 2026 : comment l&rsquo;h\u00f4tellerie r\u00e9invente l&rsquo;art d&rsquo;accueillir<\/span><\/a><\/p>\n","protected":false},"author":1,"featured_media":0,"comment_status":"open","ping_status":"open","sticky":false,"template":"","format":"standard","meta":{"_monsterinsights_skip_tracking":false,"_jetpack_newsletter_access":"","_jetpack_dont_email_post_to_subs":false,"_jetpack_newsletter_tier_id":0,"_jetpack_memberships_contains_paywalled_content":false,"_jetpack_feature_clip_id":0,"_jetpack_memberships_contains_paid_content":false,"footnotes":"","jetpack_post_was_ever_published":false},"categories":[3377,4],"tags":[5926,5036,3165,703],"class_list":["post-15434","post","type-post","status-publish","format-standard","hentry","category-agenda","category-salons-et-foires","tag-5926","tag-equiphotel","tag-paris","tag-salon"],"jetpack_sharing_enabled":true,"jetpack_featured_media_url":"","_links":{"self":[{"href":"https:\/\/www.archiurbain.be\/index.php?rest_route=\/wp\/v2\/posts\/15434","targetHints":{"allow":["GET"]}}],"collection":[{"href":"https:\/\/www.archiurbain.be\/index.php?rest_route=\/wp\/v2\/posts"}],"about":[{"href":"https:\/\/www.archiurbain.be\/index.php?rest_route=\/wp\/v2\/types\/post"}],"author":[{"embeddable":true,"href":"https:\/\/www.archiurbain.be\/index.php?rest_route=\/wp\/v2\/users\/1"}],"replies":[{"embeddable":true,"href":"https:\/\/www.archiurbain.be\/index.php?rest_route=%2Fwp%2Fv2%2Fcomments&post=15434"}],"version-history":[{"count":1,"href":"https:\/\/www.archiurbain.be\/index.php?rest_route=\/wp\/v2\/posts\/15434\/revisions"}],"predecessor-version":[{"id":15435,"href":"https:\/\/www.archiurbain.be\/index.php?rest_route=\/wp\/v2\/posts\/15434\/revisions\/15435"}],"wp:attachment":[{"href":"https:\/\/www.archiurbain.be\/index.php?rest_route=%2Fwp%2Fv2%2Fmedia&parent=15434"}],"wp:term":[{"taxonomy":"category","embeddable":true,"href":"https:\/\/www.archiurbain.be\/index.php?rest_route=%2Fwp%2Fv2%2Fcategories&post=15434"},{"taxonomy":"post_tag","embeddable":true,"href":"https:\/\/www.archiurbain.be\/index.php?rest_route=%2Fwp%2Fv2%2Ftags&post=15434"}],"curies":[{"name":"wp","href":"https:\/\/api.w.org\/{rel}","templated":true}]}}