{"id":15047,"date":"2026-04-30T13:25:45","date_gmt":"2026-04-30T11:25:45","guid":{"rendered":"https:\/\/www.archiurbain.be\/?p=15047"},"modified":"2026-04-30T13:33:10","modified_gmt":"2026-04-30T11:33:10","slug":"architectwork-bruxelles-linnovation-comme-moteur-de-larchitecture-contemporaine","status":"publish","type":"post","link":"https:\/\/www.archiurbain.be\/?p=15047","title":{"rendered":"ARCHITECT@WORK Bruxelles : l\u2019innovation comme moteur de l\u2019architecture contemporaine"},"content":{"rendered":"\n<p>Les 20 et 21 mai 2026,&nbsp;ARCHITECT@WORK Brussels 2026&nbsp;investira le site de&nbsp;Tour &amp; Taxis&nbsp;pour une nouvelle \u00e9dition tr\u00e8s attendue. Apr\u00e8s le succ\u00e8s des pr\u00e9c\u00e9dentes rencontres, l\u2019\u00e9v\u00e9nement s\u2019impose plus que jamais comme un rendez-vous incontournable pour les professionnels de l\u2019architecture et du design.<\/p>\n\n\n\n<figure class=\"wp-block-image size-large\"><a href=\"https:\/\/www.archiurbain.be\/wp-content\/uploads\/2026\/04\/Banner-Architects-@-work.jpg\"><img loading=\"lazy\" decoding=\"async\" width=\"1024\" height=\"187\" src=\"https:\/\/www.archiurbain.be\/wp-content\/uploads\/2026\/04\/Banner-Architects-@-work-1024x187.jpg\" alt=\"\" class=\"wp-image-15029\" srcset=\"https:\/\/www.archiurbain.be\/wp-content\/uploads\/2026\/04\/Banner-Architects-@-work-1024x187.jpg 1024w, https:\/\/www.archiurbain.be\/wp-content\/uploads\/2026\/04\/Banner-Architects-@-work-300x55.jpg 300w, https:\/\/www.archiurbain.be\/wp-content\/uploads\/2026\/04\/Banner-Architects-@-work-768x140.jpg 768w, https:\/\/www.archiurbain.be\/wp-content\/uploads\/2026\/04\/Banner-Architects-@-work-1536x280.jpg 1536w, https:\/\/www.archiurbain.be\/wp-content\/uploads\/2026\/04\/Banner-Architects-@-work-400x73.jpg 400w, https:\/\/www.archiurbain.be\/wp-content\/uploads\/2026\/04\/Banner-Architects-@-work.jpg 1920w\" sizes=\"auto, (max-width: 1024px) 100vw, 1024px\" \/><\/a><\/figure>\n\n\n\n<h3 class=\"wp-block-heading\">Un salon pens\u00e9 pour les prescripteurs<\/h3>\n\n\n\n<p>ARCHITECT@WORK se distingue par un concept radicalement diff\u00e9rent des salons traditionnels. Ici, pas de stands classiques ni de parcours surcharg\u00e9 : tout est con\u00e7u pour mettre en valeur&nbsp;<strong>l\u2019innovation<\/strong>. Les produits pr\u00e9sent\u00e9s sont s\u00e9lectionn\u00e9s en amont par un jury d\u2019architectes et d\u2019architectes d\u2019int\u00e9rieur, garantissant un niveau d\u2019exigence \u00e9lev\u00e9 et une pertinence directe pour les prescripteurs.&nbsp;<\/p>\n\n\n\n<p>L\u2019\u00e9v\u00e9nement s\u2019adresse exclusivement aux professionnels \u2014 architectes, designers, bureaux d\u2019\u00e9tudes \u2014 dans une logique d\u2019\u00e9changes cibl\u00e9s et qualitatifs.&nbsp;<\/p>\n\n\n\n<h3 class=\"wp-block-heading\">Une sc\u00e9nographie au service des \u00e9changes<\/h3>\n\n\n\n<p>L\u2019exp\u00e9rience ARCHITECT@WORK repose sur une mise en sc\u00e8ne singuli\u00e8re :<br>les all\u00e9es sont transform\u00e9es en espaces lounge, favorisant les rencontres informelles entre concepteurs, fabricants et experts techniques.&nbsp;<\/p>\n\n\n\n<p>Ce dispositif cr\u00e9e un environnement propice au dialogue, loin du rythme souvent fr\u00e9n\u00e9tique des grands salons. Ici, on prend le temps de discuter, de comprendre, de questionner.<\/p>\n\n\n\n<h3 class=\"wp-block-heading\">\u201cThoughtful Tomorrow\u201d : penser l\u2019architecture de demain<\/h3>\n\n\n\n<p>Le th\u00e8me de cette \u00e9dition 2026,&nbsp;<strong>\u201cThoughtful Tomorrow\u201d<\/strong>, pose une question essentielle : comment construire un avenir plus intelligent, plus r\u00e9silient et plus responsable ?&nbsp;<\/p>\n\n\n\n<p>Entre innovations technologiques, enjeux \u00e9cologiques et mutations soci\u00e9tales, le salon invite \u00e0 r\u00e9fl\u00e9chir \u00e0 une architecture capable de mieux r\u00e9pondre aux besoins contemporains. Intelligence artificielle, mat\u00e9riaux innovants, construction adaptable ou encore relation entre l\u2019homme et la ville : autant de pistes explor\u00e9es \u00e0 travers les produits pr\u00e9sent\u00e9s et le programme de conf\u00e9rences.&nbsp;<\/p>\n\n\n\n<h3 class=\"wp-block-heading\">Un programme de conf\u00e9rences et d\u2019inspiration<\/h3>\n\n\n\n<p>Au-del\u00e0 des innovations produits, ARCHITECT@WORK propose un programme riche de s\u00e9minaires et d\u2019interventions. Ces moments de r\u00e9flexion permettent de prendre du recul, d\u2019ouvrir le d\u00e9bat et de nourrir les pratiques professionnelles.<\/p>\n\n\n\n<p>Les \u00e9ditions pr\u00e9c\u00e9dentes ont d\u00e9j\u00e0 d\u00e9montr\u00e9 l\u2019int\u00e9r\u00eat du public pour ces contenus, avec une fr\u00e9quentation en forte hausse et un engagement marqu\u00e9 autour des th\u00e9matiques abord\u00e9es. Pour cette \u00e9dition, ARCHITECT@WORK a sollicit\u00e9&nbsp;Mister Emma&nbsp;afin d\u2019identifier un acteur bruxellois capable d\u2019illustrer, \u00e0 l\u2019international, les enjeux li\u00e9s \u00e0 la th\u00e9matique choisie.<\/p>\n\n\n\n<p>Le journaliste d\u2019Archi Urbain et fondateur de la plateforme caviar.archi a imm\u00e9diatement pens\u00e9 \u00e0&nbsp;<strong>Jean-Didier Steenackers<\/strong>, fondateur de la soci\u00e9t\u00e9 <strong>Sunsoak Design<\/strong> et sp\u00e9cialiste des machines solaires, dont le travail s\u2019inscrit pleinement dans les r\u00e9flexions contemporaines autour d\u2019une architecture plus durable et innovante.<\/p>\n\n\n\n<p><a href=\"https:\/\/www.architectatwork.com\/fr\/events\/a@w-brussels\/academy\" target=\"_blank\" rel=\"noreferrer noopener\">Programme des conf\u00e9rences &gt;&gt;&gt;<\/a><\/p>\n\n\n\n<figure class=\"wp-block-embed is-type-video is-provider-vimeo wp-block-embed-vimeo wp-embed-aspect-16-9 wp-has-aspect-ratio\"><div class=\"wp-block-embed__wrapper\">\n<div class=\"jetpack-video-wrapper\"><iframe loading=\"lazy\" title=\"Portrait of SunSoak Design\" src=\"https:\/\/player.vimeo.com\/video\/558916340?dnt=1&amp;app_id=122963\" width=\"720\" height=\"405\" frameborder=\"0\" allow=\"autoplay; fullscreen; picture-in-picture; clipboard-write; encrypted-media; web-share\" referrerpolicy=\"strict-origin-when-cross-origin\"><\/iframe><\/div>\n<\/div><\/figure>\n\n\n\n<h3 class=\"wp-block-heading\">Un rendez-vous devenu incontournable<\/h3>\n\n\n\n<p>Avec son format resserr\u00e9, son exigence curatoriale et sa capacit\u00e9 \u00e0 rassembler les acteurs cl\u00e9s du secteur, ARCHITECT@WORK s\u2019affirme comme bien plus qu\u2019un salon :<br>un&nbsp;<strong>outil de veille<\/strong>, un&nbsp;<strong>espace de rencontre<\/strong>&nbsp;et un&nbsp;<strong>laboratoire d\u2019id\u00e9es<\/strong>&nbsp;pour penser l\u2019architecture contemporaine.<\/p>\n\n\n\n<p>Dans un contexte o\u00f9 les d\u00e9fis environnementaux et soci\u00e9taux red\u00e9finissent les pratiques, cette \u00e9dition bruxelloise s\u2019annonce comme un moment cl\u00e9 pour celles et ceux qui fa\u00e7onnent la ville de demain.<\/p>\n\n\n\n<p><strong>Infos pratiques<\/strong><\/p>\n\n\n\n<p><span style=\"text-decoration: underline;\">Lieu<\/span> : Tour &amp; Taxis. 6C avenue du Port. 1000 Bruxelles<br>Shed 1 et 2(Entr\u00e9e Shed 2 bis (\u00e0 c\u00f4t\u00e9 de la Gare Maritime)<br><span style=\"text-decoration: underline;\">Dates<\/span> : mercredi 20 et jeudi 21 mai 2026, 11:00 \u00e0 19:00<br><span style=\"text-decoration: underline;\">Restauration<\/span> : Boissons et encas gratuits dans l\u2019espace lounge et les all\u00e9es.<\/p>\n\n\n\n<p><strong>ENTR\u00c9E EXCLUSIVEMENT SUR INVITATION<\/strong> > <a href=\"https:\/\/awbrussels26.architectatwork.com\/invitation\/customer\/ARUB26\" target=\"_blank\" rel=\"noreferrer noopener\">obtenir votre acc\u00e8s<\/a><\/p>\n","protected":false},"excerpt":{"rendered":"<p>Les 20 et 21 mai 2026,&nbsp;ARCHITECT@WORK Brussels 2026&nbsp;investira le site de&nbsp;Tour &amp; Taxis&nbsp;pour une nouvelle \u00e9dition tr\u00e8s attendue. Apr\u00e8s le succ\u00e8s des pr\u00e9c\u00e9dentes rencontres, l\u2019\u00e9v\u00e9nement s\u2019impose plus que jamais comme un rendez-vous incontournable pour les professionnels de l\u2019architecture et du design. Un salon pens\u00e9 pour les prescripteurs ARCHITECT@WORK se distingue par un concept radicalement diff\u00e9rent des salons traditionnels. Ici, pas de stands classiques ni de &hellip; <a href=\"https:\/\/www.archiurbain.be\/?p=15047\" class=\"more-link\">Continuer de lire <span class=\"screen-reader-text\">ARCHITECT@WORK Bruxelles : l\u2019innovation comme moteur de l\u2019architecture contemporaine<\/span><\/a><\/p>\n","protected":false},"author":1,"featured_media":0,"comment_status":"open","ping_status":"open","sticky":false,"template":"","format":"standard","meta":{"_monsterinsights_skip_tracking":false,"_monsterinsights_sitenote_active":false,"_monsterinsights_sitenote_note":"","_monsterinsights_sitenote_category":0,"_jetpack_memberships_contains_paid_content":false,"footnotes":""},"categories":[3377,2252,35,63,4],"tags":[6130,963,3162,6131,572,1120,718,4619,4620,136],"class_list":["post-15047","post","type-post","status-publish","format-standard","hentry","category-agenda","category-belgique-2","category-bruxelles","category-conferences","category-salons-et-foires","tag-architectwork","tag-architectes","tag-bruxelles","tag-bureaux-detudes","tag-conference","tag-designers","tag-innovation","tag-jean-didier-steenackers","tag-sunsoak-design","tag-tour-taxis"],"jetpack_featured_media_url":"","jetpack_sharing_enabled":true,"_links":{"self":[{"href":"https:\/\/www.archiurbain.be\/index.php?rest_route=\/wp\/v2\/posts\/15047","targetHints":{"allow":["GET"]}}],"collection":[{"href":"https:\/\/www.archiurbain.be\/index.php?rest_route=\/wp\/v2\/posts"}],"about":[{"href":"https:\/\/www.archiurbain.be\/index.php?rest_route=\/wp\/v2\/types\/post"}],"author":[{"embeddable":true,"href":"https:\/\/www.archiurbain.be\/index.php?rest_route=\/wp\/v2\/users\/1"}],"replies":[{"embeddable":true,"href":"https:\/\/www.archiurbain.be\/index.php?rest_route=%2Fwp%2Fv2%2Fcomments&post=15047"}],"version-history":[{"count":4,"href":"https:\/\/www.archiurbain.be\/index.php?rest_route=\/wp\/v2\/posts\/15047\/revisions"}],"predecessor-version":[{"id":15054,"href":"https:\/\/www.archiurbain.be\/index.php?rest_route=\/wp\/v2\/posts\/15047\/revisions\/15054"}],"wp:attachment":[{"href":"https:\/\/www.archiurbain.be\/index.php?rest_route=%2Fwp%2Fv2%2Fmedia&parent=15047"}],"wp:term":[{"taxonomy":"category","embeddable":true,"href":"https:\/\/www.archiurbain.be\/index.php?rest_route=%2Fwp%2Fv2%2Fcategories&post=15047"},{"taxonomy":"post_tag","embeddable":true,"href":"https:\/\/www.archiurbain.be\/index.php?rest_route=%2Fwp%2Fv2%2Ftags&post=15047"}],"curies":[{"name":"wp","href":"https:\/\/api.w.org\/{rel}","templated":true}]}}