{"id":14215,"date":"2025-12-14T18:45:00","date_gmt":"2025-12-14T17:45:00","guid":{"rendered":"https:\/\/www.archiurbain.be\/?p=14215"},"modified":"2025-12-02T08:52:21","modified_gmt":"2025-12-02T07:52:21","slug":"archi-urbain-20-14-grand-format-hotel-astoria-2-3","status":"publish","type":"post","link":"https:\/\/www.archiurbain.be\/?p=14215","title":{"rendered":"ARCHI URBAIN (20\/14) : Bruxelles Moderniste (2\/2)"},"content":{"rendered":"\n<figure class=\"wp-block-embed is-type-video is-provider-youtube wp-block-embed-youtube wp-embed-aspect-16-9 wp-has-aspect-ratio\"><div class=\"wp-block-embed__wrapper\">\n<div class=\"jetpack-video-wrapper\"><iframe loading=\"lazy\" title=\"ARCHI URBAIN (20\/14) : Bruxelles Moderniste (2\/2)\" width=\"720\" height=\"405\" src=\"https:\/\/www.youtube.com\/embed\/e5_QZM4YGGk?feature=oembed\" frameborder=\"0\" allow=\"accelerometer; autoplay; clipboard-write; encrypted-media; gyroscope; picture-in-picture; web-share\" referrerpolicy=\"strict-origin-when-cross-origin\" allowfullscreen><\/iframe><\/div>\n<\/div><\/figure>\n\n\n\n<p>\u00c0 l\u2019occasion de la sortie du livre \u00ab&nbsp;Bruxelles Moderniste&nbsp;\u00bb aux \u00c9ditions Racine, Mister Emma a convi\u00e9 l\u2019auteure Jacinthe Gigou pour une discussion autour du mouvement moderniste \u00e0 Bruxelles. Cette \u00e9mission d\u00e9cortique le courant architecturale apr\u00e8s la seconde guerre mondiale.<\/p>\n\n\n\n<p>Journaliste : Mister Emma<br>R\u00e9alisation : Mister Emma<br>Musiques : Gabriel Govea Costea<br>Production : Les D\u00e9lires Productions<\/p>\n\n\n\n<p>Premi\u00e8re diffusion de cette \u00e9mission sur BX1 : 14 d\u00e9cembre 2025 \u00e0 18h30<\/p>\n\n\n\n<p>La r\u00e9alisation de cette \u00e9mission a \u00e9t\u00e9 rendue possible gr\u00e2ce au soutien de :<\/p>\n\n\n\n<figure class=\"wp-block-image size-large\"><a href=\"https:\/\/www.archiurbain.be\/wp-content\/uploads\/2025\/09\/soutiensAU25_BTP.jpg\"><img loading=\"lazy\" decoding=\"async\" width=\"1024\" height=\"483\" src=\"https:\/\/www.archiurbain.be\/wp-content\/uploads\/2025\/09\/soutiensAU25_BTP-1024x483.jpg\" alt=\"\" class=\"wp-image-14271\" srcset=\"https:\/\/www.archiurbain.be\/wp-content\/uploads\/2025\/09\/soutiensAU25_BTP-1024x483.jpg 1024w, https:\/\/www.archiurbain.be\/wp-content\/uploads\/2025\/09\/soutiensAU25_BTP-300x142.jpg 300w, https:\/\/www.archiurbain.be\/wp-content\/uploads\/2025\/09\/soutiensAU25_BTP-768x363.jpg 768w, https:\/\/www.archiurbain.be\/wp-content\/uploads\/2025\/09\/soutiensAU25_BTP-1536x725.jpg 1536w, https:\/\/www.archiurbain.be\/wp-content\/uploads\/2025\/09\/soutiensAU25_BTP.jpg 1631w, https:\/\/www.archiurbain.be\/wp-content\/uploads\/2025\/09\/soutiensAU25_BTP-191x90.jpg 191w\" sizes=\"auto, (max-width: 1024px) 100vw, 1024px\" \/><\/a><\/figure>\n","protected":false},"excerpt":{"rendered":"<p>\u00c0 l\u2019occasion de la sortie du livre \u00ab&nbsp;Bruxelles Moderniste&nbsp;\u00bb aux \u00c9ditions Racine, Mister Emma a convi\u00e9 l\u2019auteure Jacinthe Gigou pour une discussion autour du mouvement moderniste \u00e0 Bruxelles. Cette \u00e9mission d\u00e9cortique le courant architecturale apr\u00e8s la seconde guerre mondiale. Journaliste : Mister EmmaR\u00e9alisation : Mister EmmaMusiques : Gabriel Govea CosteaProduction : Les D\u00e9lires Productions Premi\u00e8re diffusion de cette \u00e9mission sur BX1 : 14 d\u00e9cembre 2025 &hellip; <a href=\"https:\/\/www.archiurbain.be\/?p=14215\" class=\"more-link\">Continuer de lire <span class=\"screen-reader-text\">ARCHI URBAIN (20\/14) : Bruxelles Moderniste (2\/2)<\/span><\/a><\/p>\n","protected":false},"author":1,"featured_media":0,"comment_status":"open","ping_status":"open","sticky":false,"template":"","format":"standard","meta":{"_monsterinsights_skip_tracking":false,"_monsterinsights_sitenote_active":false,"_monsterinsights_sitenote_note":"","_monsterinsights_sitenote_category":0,"_jetpack_memberships_contains_paid_content":false,"footnotes":""},"categories":[8,15,2252,35,3379],"tags":[539,540,3162,5993,3224,3022,541,482],"class_list":["post-14215","post","type-post","status-publish","format-standard","hentry","category-archiurbain","category-architectures","category-belgique-2","category-bruxelles","category-videos","tag-archi-urbain","tag-architecture","tag-bruxelles","tag-bruxelles-moderniste","tag-bx1","tag-jacinthe-gigou","tag-mister-emma","tag-modernisme"],"jetpack_featured_media_url":"","jetpack_sharing_enabled":true,"_links":{"self":[{"href":"https:\/\/www.archiurbain.be\/index.php?rest_route=\/wp\/v2\/posts\/14215","targetHints":{"allow":["GET"]}}],"collection":[{"href":"https:\/\/www.archiurbain.be\/index.php?rest_route=\/wp\/v2\/posts"}],"about":[{"href":"https:\/\/www.archiurbain.be\/index.php?rest_route=\/wp\/v2\/types\/post"}],"author":[{"embeddable":true,"href":"https:\/\/www.archiurbain.be\/index.php?rest_route=\/wp\/v2\/users\/1"}],"replies":[{"embeddable":true,"href":"https:\/\/www.archiurbain.be\/index.php?rest_route=%2Fwp%2Fv2%2Fcomments&post=14215"}],"version-history":[{"count":3,"href":"https:\/\/www.archiurbain.be\/index.php?rest_route=\/wp\/v2\/posts\/14215\/revisions"}],"predecessor-version":[{"id":14576,"href":"https:\/\/www.archiurbain.be\/index.php?rest_route=\/wp\/v2\/posts\/14215\/revisions\/14576"}],"wp:attachment":[{"href":"https:\/\/www.archiurbain.be\/index.php?rest_route=%2Fwp%2Fv2%2Fmedia&parent=14215"}],"wp:term":[{"taxonomy":"category","embeddable":true,"href":"https:\/\/www.archiurbain.be\/index.php?rest_route=%2Fwp%2Fv2%2Fcategories&post=14215"},{"taxonomy":"post_tag","embeddable":true,"href":"https:\/\/www.archiurbain.be\/index.php?rest_route=%2Fwp%2Fv2%2Ftags&post=14215"}],"curies":[{"name":"wp","href":"https:\/\/api.w.org\/{rel}","templated":true}]}}