{"id":14209,"date":"2025-11-23T18:45:00","date_gmt":"2025-11-23T17:45:00","guid":{"rendered":"https:\/\/www.archiurbain.be\/?p=14209"},"modified":"2025-11-19T18:43:40","modified_gmt":"2025-11-19T17:43:40","slug":"archi-urbain-20-11-beyond-the-pavilion-laurent-ney","status":"publish","type":"post","link":"https:\/\/www.archiurbain.be\/?p=14209","title":{"rendered":"ARCHI URBAIN (20\/11) : Beyond The Pavilion \/ Laurent Ney"},"content":{"rendered":"\n<figure class=\"wp-block-embed is-type-video is-provider-youtube wp-block-embed-youtube wp-embed-aspect-16-9 wp-has-aspect-ratio\"><div class=\"wp-block-embed__wrapper\">\n<div class=\"jetpack-video-wrapper\"><iframe loading=\"lazy\" title=\"ARCHI URBAIN (20\/11) : Beyond The Pavilion \/ Laurent Ney\" width=\"720\" height=\"405\" src=\"https:\/\/www.youtube.com\/embed\/OXIJUhsnilQ?feature=oembed\" frameborder=\"0\" allow=\"accelerometer; autoplay; clipboard-write; encrypted-media; gyroscope; picture-in-picture; web-share\" referrerpolicy=\"strict-origin-when-cross-origin\" allowfullscreen><\/iframe><\/div>\n<\/div><\/figure>\n\n\n\n<p>Le dernier documentaire de\u00a0<strong>Mister Emma<\/strong>,\u00a0<strong>Beyond the Pavilion<\/strong>,\u00a0nous plonge dans l\u2019univers de cinq <strong>architectes wallons<\/strong>\u00a0qui ont port\u00e9 la cr\u00e9ativit\u00e9 belge sur la sc\u00e8ne internationale en concevant les pavillons nationaux pour des expositions majeures. \u00c0 travers leurs parcours, le film r\u00e9v\u00e8le des visions architecturales puissantes et contrast\u00e9es, ancr\u00e9es dans les enjeux de durabilit\u00e9, d\u2019innovation et d\u2019expression identitaire. Entre immersion dans leur quotidien et r\u00e9flexion sur le sens de b\u00e2tir pour demain, le documentaire dresse un portrait sensible et engag\u00e9 de l\u2019architecture wallonne contemporaine.<\/p>\n\n\n\n<p>Pour Archi Urbain, Emma vous propose une plong\u00e9e dans l\u2019univers des cinq architectes avec des portraits \u00e9toff\u00e9s et une immersion dans son quotidien lors du tournage du film en Asie.<\/p>\n\n\n\n<p>Cette production long format en 10 \u00e9pisodes vous emporte en France, en Espagne, aux \u00c9mirats arabes unis, en Chine, au Japon, \u00e0 Taiwan et aux \u00c9tats-Unis; un tour de monde que l\u2019on poursuit dans ce neuvi\u00e8me \u00e9pisode avec le portrait de l\u2019architecte&nbsp;<strong>Laurent Ney<\/strong>.<\/p>\n\n\n\n<p>Laurent Ney est un ing\u00e9nieur civil belge, co-fondateur de la soci\u00e9t\u00e9&nbsp;<strong>Ney &amp; Partners<\/strong>, sp\u00e9cialis\u00e9e dans les structures architecturales innovantes et durables. Il est reconnu pour ses comp\u00e9tences dans la conception de structures l\u00e9g\u00e8res et complexes, alliant esth\u00e9tique et fonctionnalit\u00e9. Son expertise s\u2019\u00e9tend \u00e0 des projets d\u2019envergure \u00e0 Tokyo et en Belgique. \u00c0 la t\u00eate de Ney &amp; Partners, il a contribu\u00e9 \u00e0 transformer des id\u00e9es architecturales audacieuses en structures durables, alliant art et ing\u00e9nierie. Il est tr\u00e8s respect\u00e9 pour sa capacit\u00e9 \u00e0 trouver des solutions techniques et cr\u00e9atives.<\/p>\n\n\n\n<p>Journaliste : Mister Emma<br>R\u00e9alisation : Mister Emma<br>Musiques : Gabriel Govea Costea<br>Production : Les D\u00e9lires Productions<\/p>\n\n\n\n<p>Premi\u00e8re diffusion de cette \u00e9mission sur BX1 : 23 novembre 2025 \u00e0 18h30<\/p>\n\n\n\n<p>La r\u00e9alisation de cette \u00e9mission a \u00e9t\u00e9 rendue possible gr\u00e2ce au soutien de :<\/p>\n\n\n\n<figure class=\"wp-block-image size-large\"><a href=\"https:\/\/www.archiurbain.be\/wp-content\/uploads\/2025\/09\/soutiensAU25_BTP.jpg\"><img loading=\"lazy\" decoding=\"async\" width=\"1024\" height=\"483\" src=\"https:\/\/www.archiurbain.be\/wp-content\/uploads\/2025\/09\/soutiensAU25_BTP-1024x483.jpg\" alt=\"\" class=\"wp-image-14271\" srcset=\"https:\/\/www.archiurbain.be\/wp-content\/uploads\/2025\/09\/soutiensAU25_BTP-1024x483.jpg 1024w, https:\/\/www.archiurbain.be\/wp-content\/uploads\/2025\/09\/soutiensAU25_BTP-300x142.jpg 300w, https:\/\/www.archiurbain.be\/wp-content\/uploads\/2025\/09\/soutiensAU25_BTP-768x363.jpg 768w, https:\/\/www.archiurbain.be\/wp-content\/uploads\/2025\/09\/soutiensAU25_BTP-1536x725.jpg 1536w, https:\/\/www.archiurbain.be\/wp-content\/uploads\/2025\/09\/soutiensAU25_BTP.jpg 1631w, https:\/\/www.archiurbain.be\/wp-content\/uploads\/2025\/09\/soutiensAU25_BTP-191x90.jpg 191w\" sizes=\"auto, (max-width: 1024px) 100vw, 1024px\" \/><\/a><\/figure>\n","protected":false},"excerpt":{"rendered":"<p>Le dernier documentaire de\u00a0Mister Emma,\u00a0Beyond the Pavilion,\u00a0nous plonge dans l\u2019univers de cinq architectes wallons\u00a0qui ont port\u00e9 la cr\u00e9ativit\u00e9 belge sur la sc\u00e8ne internationale en concevant les pavillons nationaux pour des expositions majeures. \u00c0 travers leurs parcours, le film r\u00e9v\u00e8le des visions architecturales puissantes et contrast\u00e9es, ancr\u00e9es dans les enjeux de durabilit\u00e9, d\u2019innovation et d\u2019expression identitaire. Entre immersion dans leur quotidien et r\u00e9flexion sur le sens &hellip; <a href=\"https:\/\/www.archiurbain.be\/?p=14209\" class=\"more-link\">Continuer de lire <span class=\"screen-reader-text\">ARCHI URBAIN (20\/11) : Beyond The Pavilion \/ Laurent Ney<\/span><\/a><\/p>\n","protected":false},"author":1,"featured_media":0,"comment_status":"open","ping_status":"open","sticky":false,"template":"","format":"standard","meta":{"_monsterinsights_skip_tracking":false,"_monsterinsights_sitenote_active":false,"_monsterinsights_sitenote_note":"","_monsterinsights_sitenote_category":0,"_jetpack_memberships_contains_paid_content":false,"footnotes":""},"categories":[8,15,2252,3379,2251],"tags":[539,5862,3224,1570,541,615,5890],"class_list":["post-14209","post","type-post","status-publish","format-standard","hentry","category-archiurbain","category-architectures","category-belgique-2","category-videos","category-wallonie-2","tag-archi-urbain","tag-beyond-the-pavilion","tag-bx1","tag-laurent-ney","tag-mister-emma","tag-ney-partners","tag-tokyo"],"jetpack_featured_media_url":"","jetpack_sharing_enabled":true,"_links":{"self":[{"href":"https:\/\/www.archiurbain.be\/index.php?rest_route=\/wp\/v2\/posts\/14209","targetHints":{"allow":["GET"]}}],"collection":[{"href":"https:\/\/www.archiurbain.be\/index.php?rest_route=\/wp\/v2\/posts"}],"about":[{"href":"https:\/\/www.archiurbain.be\/index.php?rest_route=\/wp\/v2\/types\/post"}],"author":[{"embeddable":true,"href":"https:\/\/www.archiurbain.be\/index.php?rest_route=\/wp\/v2\/users\/1"}],"replies":[{"embeddable":true,"href":"https:\/\/www.archiurbain.be\/index.php?rest_route=%2Fwp%2Fv2%2Fcomments&post=14209"}],"version-history":[{"count":3,"href":"https:\/\/www.archiurbain.be\/index.php?rest_route=\/wp\/v2\/posts\/14209\/revisions"}],"predecessor-version":[{"id":14488,"href":"https:\/\/www.archiurbain.be\/index.php?rest_route=\/wp\/v2\/posts\/14209\/revisions\/14488"}],"wp:attachment":[{"href":"https:\/\/www.archiurbain.be\/index.php?rest_route=%2Fwp%2Fv2%2Fmedia&parent=14209"}],"wp:term":[{"taxonomy":"category","embeddable":true,"href":"https:\/\/www.archiurbain.be\/index.php?rest_route=%2Fwp%2Fv2%2Fcategories&post=14209"},{"taxonomy":"post_tag","embeddable":true,"href":"https:\/\/www.archiurbain.be\/index.php?rest_route=%2Fwp%2Fv2%2Ftags&post=14209"}],"curies":[{"name":"wp","href":"https:\/\/api.w.org\/{rel}","templated":true}]}}