{"id":14207,"date":"2025-11-16T18:45:00","date_gmt":"2025-11-16T17:45:00","guid":{"rendered":"https:\/\/www.archiurbain.be\/?p=14207"},"modified":"2025-09-28T16:22:30","modified_gmt":"2025-09-28T14:22:30","slug":"archi-urbain-20-10-beyond-the-pavilion-cyril-rousseaux","status":"publish","type":"post","link":"https:\/\/www.archiurbain.be\/?p=14207","title":{"rendered":"ARCHI URBAIN (20\/10) : Beyond The Pavilion \/ Cyril Rousseaux"},"content":{"rendered":"\n<p>Le dernier documentaire de\u00a0<strong>Mister Emma<\/strong>,\u00a0<strong>Beyond the Pavilion<\/strong>,\u00a0nous plonge dans l\u2019univers de cinq <strong>architectes wallons<\/strong>\u00a0qui ont port\u00e9 la cr\u00e9ativit\u00e9 belge sur la sc\u00e8ne internationale en concevant les pavillons nationaux pour des expositions majeures. \u00c0 travers leurs parcours, le film r\u00e9v\u00e8le des visions architecturales puissantes et contrast\u00e9es, ancr\u00e9es dans les enjeux de durabilit\u00e9, d\u2019innovation et d\u2019expression identitaire. Entre immersion dans leur quotidien et r\u00e9flexion sur le sens de b\u00e2tir pour demain, le documentaire dresse un portrait sensible et engag\u00e9 de l\u2019architecture wallonne contemporaine.<\/p>\n\n\n\n<p>Pour Archi Urbain, Emma vous propose une plong\u00e9e dans l\u2019univers des cinq architectes avec des portraits \u00e9toff\u00e9s et une immersion dans son quotidien lors du tournage du film en Asie.<\/p>\n\n\n\n<p>Cette production long format en 10 \u00e9pisodes vous emporte en France, en Espagne, aux \u00c9mirats arabes unis, en Chine, au Japon, \u00e0 Taiwan et aux \u00c9tats-Unis; un tour de monde que l\u2019on poursuit dans ce huiti\u00e8me \u00e9pisode avec le portrait de l\u2019architecte&nbsp;<strong>Cyril Rousseaux<\/strong>.<\/p>\n\n\n\n<p>Architecte louvi\u00e9rois s\u00e9lectionn\u00e9 pour repr\u00e9senter la Belgique \u00e0 l\u2019Exposition universelle d\u2019Osaka en 2025 avec un pavillon intitul\u00e9&nbsp;<em>Sauver des vies<\/em>, centr\u00e9 sur la pr\u00e9servation de l\u2019eau. Ce projet marque son premier contrat hors de ses terres carolor\u00e9giennes et repr\u00e9sente une opportunit\u00e9 majeure pour&nbsp;<strong>Carr\u00e9 7<\/strong>, son bureau, qui aspire \u00e0 se d\u00e9velopper \u00e0 l\u2019international. Cyril Rousseaux esp\u00e8re capitaliser sur cette vitrine mondiale pour accro\u00eetre sa notori\u00e9t\u00e9 et \u00e9largir le rayonnement de son entreprise.<\/p>\n\n\n\n<p>Journaliste : Mister Emma<br>R\u00e9alisation : Mister Emma<br>Musiques : Gabriel Govea Costea<br>Production : Les D\u00e9lires Productions<\/p>\n\n\n\n<p>Premi\u00e8re diffusion de cette \u00e9mission sur BX1 : 16 novembre 2025 \u00e0 18h30<\/p>\n\n\n\n<p>La r\u00e9alisation de cette \u00e9mission a \u00e9t\u00e9 rendue possible gr\u00e2ce au soutien de :<\/p>\n\n\n\n<figure class=\"wp-block-image size-large\"><a href=\"https:\/\/www.archiurbain.be\/wp-content\/uploads\/2025\/09\/soutiensAU25_BTP.jpg\"><img loading=\"lazy\" decoding=\"async\" width=\"1024\" height=\"483\" src=\"https:\/\/www.archiurbain.be\/wp-content\/uploads\/2025\/09\/soutiensAU25_BTP-1024x483.jpg\" alt=\"\" class=\"wp-image-14271\" srcset=\"https:\/\/www.archiurbain.be\/wp-content\/uploads\/2025\/09\/soutiensAU25_BTP-1024x483.jpg 1024w, https:\/\/www.archiurbain.be\/wp-content\/uploads\/2025\/09\/soutiensAU25_BTP-300x142.jpg 300w, https:\/\/www.archiurbain.be\/wp-content\/uploads\/2025\/09\/soutiensAU25_BTP-768x363.jpg 768w, https:\/\/www.archiurbain.be\/wp-content\/uploads\/2025\/09\/soutiensAU25_BTP-1536x725.jpg 1536w, https:\/\/www.archiurbain.be\/wp-content\/uploads\/2025\/09\/soutiensAU25_BTP.jpg 1631w, https:\/\/www.archiurbain.be\/wp-content\/uploads\/2025\/09\/soutiensAU25_BTP-191x90.jpg 191w\" sizes=\"auto, (max-width: 1024px) 100vw, 1024px\" \/><\/a><\/figure>\n","protected":false},"excerpt":{"rendered":"<p>Le dernier documentaire de\u00a0Mister Emma,\u00a0Beyond the Pavilion,\u00a0nous plonge dans l\u2019univers de cinq architectes wallons\u00a0qui ont port\u00e9 la cr\u00e9ativit\u00e9 belge sur la sc\u00e8ne internationale en concevant les pavillons nationaux pour des expositions majeures. \u00c0 travers leurs parcours, le film r\u00e9v\u00e8le des visions architecturales puissantes et contrast\u00e9es, ancr\u00e9es dans les enjeux de durabilit\u00e9, d\u2019innovation et d\u2019expression identitaire. Entre immersion dans leur quotidien et r\u00e9flexion sur le sens &hellip; <a href=\"https:\/\/www.archiurbain.be\/?p=14207\" class=\"more-link\">Continuer de lire <span class=\"screen-reader-text\">ARCHI URBAIN (20\/10) : Beyond The Pavilion \/ Cyril Rousseaux<\/span><\/a><\/p>\n","protected":false},"author":1,"featured_media":0,"comment_status":"open","ping_status":"open","sticky":false,"template":"","format":"standard","meta":{"_monsterinsights_skip_tracking":false,"_monsterinsights_sitenote_active":false,"_monsterinsights_sitenote_note":"","_monsterinsights_sitenote_category":0,"_jetpack_memberships_contains_paid_content":false,"footnotes":""},"categories":[8,15,3379,2251],"tags":[539,5862,3224,5846,5845,263,541,5841,5928],"class_list":["post-14207","post","type-post","status-publish","format-standard","hentry","category-archiurbain","category-architectures","category-videos","category-wallonie-2","tag-archi-urbain","tag-beyond-the-pavilion","tag-bx1","tag-carre-7","tag-cyril-rousseaux","tag-exposition-universelle","tag-mister-emma","tag-osaka","tag-sauver-des-vies"],"jetpack_featured_media_url":"","jetpack_sharing_enabled":true,"_links":{"self":[{"href":"https:\/\/www.archiurbain.be\/index.php?rest_route=\/wp\/v2\/posts\/14207","targetHints":{"allow":["GET"]}}],"collection":[{"href":"https:\/\/www.archiurbain.be\/index.php?rest_route=\/wp\/v2\/posts"}],"about":[{"href":"https:\/\/www.archiurbain.be\/index.php?rest_route=\/wp\/v2\/types\/post"}],"author":[{"embeddable":true,"href":"https:\/\/www.archiurbain.be\/index.php?rest_route=\/wp\/v2\/users\/1"}],"replies":[{"embeddable":true,"href":"https:\/\/www.archiurbain.be\/index.php?rest_route=%2Fwp%2Fv2%2Fcomments&post=14207"}],"version-history":[{"count":2,"href":"https:\/\/www.archiurbain.be\/index.php?rest_route=\/wp\/v2\/posts\/14207\/revisions"}],"predecessor-version":[{"id":14365,"href":"https:\/\/www.archiurbain.be\/index.php?rest_route=\/wp\/v2\/posts\/14207\/revisions\/14365"}],"wp:attachment":[{"href":"https:\/\/www.archiurbain.be\/index.php?rest_route=%2Fwp%2Fv2%2Fmedia&parent=14207"}],"wp:term":[{"taxonomy":"category","embeddable":true,"href":"https:\/\/www.archiurbain.be\/index.php?rest_route=%2Fwp%2Fv2%2Fcategories&post=14207"},{"taxonomy":"post_tag","embeddable":true,"href":"https:\/\/www.archiurbain.be\/index.php?rest_route=%2Fwp%2Fv2%2Ftags&post=14207"}],"curies":[{"name":"wp","href":"https:\/\/api.w.org\/{rel}","templated":true}]}}