{"id":14203,"date":"2025-10-19T18:45:00","date_gmt":"2025-10-19T16:45:00","guid":{"rendered":"https:\/\/www.archiurbain.be\/?p=14203"},"modified":"2025-09-28T16:17:22","modified_gmt":"2025-09-28T14:17:22","slug":"archi-urbain-20-08-beyond-the-pavilion-vincent-callebaut-2-3","status":"publish","type":"post","link":"https:\/\/www.archiurbain.be\/?p=14203","title":{"rendered":"ARCHI URBAIN (20\/08) : Beyond The Pavilion \/ Vincent Callebaut (2\/3)"},"content":{"rendered":"\n<figure class=\"wp-block-embed is-type-video is-provider-youtube wp-block-embed-youtube wp-embed-aspect-16-9 wp-has-aspect-ratio\"><div class=\"wp-block-embed__wrapper\">\n<div class=\"jetpack-video-wrapper\"><iframe loading=\"lazy\" title=\"ARCHI URBAIN (20\/08) : Beyond The Pavilion \/ Vincent Callebaut (2\/3)\" width=\"720\" height=\"405\" src=\"https:\/\/www.youtube.com\/embed\/Lh-gwe8T3cA?feature=oembed\" frameborder=\"0\" allow=\"accelerometer; autoplay; clipboard-write; encrypted-media; gyroscope; picture-in-picture; web-share\" referrerpolicy=\"strict-origin-when-cross-origin\" allowfullscreen><\/iframe><\/div>\n<\/div><\/figure>\n\n\n\n<p>Le dernier documentaire de&nbsp;<strong>Mister Emma<\/strong>,&nbsp;<strong>Beyond the Pavilion<\/strong>,&nbsp;nous plonge dans l\u2019univers de cinq <strong>architectes wallons<\/strong>&nbsp;qui ont port\u00e9 la cr\u00e9ativit\u00e9 belge sur la sc\u00e8ne internationale en concevant les pavillons nationaux pour des expositions majeures. \u00c0 travers leurs parcours, le film r\u00e9v\u00e8le des visions architecturales puissantes et contrast\u00e9es, ancr\u00e9es dans les enjeux de durabilit\u00e9, d\u2019innovation et d\u2019expression identitaire. Entre immersion dans leur quotidien et r\u00e9flexion sur le sens de b\u00e2tir pour demain, le documentaire dresse un portrait sensible et engag\u00e9 de l\u2019architecture wallonne contemporaine.<\/p>\n\n\n\n<p>Pour Archi Urbain, Emma vous propose une plong\u00e9e dans l\u2019univers des cinq architectes avec des portraits \u00e9toff\u00e9s et une immersion dans son quotidien lors du tournage du film en Asie.<\/p>\n\n\n\n<p>Cette production long format en 10 \u00e9pisodes vous emporte en France, en Espagne, aux \u00c9mirats arabes unis, en Chine, au Japon, \u00e0 Taiwan et aux \u00c9tats-Unis; un tour de monde que l\u2019on poursuit dans ce sixi\u00e8me \u00e9pisode avec le portrait de l\u2019architecte&nbsp;<strong>Vincent Callebaut<\/strong>.<\/p>\n\n\n\n<p>Architecte reconnu pour son engagement en faveur de l\u2019\u00e9cologie et du d\u00e9veloppement durable, il a con\u00e7u le pavillon de la Belgique \u00e0 l\u2019Exposition universelle de Duba\u00ef en 2021, baptis\u00e9&nbsp;<em>L\u2019Arche verte<\/em>. Son travail se distingue par des projets futuristes int\u00e9grant des solutions aux d\u00e9fis environnementaux, notamment le changement climatique. Son carnet de commandes t\u00e9moigne de la justesse de ses visions et, aujourd\u2019hui, il construit aux quatre coins du monde, diffusant son architecture visionnaire.<\/p>\n\n\n\n<p>Journaliste : Mister Emma<br>Images Taipei : Beno\u00eet Masse<br>R\u00e9alisation : Mister Emma<br>Musiques : Gabriel Govea Costea<br>Production : Les D\u00e9lires Productions<\/p>\n\n\n\n<p>Premi\u00e8re diffusion de cette \u00e9mission sur BX1 : 19 octobre 2025 \u00e0 18h30<\/p>\n\n\n\n<p>La r\u00e9alisation de cette \u00e9mission a \u00e9t\u00e9 rendue possible gr\u00e2ce au soutien de :<\/p>\n\n\n\n<figure class=\"wp-block-image size-large\"><a href=\"https:\/\/www.archiurbain.be\/wp-content\/uploads\/2025\/09\/soutiensAU25_BTP.jpg\"><img loading=\"lazy\" decoding=\"async\" width=\"1024\" height=\"483\" src=\"https:\/\/www.archiurbain.be\/wp-content\/uploads\/2025\/09\/soutiensAU25_BTP-1024x483.jpg\" alt=\"\" class=\"wp-image-14271\" srcset=\"https:\/\/www.archiurbain.be\/wp-content\/uploads\/2025\/09\/soutiensAU25_BTP-1024x483.jpg 1024w, https:\/\/www.archiurbain.be\/wp-content\/uploads\/2025\/09\/soutiensAU25_BTP-300x142.jpg 300w, https:\/\/www.archiurbain.be\/wp-content\/uploads\/2025\/09\/soutiensAU25_BTP-768x363.jpg 768w, https:\/\/www.archiurbain.be\/wp-content\/uploads\/2025\/09\/soutiensAU25_BTP-1536x725.jpg 1536w, https:\/\/www.archiurbain.be\/wp-content\/uploads\/2025\/09\/soutiensAU25_BTP.jpg 1631w, https:\/\/www.archiurbain.be\/wp-content\/uploads\/2025\/09\/soutiensAU25_BTP-191x90.jpg 191w\" sizes=\"auto, (max-width: 1024px) 100vw, 1024px\" \/><\/a><\/figure>\n","protected":false},"excerpt":{"rendered":"<p>Le dernier documentaire de&nbsp;Mister Emma,&nbsp;Beyond the Pavilion,&nbsp;nous plonge dans l\u2019univers de cinq architectes wallons&nbsp;qui ont port\u00e9 la cr\u00e9ativit\u00e9 belge sur la sc\u00e8ne internationale en concevant les pavillons nationaux pour des expositions majeures. \u00c0 travers leurs parcours, le film r\u00e9v\u00e8le des visions architecturales puissantes et contrast\u00e9es, ancr\u00e9es dans les enjeux de durabilit\u00e9, d\u2019innovation et d\u2019expression identitaire. Entre immersion dans leur quotidien et r\u00e9flexion sur le sens &hellip; <a href=\"https:\/\/www.archiurbain.be\/?p=14203\" class=\"more-link\">Continuer de lire <span class=\"screen-reader-text\">ARCHI URBAIN (20\/08) : Beyond The Pavilion \/ Vincent Callebaut (2\/3)<\/span><\/a><\/p>\n","protected":false},"author":1,"featured_media":0,"comment_status":"open","ping_status":"open","sticky":false,"template":"","format":"standard","meta":{"_monsterinsights_skip_tracking":false,"_monsterinsights_sitenote_active":false,"_monsterinsights_sitenote_note":"","_monsterinsights_sitenote_category":0,"_jetpack_memberships_contains_paid_content":false,"footnotes":""},"categories":[8,15,2252,3379,2251],"tags":[539,5913,5862,3224,4789,3164,263,541,3165,5927,4792],"class_list":["post-14203","post","type-post","status-publish","format-standard","hentry","category-archiurbain","category-architectures","category-belgique-2","category-videos","category-wallonie-2","tag-archi-urbain","tag-architectes-wallons","tag-beyond-the-pavilion","tag-bx1","tag-dubai-2","tag-ecologie","tag-exposition-universelle","tag-mister-emma","tag-paris","tag-taipei","tag-vincent-callebaut"],"jetpack_featured_media_url":"","jetpack_sharing_enabled":true,"_links":{"self":[{"href":"https:\/\/www.archiurbain.be\/index.php?rest_route=\/wp\/v2\/posts\/14203","targetHints":{"allow":["GET"]}}],"collection":[{"href":"https:\/\/www.archiurbain.be\/index.php?rest_route=\/wp\/v2\/posts"}],"about":[{"href":"https:\/\/www.archiurbain.be\/index.php?rest_route=\/wp\/v2\/types\/post"}],"author":[{"embeddable":true,"href":"https:\/\/www.archiurbain.be\/index.php?rest_route=\/wp\/v2\/users\/1"}],"replies":[{"embeddable":true,"href":"https:\/\/www.archiurbain.be\/index.php?rest_route=%2Fwp%2Fv2%2Fcomments&post=14203"}],"version-history":[{"count":3,"href":"https:\/\/www.archiurbain.be\/index.php?rest_route=\/wp\/v2\/posts\/14203\/revisions"}],"predecessor-version":[{"id":14362,"href":"https:\/\/www.archiurbain.be\/index.php?rest_route=\/wp\/v2\/posts\/14203\/revisions\/14362"}],"wp:attachment":[{"href":"https:\/\/www.archiurbain.be\/index.php?rest_route=%2Fwp%2Fv2%2Fmedia&parent=14203"}],"wp:term":[{"taxonomy":"category","embeddable":true,"href":"https:\/\/www.archiurbain.be\/index.php?rest_route=%2Fwp%2Fv2%2Fcategories&post=14203"},{"taxonomy":"post_tag","embeddable":true,"href":"https:\/\/www.archiurbain.be\/index.php?rest_route=%2Fwp%2Fv2%2Ftags&post=14203"}],"curies":[{"name":"wp","href":"https:\/\/api.w.org\/{rel}","templated":true}]}}