{"id":14186,"date":"2025-08-31T18:30:00","date_gmt":"2025-08-31T16:30:00","guid":{"rendered":"https:\/\/www.archiurbain.be\/?p=14186"},"modified":"2025-08-30T10:42:10","modified_gmt":"2025-08-30T08:42:10","slug":"archi-urbain-20-01-of7-waterloo","status":"publish","type":"post","link":"https:\/\/www.archiurbain.be\/?p=14186","title":{"rendered":"ARCHI URBAIN (20\/01) : OF7 \/ Waterloo"},"content":{"rendered":"\n<figure class=\"wp-block-embed is-type-video is-provider-youtube wp-block-embed-youtube wp-embed-aspect-16-9 wp-has-aspect-ratio\"><div class=\"wp-block-embed__wrapper\">\n<div class=\"jetpack-video-wrapper\"><iframe loading=\"lazy\" title=\"ARCHI URBAIN (20\/01) : OF7 \/ Waterloo\" width=\"720\" height=\"405\" src=\"https:\/\/www.youtube.com\/embed\/gq3O6_D5gaA?feature=oembed\" frameborder=\"0\" allow=\"accelerometer; autoplay; clipboard-write; encrypted-media; gyroscope; picture-in-picture; web-share\" referrerpolicy=\"strict-origin-when-cross-origin\" allowfullscreen><\/iframe><\/div>\n<\/div><\/figure>\n\n\n\n<p>Un int\u00e9rieur d\u2019\u00eelot, un b\u00e2timent trop grand, une cour enti\u00e8rement asphalt\u00e9e, voici les donn\u00e9es de d\u00e9part du projet&nbsp;<strong>Waterloo<\/strong>&nbsp;que l\u2019architecte&nbsp;<strong><a href=\"https:\/\/www.archiurbain.be\/?p=12427\">Wissam Salim<\/a><\/strong>&nbsp;du bureau&nbsp;<strong>OF7<\/strong>&nbsp;nous pr\u00e9sente dans cette \u00e9mission. La demande du ma\u00eetre d\u2019ouvrage : r\u00e9nover le bien tout en conservant son caract\u00e8re industriel avec la cr\u00e9ation de trois unit\u00e9s de logement, d\u2019un local pour une profession lib\u00e9rale et d\u2019espaces partag\u00e9s comme une buanderie, un stockage v\u00e9lo. Un jardin priv\u00e9 et communautaire remplacent le bitume actuel de la cour int\u00e9rieure. L\u2019utilisation de mat\u00e9riaux bio-sourc\u00e9s, le r\u00e9-emploi sot au c\u0153ur de la r\u00e9flexion des architectes et du ma\u00eetre d\u2019ouvrage.<\/p>\n\n\n\n<p>Ce projet avait d\u00e9j\u00e0 fait l\u2019objet d\u2019un reportage lors de la pr\u00e9c\u00e9dent saison d\u2019Archi Urbain mais le chantier n\u2019\u00e9tait pas termin\u00e9. Aujourd\u2019hui, les propri\u00e9taires ont pris pleinement possession de leur bien qui est habit\u00e9. C\u2019est lors d\u2019une journ\u00e9e caniculaire de juillet 2025 que Mister Emma s\u2019est rendu sur les lieux pour compl\u00e9ter le reportage que l\u2019on vous propose ce jour dans Archi Urbain.<\/p>\n\n\n\n<p>Dans la seconde partie de l\u2019\u00e9mission, Mister Emma vous emm\u00e8ne sur la dalle de l\u2019ancien CCN (<strong>Centre Communication Nord<\/strong>) qui jouxte la Gare du Nord pour vous pr\u00e9senter une occupation temporaire \u2013 qui a ouvert ses portes le 22 ao\u00fbt 2025 \u2013 en compagnie de la curatrice&nbsp;<strong>Pauline Omnes<\/strong>&nbsp;et de l\u2019architecte&nbsp;<strong>Vittorio Romieri<\/strong>&nbsp;(<strong>Alter<\/strong>). Un nouveau \u2018place to be\u2019 dans le paysage du quartier&nbsp;<strong>BX.Nord<\/strong>&nbsp;\u00e0 Bruxelles.<\/p>\n\n\n\n<p>Journaliste : Mister Emma<br>R\u00e9alisation : Mister Emma<br>Musiques : Gabriel Govea Costea<br>Production : Les D\u00e9lires Productions<\/p>\n\n\n\n<p>Premi\u00e8re diffusion de cette \u00e9mission sur BX1 : 31 ao\u00fbt 2025 \u00e0 18h15<\/p>\n\n\n\n<p>La r\u00e9alisation de cette \u00e9mission a \u00e9t\u00e9 rendue possible gr\u00e2ce au soutien de :<\/p>\n\n\n\n<figure class=\"wp-block-image size-large\"><a href=\"https:\/\/www.archiurbain.be\/wp-content\/uploads\/2025\/08\/soutiensAU25.jpg\"><img loading=\"lazy\" decoding=\"async\" width=\"1024\" height=\"483\" src=\"https:\/\/www.archiurbain.be\/wp-content\/uploads\/2025\/08\/soutiensAU25-1024x483.jpg\" alt=\"\" class=\"wp-image-14267\" srcset=\"https:\/\/www.archiurbain.be\/wp-content\/uploads\/2025\/08\/soutiensAU25-1024x483.jpg 1024w, https:\/\/www.archiurbain.be\/wp-content\/uploads\/2025\/08\/soutiensAU25-300x142.jpg 300w, https:\/\/www.archiurbain.be\/wp-content\/uploads\/2025\/08\/soutiensAU25-768x363.jpg 768w, https:\/\/www.archiurbain.be\/wp-content\/uploads\/2025\/08\/soutiensAU25-1536x725.jpg 1536w, https:\/\/www.archiurbain.be\/wp-content\/uploads\/2025\/08\/soutiensAU25.jpg 1631w, https:\/\/www.archiurbain.be\/wp-content\/uploads\/2025\/08\/soutiensAU25-191x90.jpg 191w\" sizes=\"auto, (max-width: 1024px) 100vw, 1024px\" \/><\/a><\/figure>\n","protected":false},"excerpt":{"rendered":"<p>Un int\u00e9rieur d\u2019\u00eelot, un b\u00e2timent trop grand, une cour enti\u00e8rement asphalt\u00e9e, voici les donn\u00e9es de d\u00e9part du projet&nbsp;Waterloo&nbsp;que l\u2019architecte&nbsp;Wissam Salim&nbsp;du bureau&nbsp;OF7&nbsp;nous pr\u00e9sente dans cette \u00e9mission. La demande du ma\u00eetre d\u2019ouvrage : r\u00e9nover le bien tout en conservant son caract\u00e8re industriel avec la cr\u00e9ation de trois unit\u00e9s de logement, d\u2019un local pour une profession lib\u00e9rale et d\u2019espaces partag\u00e9s comme une buanderie, un stockage v\u00e9lo. Un jardin &hellip; <a href=\"https:\/\/www.archiurbain.be\/?p=14186\" class=\"more-link\">Continuer de lire <span class=\"screen-reader-text\">ARCHI URBAIN (20\/01) : OF7 \/ Waterloo<\/span><\/a><\/p>\n","protected":false},"author":1,"featured_media":0,"comment_status":"open","ping_status":"open","sticky":false,"template":"","format":"standard","meta":{"_monsterinsights_skip_tracking":false,"_monsterinsights_sitenote_active":false,"_monsterinsights_sitenote_note":"","_monsterinsights_sitenote_category":0,"_jetpack_memberships_contains_paid_content":false,"footnotes":""},"categories":[8,15,2252,35,3379],"tags":[5781,539,540,3162,5905,3224,4683,5902,3164,2105,541,5452,5903,5314,98,5904,5500],"class_list":["post-14186","post","type-post","status-publish","format-standard","hentry","category-archiurbain","category-architectures","category-belgique-2","category-bruxelles","category-videos","tag-alter","tag-archi-urbain","tag-architecture","tag-bruxelles","tag-bx-nord","tag-bx1","tag-ccn","tag-centre-communication-nord","tag-ecologie","tag-gare-du-nord","tag-mister-emma","tag-of7","tag-pauline-omnes","tag-renolab","tag-renovation","tag-vittorio-romieri","tag-wissam-salim"],"jetpack_featured_media_url":"","jetpack_sharing_enabled":true,"_links":{"self":[{"href":"https:\/\/www.archiurbain.be\/index.php?rest_route=\/wp\/v2\/posts\/14186","targetHints":{"allow":["GET"]}}],"collection":[{"href":"https:\/\/www.archiurbain.be\/index.php?rest_route=\/wp\/v2\/posts"}],"about":[{"href":"https:\/\/www.archiurbain.be\/index.php?rest_route=\/wp\/v2\/types\/post"}],"author":[{"embeddable":true,"href":"https:\/\/www.archiurbain.be\/index.php?rest_route=\/wp\/v2\/users\/1"}],"replies":[{"embeddable":true,"href":"https:\/\/www.archiurbain.be\/index.php?rest_route=%2Fwp%2Fv2%2Fcomments&post=14186"}],"version-history":[{"count":3,"href":"https:\/\/www.archiurbain.be\/index.php?rest_route=\/wp\/v2\/posts\/14186\/revisions"}],"predecessor-version":[{"id":14269,"href":"https:\/\/www.archiurbain.be\/index.php?rest_route=\/wp\/v2\/posts\/14186\/revisions\/14269"}],"wp:attachment":[{"href":"https:\/\/www.archiurbain.be\/index.php?rest_route=%2Fwp%2Fv2%2Fmedia&parent=14186"}],"wp:term":[{"taxonomy":"category","embeddable":true,"href":"https:\/\/www.archiurbain.be\/index.php?rest_route=%2Fwp%2Fv2%2Fcategories&post=14186"},{"taxonomy":"post_tag","embeddable":true,"href":"https:\/\/www.archiurbain.be\/index.php?rest_route=%2Fwp%2Fv2%2Ftags&post=14186"}],"curies":[{"name":"wp","href":"https:\/\/api.w.org\/{rel}","templated":true}]}}