{"id":14039,"date":"2025-06-01T02:42:51","date_gmt":"2025-06-01T00:42:51","guid":{"rendered":"https:\/\/www.archiurbain.be\/?p=14039"},"modified":"2025-06-01T02:42:53","modified_gmt":"2025-06-01T00:42:53","slug":"exposition-francoise-schein-aipotu","status":"publish","type":"post","link":"https:\/\/www.archiurbain.be\/?p=14039","title":{"rendered":"EXPOSITION : Fran\u00e7oise Schein. AIPOTU."},"content":{"rendered":"\n<p>Depuis 35 ans, Fran\u00e7oise Schein (Bruxelles, 1953) inscrit les Droits de l\u2019Homme dans l\u2019espace public, tissant un r\u00e9seau d\u2019\u0153uvres monumentales aux quatre coins du monde.&nbsp;De la station de m\u00e9tro du Parvis de Saint-Gilles&nbsp;\u00e0 celle de la Concorde \u00e0 Paris&nbsp;en passant par le Chemin des Droits humains \u00e0 Brasilia, elle transforme les villes par des cr\u00e9ations souvent participatives, engageant les citoyens dans la m\u00e9tamorphose de leur environnement urbain.<\/p>\n\n\n\n<p>En parall\u00e8le \u00e0 ces interventions monumentales, des \u0153uvres plus intimistes, d\u00e9licates et pr\u00e9cieuses, contrastent avec ce gigantisme.<br><br>Pour la premi\u00e8re fois, ces deux volets de l\u2019\u0153uvre de Fran\u00e7oise Schein sont rassembl\u00e9s au sein d\u2019une grande exposition produite par la Cellule architecture de la FWB en partenariat avec le Grand Curtius \u00e0 Li\u00e8ge<\/p>\n\n\n\n<p><strong>FRAN\u00c7OISE SCHEIN. AIPOTU. Un portrait \u00e0 rebours<\/strong><br>L\u2019exposition propose un regard crois\u00e9 sur ses \u0153uvres publiques embl\u00e9matiques, ses peintures et ses nombreuses sculptures \u2013 dont plusieurs sont d\u00e9voil\u00e9es pour la premi\u00e8re fois. Elle met en lumi\u00e8re les grandes th\u00e9matiques qui traversent le travail de l\u2019artiste et propose une immersion dans un univers o\u00f9 l\u2019art se fait vecteur de pens\u00e9e et d\u2019engagement. De Rio \u00e0 Ramallah, de Paris \u00e0 Port-au-Prince, de Fraipont \u00e0 Lisbonne, ses projets sont autant d\u2019autoportraits \u00e0 rebours de l\u2019artiste. Des utopies. Ou \u00e0 rebours&nbsp;:&nbsp;<em>aipotu.<\/em><\/p>\n\n\n\n<p><strong>Publication<\/strong><br>Un ouvrage en deux langues (FR\/EN) accompagne l\u2019exposition : Zalcberg, Betina,&nbsp;<em>Aipotu. Fran\u00e7oise Schein. Un portrait \u00e0 rebours. A portrait in reverse,&nbsp;<\/em>Editions Cellule architecture de la F\u00e9d\u00e9ration Wallonie-Bruxelles, Bruxelles, 2025 \u2013 ISBN : 978-2-930705-53-8<br>En vente dans les boutiques du Grand Curtius et de la Boverie ainsi que dans toutes les librairies : 20 \u20ac.<\/p>\n\n\n\n<p><strong>Plus d&rsquo;infos :<\/strong> <strong>Exposition au Grand Curtius Li\u00e8ge<\/strong> <strong>du 16.05 au 31.08.2025<\/strong><\/p>\n\n\n\n<figure class=\"wp-block-image size-large\"><a href=\"https:\/\/www.archiurbain.be\/wp-content\/uploads\/2025\/06\/Affiche-de-lexposition-Francoise-Schein.jpg\"><img loading=\"lazy\" decoding=\"async\" width=\"724\" height=\"1024\" src=\"https:\/\/www.archiurbain.be\/wp-content\/uploads\/2025\/06\/Affiche-de-lexposition-Francoise-Schein-724x1024.jpg\" alt=\"\" class=\"wp-image-14040\" srcset=\"https:\/\/www.archiurbain.be\/wp-content\/uploads\/2025\/06\/Affiche-de-lexposition-Francoise-Schein-724x1024.jpg 724w, https:\/\/www.archiurbain.be\/wp-content\/uploads\/2025\/06\/Affiche-de-lexposition-Francoise-Schein-212x300.jpg 212w, https:\/\/www.archiurbain.be\/wp-content\/uploads\/2025\/06\/Affiche-de-lexposition-Francoise-Schein-768x1086.jpg 768w, https:\/\/www.archiurbain.be\/wp-content\/uploads\/2025\/06\/Affiche-de-lexposition-Francoise-Schein-64x90.jpg 64w, https:\/\/www.archiurbain.be\/wp-content\/uploads\/2025\/06\/Affiche-de-lexposition-Francoise-Schein.jpg 849w\" sizes=\"auto, (max-width: 724px) 100vw, 724px\" \/><\/a><figcaption class=\"wp-element-caption\">Affiche de l&rsquo;exposition Fran\u00e7oise Schein<\/figcaption><\/figure>\n","protected":false},"excerpt":{"rendered":"<p>Depuis 35 ans, Fran\u00e7oise Schein (Bruxelles, 1953) inscrit les Droits de l\u2019Homme dans l\u2019espace public, tissant un r\u00e9seau d\u2019\u0153uvres monumentales aux quatre coins du monde.&nbsp;De la station de m\u00e9tro du Parvis de Saint-Gilles&nbsp;\u00e0 celle de la Concorde \u00e0 Paris&nbsp;en passant par le Chemin des Droits humains \u00e0 Brasilia, elle transforme les villes par des cr\u00e9ations souvent participatives, engageant les citoyens dans la m\u00e9tamorphose de leur &hellip; <a href=\"https:\/\/www.archiurbain.be\/?p=14039\" class=\"more-link\">Continuer de lire <span class=\"screen-reader-text\">EXPOSITION : Fran\u00e7oise Schein. AIPOTU.<\/span><\/a><\/p>\n","protected":false},"author":1,"featured_media":0,"comment_status":"open","ping_status":"open","sticky":false,"template":"","format":"standard","meta":{"_monsterinsights_skip_tracking":false,"_monsterinsights_sitenote_active":false,"_monsterinsights_sitenote_note":"","_monsterinsights_sitenote_category":0,"_jetpack_memberships_contains_paid_content":false,"footnotes":""},"categories":[3377,4161],"tags":[5847,540,861,391,5477,5848],"class_list":["post-14039","post","type-post","status-publish","format-standard","hentry","category-agenda","category-exposition","tag-aipotu","tag-architecture","tag-art","tag-exposition","tag-francoise-schein","tag-grand-curtius"],"jetpack_featured_media_url":"","jetpack_sharing_enabled":true,"_links":{"self":[{"href":"https:\/\/www.archiurbain.be\/index.php?rest_route=\/wp\/v2\/posts\/14039","targetHints":{"allow":["GET"]}}],"collection":[{"href":"https:\/\/www.archiurbain.be\/index.php?rest_route=\/wp\/v2\/posts"}],"about":[{"href":"https:\/\/www.archiurbain.be\/index.php?rest_route=\/wp\/v2\/types\/post"}],"author":[{"embeddable":true,"href":"https:\/\/www.archiurbain.be\/index.php?rest_route=\/wp\/v2\/users\/1"}],"replies":[{"embeddable":true,"href":"https:\/\/www.archiurbain.be\/index.php?rest_route=%2Fwp%2Fv2%2Fcomments&post=14039"}],"version-history":[{"count":1,"href":"https:\/\/www.archiurbain.be\/index.php?rest_route=\/wp\/v2\/posts\/14039\/revisions"}],"predecessor-version":[{"id":14041,"href":"https:\/\/www.archiurbain.be\/index.php?rest_route=\/wp\/v2\/posts\/14039\/revisions\/14041"}],"wp:attachment":[{"href":"https:\/\/www.archiurbain.be\/index.php?rest_route=%2Fwp%2Fv2%2Fmedia&parent=14039"}],"wp:term":[{"taxonomy":"category","embeddable":true,"href":"https:\/\/www.archiurbain.be\/index.php?rest_route=%2Fwp%2Fv2%2Fcategories&post=14039"},{"taxonomy":"post_tag","embeddable":true,"href":"https:\/\/www.archiurbain.be\/index.php?rest_route=%2Fwp%2Fv2%2Ftags&post=14039"}],"curies":[{"name":"wp","href":"https:\/\/api.w.org\/{rel}","templated":true}]}}