{"id":1396,"date":"2012-06-25T08:21:31","date_gmt":"2012-06-25T06:21:31","guid":{"rendered":"http:\/\/www.archiurbain.be\/?p=1396"},"modified":"2021-01-11T10:26:38","modified_gmt":"2021-01-11T09:26:38","slug":"television-emissions-de-la-saison-1112","status":"publish","type":"post","link":"https:\/\/www.archiurbain.be\/?p=1396","title":{"rendered":"TELE-BRUXELLES : Emissions de la saison 6 (2011-2012)"},"content":{"rendered":"\n<div class=\"wp-block-image\"><figure class=\"aligncenter\"><a href=\"https:\/\/www.archiurbain.be\/wp-content\/uploads\/2011\/09\/O2Architecte_Creche_Saint_Francois.jpg\"><img loading=\"lazy\" decoding=\"async\" width=\"225\" height=\"300\" src=\"https:\/\/www.archiurbain.be\/wp-content\/uploads\/2011\/09\/O2Architecte_Creche_Saint_Francois-225x300.jpg\" alt=\"\" class=\"wp-image-1411\" title=\"O2Architecte_Creche_Saint_Francois\" srcset=\"https:\/\/www.archiurbain.be\/wp-content\/uploads\/2011\/09\/O2Architecte_Creche_Saint_Francois-225x300.jpg 225w, https:\/\/www.archiurbain.be\/wp-content\/uploads\/2011\/09\/O2Architecte_Creche_Saint_Francois.jpg 750w\" sizes=\"auto, (max-width: 225px) 100vw, 225px\" \/><\/a><\/figure><\/div>\n\n\n\n<p>Vous retrouverez, ci-dessous, toutes les \u00e9missions de la saison 2011\/2012 qui ont \u00e9t\u00e9 diffus\u00e9e sur l&rsquo;antenne de&nbsp;<a href=\"http:\/\/www.telebruxelles.net\/\">T\u00e9l\u00e9-Bruxelles<\/a>.<img decoding=\"async\" title=\"Lire la suite\u2026\" src=\"https:\/\/www.archiurbain.be\/wp-includes\/js\/tinymce\/plugins\/wordpress\/img\/trans.gif\" alt=\"\"><\/p>\n\n\n\n<p><strong>25 septembre 2011 \u2013 Emission 1<\/strong><\/p>\n\n\n\n<p><a title=\"VIDEO : Fa\u00e7ade de l\u2019H\u00f4tel Aubecq (Victor Horta)\" href=\"https:\/\/www.archiurbain.be\/?p=1501\">FA\u00e7ADE DE L&rsquo;H\u00d4TEL AUBECQ<\/a> (VICTOR HORTA) : Mister Emma retrouve Guy Conde-Reis rue Navez \u00e0 Bruxelles dans le cadre d&rsquo;une exposition exceptionnelle de la fa\u00e7ade de l&rsquo;H\u00f4tel Aubecq r\u00e9alis\u00e9e par Victor Horta.<\/p>\n\n\n\n<div class=\"wp-block-image\"><figure class=\"aligncenter\"><a href=\"https:\/\/www.archiurbain.be\/wp-content\/uploads\/2011\/09\/Hotel_Aubecq.jpg\"><img loading=\"lazy\" decoding=\"async\" width=\"150\" height=\"150\" src=\"https:\/\/www.archiurbain.be\/wp-content\/uploads\/2011\/09\/Hotel_Aubecq-150x150.jpg\" alt=\"\" class=\"wp-image-1410\" title=\"Hotel_Aubecq\" srcset=\"https:\/\/www.archiurbain.be\/wp-content\/uploads\/2011\/09\/Hotel_Aubecq-150x150.jpg 150w, https:\/\/www.archiurbain.be\/wp-content\/uploads\/2011\/09\/Hotel_Aubecq-50x50.jpg 50w\" sizes=\"auto, (max-width: 150px) 100vw, 150px\" \/><\/a><\/figure><\/div>\n\n\n\n<p><strong>02 octobre 2011 \u2013 Emission 2<\/strong><\/p>\n\n\n\n<p><a title=\"VIDEO : ID-Espace\" href=\"https:\/\/www.archiurbain.be\/?p=1454\">ID-ESPACE \/ ORDRE DES ARCHITECTES<\/a> : A l&rsquo;occasion du d\u00e9m\u00e9nagement historique du Conseil Franco-germanophone et de celui de l&rsquo;Ordre de Bruxelles-Capitale et du Brabant-Wallon, Mister Emma en profite pour poser quelques questions aux pr\u00e9sidents des deux sections, Jean Thiry et Ariane Hecht sur l&rsquo;utilit\u00e9 et l&rsquo;importance de l&rsquo;Ordre pour la profession. Il rencontre, \u00e9galement l&rsquo;architecte, Ma\u00eft\u00e9 Vanderose du bureau ID-Espace pour la questionner sur son implication quant \u00e0 l&rsquo;am\u00e9nagement des nouveaux locaux.<\/p>\n\n\n\n<p><strong>09 octobre 2011 \u2013 Emission 3<\/strong><\/p>\n\n\n\n<p><a href=\"https:\/\/www.archiurbain.be\/?p=3746\">PIERRE BLONDEL \/ LOGEMENTS<\/a> : Mister Emma se rend \u00e0 la rue Vervloet pour d\u00e9couvrir un ensemble de logements en compagnie de l&rsquo;architecte Pierre Blondel.<\/p>\n\n\n\n<div class=\"wp-block-image\"><figure class=\"aligncenter\"><a href=\"https:\/\/www.archiurbain.be\/wp-content\/uploads\/2011\/09\/Pierre_Blondel.jpg\"><img loading=\"lazy\" decoding=\"async\" width=\"150\" height=\"150\" src=\"https:\/\/www.archiurbain.be\/wp-content\/uploads\/2011\/09\/Pierre_Blondel-150x150.jpg\" alt=\"\" class=\"wp-image-1412\" title=\"Pierre_Blondel\" srcset=\"https:\/\/www.archiurbain.be\/wp-content\/uploads\/2011\/09\/Pierre_Blondel-150x150.jpg 150w, https:\/\/www.archiurbain.be\/wp-content\/uploads\/2011\/09\/Pierre_Blondel-50x50.jpg 50w\" sizes=\"auto, (max-width: 150px) 100vw, 150px\" \/><\/a><\/figure><\/div>\n\n\n\n<p><strong>16 octobre 2011 \u2013 Emission 4<\/strong><\/p>\n\n\n\n<p><a title=\"VIDEO : Vortex\" href=\"https:\/\/www.archiurbain.be\/?p=1521\">VORTEX \/ AMENAGEMENT ETAGE SUPERIEUR D&rsquo;UNE MAISON DE MAITRE<\/a> : Mister Emma vous propose de d\u00e9couvrir le&nbsp;bureau d\u2019architecture Vortex au travers d\u2019une maison de ma\u00eetre \u00e0 Schaerbeek et par le biais des trois composants de l&rsquo;entreprise : Nathalie&nbsp;Ghellynck , John&nbsp;Malengreau et Paul&nbsp;Robinet.<\/p>\n\n\n\n<div class=\"wp-block-image\"><figure class=\"aligncenter\"><a href=\"https:\/\/www.archiurbain.be\/wp-content\/uploads\/2011\/09\/Archi_Urbain_Vortex.jpg\"><img loading=\"lazy\" decoding=\"async\" width=\"150\" height=\"150\" src=\"https:\/\/www.archiurbain.be\/wp-content\/uploads\/2011\/09\/Archi_Urbain_Vortex-150x150.jpg\" alt=\"\" class=\"wp-image-1427\" title=\"Archi_Urbain_Vortex\" srcset=\"https:\/\/www.archiurbain.be\/wp-content\/uploads\/2011\/09\/Archi_Urbain_Vortex-150x150.jpg 150w, https:\/\/www.archiurbain.be\/wp-content\/uploads\/2011\/09\/Archi_Urbain_Vortex-50x50.jpg 50w\" sizes=\"auto, (max-width: 150px) 100vw, 150px\" \/><\/a><\/figure><\/div>\n\n\n\n<p><strong>23 octobre 2011 \u2013 Emission 5<\/strong><\/p>\n\n\n\n<p><a title=\"VIDEO : Bham Design Studio\" href=\"https:\/\/www.archiurbain.be\/?p=1532\">BHAM \/ CHATEAU D&rsquo;EAU <\/a>: Mister Emma se rend \u00e0 Zaventem pour admirer les vols d&rsquo;avion des fen\u00eatres d&rsquo;une maison tr\u00e8s particuli\u00e8re. En effet, Mauro Brigham, architecte d&rsquo;int\u00e9rieur du bureau Bham Design Studio, a transform\u00e9 pour le compte de propri\u00e9taires priv\u00e9s un ch\u00e2teau d&rsquo;eau en une habitation uni-familiale.<\/p>\n\n\n\n<div class=\"wp-block-image\"><figure class=\"aligncenter\"><a href=\"https:\/\/www.archiurbain.be\/wp-content\/uploads\/2011\/09\/Bham_Chateau_eau.jpg\"><img loading=\"lazy\" decoding=\"async\" width=\"150\" height=\"150\" src=\"https:\/\/www.archiurbain.be\/wp-content\/uploads\/2011\/09\/Bham_Chateau_eau-150x150.jpg\" alt=\"\" class=\"wp-image-1413\" title=\"Bham_Chateau_eau\" srcset=\"https:\/\/www.archiurbain.be\/wp-content\/uploads\/2011\/09\/Bham_Chateau_eau-150x150.jpg 150w, https:\/\/www.archiurbain.be\/wp-content\/uploads\/2011\/09\/Bham_Chateau_eau-50x50.jpg 50w\" sizes=\"auto, (max-width: 150px) 100vw, 150px\" \/><\/a><\/figure><\/div>\n\n\n\n<p><strong>30 octobre 2011 \u2013 Emission 6<\/strong><\/p>\n\n\n\n<p><a title=\"VIDEO : Carri\u00e8res Pierre Bleue Belge\" href=\"https:\/\/www.archiurbain.be\/?p=1539\">PIERRE BLEUE BELGE<\/a> : Mister Emma vous propose une visite guid\u00e9e du mat\u00e9riaux -probablement &#8211; le plus utilis\u00e9 dans nos habitations : la pierre bleue. Il se rend \u00e0 la carri\u00e8re Pierre Bleue Belge \u00e0 Neufvilles pour vous faire d\u00e9couvrir le parcours de la pierre de l&rsquo;extraction au produit fini.<\/p>\n\n\n\n<div class=\"wp-block-image\"><figure class=\"aligncenter\"><a href=\"https:\/\/www.archiurbain.be\/wp-content\/uploads\/2011\/09\/Archi_Urbain_Pierre_Bleue_Belge.jpg\"><img loading=\"lazy\" decoding=\"async\" width=\"150\" height=\"150\" src=\"https:\/\/www.archiurbain.be\/wp-content\/uploads\/2011\/09\/Archi_Urbain_Pierre_Bleue_Belge-150x150.jpg\" alt=\"\" class=\"wp-image-1416\" title=\"Archi_Urbain_Pierre_Bleue_Belge\" srcset=\"https:\/\/www.archiurbain.be\/wp-content\/uploads\/2011\/09\/Archi_Urbain_Pierre_Bleue_Belge-150x150.jpg 150w, https:\/\/www.archiurbain.be\/wp-content\/uploads\/2011\/09\/Archi_Urbain_Pierre_Bleue_Belge-50x50.jpg 50w\" sizes=\"auto, (max-width: 150px) 100vw, 150px\" \/><\/a><\/figure><\/div>\n\n\n\n<p><strong>13 novembre 2011 \u2013 Emission 7<\/strong><\/p>\n\n\n\n<p><a href=\"https:\/\/www.archiurbain.be\/?p=3884\">MDW ARCHITECTURE \/ LA SAVONNERIE<\/a> : Ce n&rsquo;est pas la premi\u00e8re ann\u00e9e que Mister Emma rencontre Gilles Debrun pour suivre le chantier de la Savonnerie en plein centre de Bruxelles. Aujourd&rsquo;hui, les travaux sont termin\u00e9s et il d\u00e9couvre en compagnie de l&rsquo;architecte du bureau MDW Architecture l&rsquo;ensemble du projet.<\/p>\n\n\n\n<div class=\"wp-block-image\"><figure class=\"aligncenter\"><a href=\"https:\/\/www.archiurbain.be\/wp-content\/uploads\/2011\/09\/Archi_Urbain_MDW_Savonnerie.jpg\"><img loading=\"lazy\" decoding=\"async\" width=\"150\" height=\"150\" src=\"https:\/\/www.archiurbain.be\/wp-content\/uploads\/2011\/09\/Archi_Urbain_MDW_Savonnerie-150x150.jpg\" alt=\"\" class=\"wp-image-1417\" title=\"Archi_Urbain_MDW_Savonnerie\" srcset=\"https:\/\/www.archiurbain.be\/wp-content\/uploads\/2011\/09\/Archi_Urbain_MDW_Savonnerie-150x150.jpg 150w, https:\/\/www.archiurbain.be\/wp-content\/uploads\/2011\/09\/Archi_Urbain_MDW_Savonnerie-50x50.jpg 50w\" sizes=\"auto, (max-width: 150px) 100vw, 150px\" \/><\/a><\/figure><\/div>\n\n\n\n<p><strong>20 novembre 2011 \u2013 Emission 8<\/strong><\/p>\n\n\n\n<p><a title=\"VIDEO : M Architecture\" href=\"https:\/\/www.archiurbain.be\/?p=1601\">M ARCHITECTURE \/ RENOVATION COTE JARDIN<\/a> : Mister Emma a rendez-vous chez Pascal Monniez \u00e0 Schaerbeek pour y d\u00e9couvrir les r\u00e9novations de son habitation. Ensemble, ils iront, \u00e9galement, voir une autre r\u00e9alisation du bureau M Architecture dans une habitation uni-familiale.<\/p>\n\n\n\n<div class=\"wp-block-image\"><figure class=\"aligncenter\"><a href=\"https:\/\/www.archiurbain.be\/wp-content\/uploads\/2011\/09\/Archi_Urbain_M_Architecture.jpg\"><img loading=\"lazy\" decoding=\"async\" width=\"150\" height=\"150\" src=\"https:\/\/www.archiurbain.be\/wp-content\/uploads\/2011\/09\/Archi_Urbain_M_Architecture-150x150.jpg\" alt=\"\" class=\"wp-image-1418\" title=\"Archi_Urbain_M_Architecture\" srcset=\"https:\/\/www.archiurbain.be\/wp-content\/uploads\/2011\/09\/Archi_Urbain_M_Architecture-150x150.jpg 150w, https:\/\/www.archiurbain.be\/wp-content\/uploads\/2011\/09\/Archi_Urbain_M_Architecture-50x50.jpg 50w\" sizes=\"auto, (max-width: 150px) 100vw, 150px\" \/><\/a><\/figure><\/div>\n\n\n\n<p><strong>27 novembre 2011 \u2013 Emission 9<\/strong><\/p>\n\n\n\n<p><a href=\"https:\/\/www.archiurbain.be\/?p=3861\">ARCHITECTURE&nbsp;LOWETTE \/ PORTRAIT<\/a> (1) : Par cette premi\u00e8re rencontre avec l&rsquo;architecte Karel Lowette, Mister Emma dresse le portrait d&rsquo;un homme engag\u00e9 pour Bruxelles.<\/p>\n\n\n\n<div class=\"wp-block-image\"><figure class=\"aligncenter\"><a href=\"https:\/\/www.archiurbain.be\/wp-content\/uploads\/2011\/09\/Archi_Urbain_Lowette_Bruxelles.jpg\"><img loading=\"lazy\" decoding=\"async\" width=\"150\" height=\"150\" src=\"https:\/\/www.archiurbain.be\/wp-content\/uploads\/2011\/09\/Archi_Urbain_Lowette_Bruxelles-150x150.jpg\" alt=\"\" class=\"wp-image-1419\" title=\"Archi_Urbain_Lowette_Bruxelles\" srcset=\"https:\/\/www.archiurbain.be\/wp-content\/uploads\/2011\/09\/Archi_Urbain_Lowette_Bruxelles-150x150.jpg 150w, https:\/\/www.archiurbain.be\/wp-content\/uploads\/2011\/09\/Archi_Urbain_Lowette_Bruxelles-50x50.jpg 50w\" sizes=\"auto, (max-width: 150px) 100vw, 150px\" \/><\/a><\/figure><\/div>\n\n\n\n<p><strong>04 d\u00e9cembre 2011 \u2013 Emission 10<\/strong><\/p>\n\n\n\n<p><a href=\"https:\/\/www.archiurbain.be\/?p=3857\">ARCHITECTURE&nbsp;LOWETTE \/ HABITATIONS<\/a><a title=\"VIDEO : Lowette bureau d\u2019architecture\" href=\"https:\/\/www.archiurbain.be\/?p=1613\"> <\/a>(2) : Apr\u00e8s une premi\u00e8re rencontre, Mister Emma retrouve Karel Lowette du bureau Architecture Lowette au centre ville de Bruxelles pour une visite d&rsquo;un ensemble de logements \u00e0 la place Anneessens. Ils se rendront ensuite \u00e0 Molenbeek pour un projet de logements sociaux r\u00e9alis\u00e9s la d\u00e9cennie pass\u00e9e.<\/p>\n\n\n\n<div class=\"wp-block-image\"><figure class=\"aligncenter\"><a href=\"https:\/\/www.archiurbain.be\/wp-content\/uploads\/2011\/09\/Archi_Urbain_Lowette_Anneessens.jpg\"><img loading=\"lazy\" decoding=\"async\" width=\"150\" height=\"150\" src=\"https:\/\/www.archiurbain.be\/wp-content\/uploads\/2011\/09\/Archi_Urbain_Lowette_Anneessens-150x150.jpg\" alt=\"\" class=\"wp-image-1420\" title=\"Archi_Urbain_Lowette_Anneessens\" srcset=\"https:\/\/www.archiurbain.be\/wp-content\/uploads\/2011\/09\/Archi_Urbain_Lowette_Anneessens-150x150.jpg 150w, https:\/\/www.archiurbain.be\/wp-content\/uploads\/2011\/09\/Archi_Urbain_Lowette_Anneessens-50x50.jpg 50w\" sizes=\"auto, (max-width: 150px) 100vw, 150px\" \/><\/a><\/figure><\/div>\n\n\n\n<p><strong>11 d\u00e9cembre 2011 \u2013 Emission 11<\/strong><\/p>\n\n\n\n<p><a title=\"VIDEO : Dehors ! Le Graffiti \u00e0 Bruxelles\" href=\"https:\/\/www.archiurbain.be\/?p=1668\">DEHORS ! LE GRAFFITI A BRUXELLES<\/a> : A l&rsquo;occasion de la parution du livre d&rsquo;Adrien Grimmeau aux Editions CFC-Editions, Mister Emma rencontre l&rsquo;historien pour lui parler de l&rsquo;art du graffiti et de son implication dans le paysage urbain bruxellois.<\/p>\n\n\n\n<div class=\"wp-block-image\"><figure class=\"aligncenter\"><a href=\"https:\/\/www.archiurbain.be\/wp-content\/uploads\/2011\/09\/Archi_Urbain_Graffiti.jpg\"><img loading=\"lazy\" decoding=\"async\" width=\"150\" height=\"150\" src=\"https:\/\/www.archiurbain.be\/wp-content\/uploads\/2011\/09\/Archi_Urbain_Graffiti-150x150.jpg\" alt=\"\" class=\"wp-image-1488\" title=\"Archi_Urbain_Graffiti\" srcset=\"https:\/\/www.archiurbain.be\/wp-content\/uploads\/2011\/09\/Archi_Urbain_Graffiti-150x150.jpg 150w, https:\/\/www.archiurbain.be\/wp-content\/uploads\/2011\/09\/Archi_Urbain_Graffiti-50x50.jpg 50w\" sizes=\"auto, (max-width: 150px) 100vw, 150px\" \/><\/a><\/figure><\/div>\n\n\n\n<p><strong>18 d\u00e9cembre 2011 \u2013 Emission 12<\/strong><\/p>\n\n\n\n<p><a title=\"VIDEO : Ch\u00e2teau de Ruisbroek\" href=\"https:\/\/www.archiurbain.be\/?p=1671\">CHATEAU DE RUISBROEK<\/a> : Emission un peu particuli\u00e8re pour terminer l&rsquo;ann\u00e9e : Mister Emma a donn\u00e9 rendez-vous avec B\u00e9a Ercolini, R\u00e9dactrice en Chef du magazine Elle Belgique, afin qu&rsquo;elle lui fasse un tour de son ch\u00e2teau \u00e0 Ruisbroek.<\/p>\n\n\n\n<p><strong>14 janvier 2012 \u2013 Emission 13<\/strong><\/p>\n\n\n\n<p><a href=\"https:\/\/www.archiurbain.be\/?p=3855\">LOWETTE ARCHITECTURE \/ CPAS JETTE<\/a> (3) : Nous terminons le tour du bureau Architecture Lowette par ses r\u00e9alisations de bureaux \u00e0 commencer par le CPAS de Jette. Karel Lowette et Mister Emma se rendront en fin d&rsquo;\u00e9mission \u00e0 l&rsquo;Arsenal pour visiter une p\u00e9pini\u00e8re de petites entreprises.<\/p>\n\n\n\n<div class=\"wp-block-image\"><figure class=\"aligncenter\"><a href=\"https:\/\/www.archiurbain.be\/wp-content\/uploads\/2011\/09\/Archi_Urbain_Lowette_CPAS_Jette.jpg\"><img loading=\"lazy\" decoding=\"async\" width=\"150\" height=\"150\" src=\"https:\/\/www.archiurbain.be\/wp-content\/uploads\/2011\/09\/Archi_Urbain_Lowette_CPAS_Jette-150x150.jpg\" alt=\"\" class=\"wp-image-1421\" title=\"Archi_Urbain_Lowette_CPAS_Jette\" srcset=\"https:\/\/www.archiurbain.be\/wp-content\/uploads\/2011\/09\/Archi_Urbain_Lowette_CPAS_Jette-150x150.jpg 150w, https:\/\/www.archiurbain.be\/wp-content\/uploads\/2011\/09\/Archi_Urbain_Lowette_CPAS_Jette-50x50.jpg 50w\" sizes=\"auto, (max-width: 150px) 100vw, 150px\" \/><\/a><\/figure><\/div>\n\n\n\n<p><strong>21 janvier 2012 \u2013 Emission 14<\/strong><\/p>\n\n\n\n<p><a title=\"VIDEO : Lowette bureau d\u2019architecture\" href=\"https:\/\/www.archiurbain.be\/?p=1613\">LOWETTE ARCHITECTURE \/ ARSENAL<\/a> (4) : Lors de l&rsquo;\u00e9mission pr\u00e9c\u00e9dente, nous avons quitt\u00e9 Mister Emma et Karel Lowette du bureau Architecture Lowette devant la porte d&rsquo;un b\u00e2timent \u00e0 l&rsquo;Arsenal. Nous vous invitons \u00e0 entrer et \u00e0 d\u00e9couvrir la p\u00e9pini\u00e8re de petites entreprises que l&rsquo;architecte a dessin\u00e9e.<\/p>\n\n\n\n<div class=\"wp-block-image\"><figure class=\"aligncenter\"><a href=\"https:\/\/www.archiurbain.be\/wp-content\/uploads\/2011\/09\/Archi_Urbain_Lowette_Arsenal.jpg\"><img loading=\"lazy\" decoding=\"async\" width=\"150\" height=\"150\" src=\"https:\/\/www.archiurbain.be\/wp-content\/uploads\/2011\/09\/Archi_Urbain_Lowette_Arsenal-150x150.jpg\" alt=\"\" class=\"wp-image-1422\" title=\"Archi_Urbain_Lowette_Arsenal\" srcset=\"https:\/\/www.archiurbain.be\/wp-content\/uploads\/2011\/09\/Archi_Urbain_Lowette_Arsenal-150x150.jpg 150w, https:\/\/www.archiurbain.be\/wp-content\/uploads\/2011\/09\/Archi_Urbain_Lowette_Arsenal-50x50.jpg 50w\" sizes=\"auto, (max-width: 150px) 100vw, 150px\" \/><\/a><\/figure><\/div>\n\n\n\n<p><strong>28 janvier 2012 \u2013 Emission 15<\/strong><\/p>\n\n\n\n<p><a title=\"VIDEO : BDar\" href=\"https:\/\/www.archiurbain.be\/?p=386\">BERNARD DELWARDE \/ AQUA HOTEL<\/a> : Mister Emma retrouve Bernard Delwarde pour une pr\u00e9sentation d&rsquo;un nouvel h\u00f4tel : Aqua H\u00f4tel. La th\u00e9matique a \u00e9t\u00e9 illustr\u00e9e par l&rsquo;artiste Arne Quinze. Comment s&rsquo;est pass\u00e9 leur collaboration et comment s&rsquo;est pass\u00e9 la transformation d&rsquo;un ensemble industriel &#8211; anciennement Kodak &#8211; en un h\u00f4tel agr\u00e9able et lumineux ?<\/p>\n\n\n\n<div class=\"wp-block-image\"><figure class=\"aligncenter\"><a href=\"https:\/\/www.archiurbain.be\/wp-content\/uploads\/2011\/12\/aquahotelindex.png\"><img loading=\"lazy\" decoding=\"async\" width=\"150\" height=\"150\" src=\"https:\/\/www.archiurbain.be\/wp-content\/uploads\/2011\/12\/aquahotelindex-150x150.png\" alt=\"\" class=\"wp-image-1673\" title=\"aquahotelindex\" srcset=\"https:\/\/www.archiurbain.be\/wp-content\/uploads\/2011\/12\/aquahotelindex-150x150.png 150w, https:\/\/www.archiurbain.be\/wp-content\/uploads\/2011\/12\/aquahotelindex-50x50.png 50w\" sizes=\"auto, (max-width: 150px) 100vw, 150px\" \/><\/a><\/figure><\/div>\n\n\n\n<p><strong>04 f\u00e9vrier 2012 \u2013 Emission 16<\/strong><\/p>\n\n\n\n<p><a href=\"https:\/\/www.archiurbain.be\/?p=295\">COMITE ECONOMIQUE ET SOCIAL EUROPEEN \/ GLOSSAIRE EUROPEEN SUR LA CONSTRUCTION DURABLE<\/a> : St\u00e9phane Buffetaut, pr\u00e9sident de section au CESE, pr\u00e9sente le nouveau glossaire europ\u00e9en sur la construction durable. Mister Emma en profite pour se rendre chez l&rsquo;architecte Sebastian Moreno-Vacca afin de lui demander comment il voit l&rsquo;\u00e9volution du passif depuis leur derni\u00e8re rencontre en 2008.<\/p>\n\n\n\n<figure class=\"wp-block-image\"><a href=\"https:\/\/www.archiurbain.be\/wp-content\/uploads\/2011\/09\/sustainable-construction-large.jpg\"><img decoding=\"async\" src=\"https:\/\/www.archiurbain.be\/wp-content\/uploads\/2011\/09\/sustainable-construction-large-150x150.jpg\" alt=\"\" title=\"sustainable-construction-large\"\/><\/a><\/figure>\n\n\n\n<p><strong>11 f\u00e9vrier 2012 \u2013 Emission 17<\/strong><\/p>\n\n\n\n<p><a title=\"VIDEO : O2 Architectes\" href=\"https:\/\/www.archiurbain.be\/?p=364\">O2 ARCHITECTES \/ CRECHE SAINT-FRAN\u00e7OIS<\/a> : Mister Emma retrouve les architectes Paul Delaby et Pierre Emans Fabro du bureau O2 Architectes dans le cadre de la construction d&rsquo;une cr\u00e8che et de logements d&rsquo;artistes \u00e0 la rue Saint-Fran\u00e7ois \u00e0 Saint-Josse-ten-Noode.<\/p>\n\n\n\n<div class=\"wp-block-image\"><figure class=\"aligncenter\"><img loading=\"lazy\" decoding=\"async\" width=\"150\" height=\"150\" src=\"https:\/\/www.archiurbain.be\/wp-content\/uploads\/2011\/09\/O2Architecte_Creche_Saint_Francois-150x150.jpg\" alt=\"\" class=\"wp-image-1411\" title=\"O2Architecte_Creche_Saint_Francois\" srcset=\"https:\/\/www.archiurbain.be\/wp-content\/uploads\/2011\/09\/O2Architecte_Creche_Saint_Francois-150x150.jpg 150w, https:\/\/www.archiurbain.be\/wp-content\/uploads\/2011\/09\/O2Architecte_Creche_Saint_Francois-50x50.jpg 50w\" sizes=\"auto, (max-width: 150px) 100vw, 150px\" \/><\/figure><\/div>\n\n\n\n<p><strong>18 f\u00e9vrier 2012 \u2013 Emission 18<\/strong><\/p>\n\n\n\n<p><a href=\"https:\/\/www.archiurbain.be\/?p=3899\">ASSAR \/ LAVOISIER<\/a> : Les anciennes usines BAT (British American Tobacco) ont \u00e9t\u00e9 r\u00e9habilit\u00e9e par le bureau d&rsquo;architecture ASSAr sous la direction de la SDRB. A cette occasion, Emma retrouve Denis Grimberghs, Pr\u00e9sident de la SDRB; Philippe Antoine, Directeur g\u00e9n\u00e9ral de l&rsquo;Expansion \u00e9conomique de la SDRB; Mario Venetsianos, Collaborateur Expansion \u00e9conomique et Responsable du dossier Lavoisier au sien de la SDRB; Guy Standaert, Architecte en charge du dossier au sein du bureau ASSAR.<\/p>\n\n\n\n<div class=\"wp-block-image\"><figure class=\"aligncenter\"><a href=\"https:\/\/www.archiurbain.be\/wp-content\/uploads\/2011\/09\/Archi_Urbain_Assar_Lavoisier.jpg\"><img decoding=\"async\" src=\"https:\/\/www.archiurbain.be\/wp-content\/uploads\/2011\/09\/Archi_Urbain_Assar_Lavoisier-150x150.jpg\" alt=\"\" title=\"Archi_Urbain_Assar_Lavoisier\"\/><\/a><\/figure><\/div>\n\n\n\n<p><strong>03 mars 2012 \u2013 Emission 19<\/strong><\/p>\n\n\n\n<p><a href=\"https:\/\/www.archiurbain.be\/?p=3334\">ART &amp; BUILD \/ GROUPE CHEQUE DEJEUNER<\/a> : Mister Emma s&rsquo;est rendu \u00e0 Gennevilliers (France) pour vous pr\u00e9senter une r\u00e9alisation du bureau bruxellois Art &amp; Build. Le b\u00e2timent, con\u00e7u autour d&rsquo;un vaste atrium, pr\u00e9sente 30 000 m2 de bureaux construit sur pilotis et fortifi\u00e9 par des douves qui joue un r\u00f4le primordial de s\u00e9curisation du site et de protection en cas d&rsquo;inondation. La visite est assur\u00e9e par l&rsquo;architecte qui a pris la direction de l&rsquo;entit\u00e9 fran\u00e7aise du groupe, Bruno Caball\u00e9.<\/p>\n\n\n\n<figure class=\"wp-block-image\"><a href=\"https:\/\/www.archiurbain.be\/wp-content\/uploads\/2011\/10\/Archi_Urbain_Groupe_Cheque_Dejeuner.jpg\"><img decoding=\"async\" src=\"https:\/\/www.archiurbain.be\/wp-content\/uploads\/2011\/10\/Archi_Urbain_Groupe_Cheque_Dejeuner-150x150.jpg\" alt=\"\" title=\"Archi_Urbain_Groupe_Cheque_Dejeuner\"\/><\/a><\/figure>\n\n\n\n<p><strong>10 mars 2012 \u2013 Emission 20<\/strong><\/p>\n\n\n\n<p class=\"has-text-align-left\"><a title=\"VIDEO : Colloque logements \u00e9tudiants\" href=\"https:\/\/www.archiurbain.be\/?p=1822\">PROBLEMATIQUE DES LOGEMENTS \u00e0 BRUXELLES<\/a> : A l&rsquo;initiative d&rsquo;Ahmed Medhoune, ULB, un colloque sur la probl\u00e9matique des logements \u00e0 Bruxelles s&rsquo;est tenu le <a href=\"https:\/\/www.archiurbain.be\/colloque-logement-etudiant-a-bruxelles\/\" target=\"_blank\" rel=\"noopener\">mardi 29 novembre 2011<\/a> : Mister Emma s&rsquo;y est rendu et vous apporte quelques cl\u00e9s de compr\u00e9hension et des pistes de r\u00e9flexion par la parole de Francis Metzger, Architecte et Vice-Doyen de la facult\u00e9 d&rsquo;Architecture de l&rsquo;ULB ; Christos Doulk\u00e9ridis, Secr\u00e9taire d&rsquo;Etat de la R\u00e9gion de Bruxelles-Capitale en charge du logement ; Alain Hutchinson, D\u00e9put\u00e9 bruxellois.<\/p>\n\n\n\n<div class=\"wp-block-image\"><figure class=\"aligncenter\"><img decoding=\"async\" src=\"https:\/\/www.archiurbain.be\/wp-content\/uploads\/2012\/02\/Colloque_Bruxelles_ULB-150x150.jpg\" alt=\"\" title=\"Colloque_Bruxelles_ULB\"\/><\/figure><\/div>\n\n\n\n<p><strong>17 mars 2012 \u2013 Emission 21<\/strong><\/p>\n\n\n\n<p class=\"has-text-align-left\"><a title=\"VIDEO : Mohamed El Bouzakhi\" href=\"https:\/\/www.archiurbain.be\/?p=1835\">MOHAMED EL BOUZAKHI \/ MAISON A KRAAINEM<\/a> : Mohamed El Bouzakhi est issu de la promotion 2002 de l&rsquo;institut sup\u00e9rieur d&rsquo;architecture&nbsp;Victor Horta. Il vous pr\u00e9sente une maison unifamiliale quatre fa\u00e7ades avec une architecture \u00e9pur\u00e9e et cubique.<\/p>\n\n\n\n<div class=\"wp-block-image\"><figure class=\"aligncenter\"><img decoding=\"async\" src=\"https:\/\/www.archiurbain.be\/wp-content\/uploads\/2012\/02\/Mohamed_El_Bouzakhi-150x150.jpg\" alt=\"\" title=\"Mohamed_El_Bouzakhi\"\/><\/figure><\/div>\n\n\n\n<p><strong>24 mars 2012 \u2013 Emission 22<\/strong><\/p>\n\n\n\n<p><a title=\"VIDEO : D\u00e9lices Architectes\" href=\"https:\/\/www.archiurbain.be\/?p=377\">DELICE ARCHITECTURE<\/a> : Mister Emma rencontre l&rsquo;architecte St\u00e9phane Moetwil du bureau D\u00e9lice Architecture pour d\u00e9couvrir une maison d&rsquo;habitation \u00e0 Anderlecht entre la rue du Libre Examen et le square Vander Bruggen.<\/p>\n\n\n\n<div class=\"wp-block-image\"><figure class=\"aligncenter\"><a href=\"https:\/\/www.archiurbain.be\/wp-content\/uploads\/2012\/05\/Delice_Architecture.jpg\"><img loading=\"lazy\" decoding=\"async\" width=\"150\" height=\"150\" src=\"https:\/\/www.archiurbain.be\/wp-content\/uploads\/2012\/05\/Delice_Architecture-150x150.jpg\" alt=\"\" class=\"wp-image-2029\" title=\"Delice_Architecture\"\/><\/a><\/figure><\/div>\n\n\n\n<p><strong>31 mars 2012 \u2013 Emission 23<\/strong><\/p>\n\n\n\n<p><a title=\"VIDEO : Modulo Architects\" href=\"https:\/\/www.archiurbain.be\/?p=1053\">MODULO ARCHITECTS<\/a> : Mister Emma rencontre l&rsquo;architecte&nbsp;Olivier Barr\u00e9 du bureau Modulo. Ensemble, ils vous donne rendez-vous au m\u00e9tro Alma pour d\u00e9couvrir le b\u00e2timent de l&rsquo;ECAM, Institut sup\u00e9rieur industriel.<\/p>\n\n\n\n<div class=\"wp-block-image\"><figure class=\"aligncenter\"><img decoding=\"async\" src=\"https:\/\/www.archiurbain.be\/wp-content\/uploads\/2012\/03\/modulo-5-150x150.jpg\" alt=\"\" class=\"wp-image-1905\" title=\"modulo-5\"\/><\/figure><\/div>\n\n\n\n<p><strong>21 avril 2012 \u2013 Emission 24<\/strong><\/p>\n\n\n\n<p><a href=\"https:\/\/www.archiurbain.be\/?p=3743\">PIERRE BLONDEL \/ RUE DU BERGER<\/a> : Mister Emma rencontre l&rsquo;architecte Pierre Blondel pour lui parler de son projet ambitieux \u00e0 la rue du Berger : un projet qui donne un aspect plus convivial et ouvert \u00e0 la rue.<\/p>\n\n\n\n<div class=\"wp-block-image\"><figure class=\"aligncenter\"><a href=\"https:\/\/www.archiurbain.be\/wp-content\/uploads\/2012\/05\/Pierre_Blondel_Berger.jpg\"><img loading=\"lazy\" decoding=\"async\" width=\"150\" height=\"150\" src=\"https:\/\/www.archiurbain.be\/wp-content\/uploads\/2012\/05\/Pierre_Blondel_Berger-150x150.jpg\" alt=\"\" class=\"wp-image-2030\" title=\"Pierre_Blondel_Berger\"\/><\/a><\/figure><\/div>\n\n\n\n<p><strong>28 avril 2012 \u2013 Emission 25<\/strong><\/p>\n\n\n\n<p><a href=\"https:\/\/www.archiurbain.be\/?p=247\">MDW \/ INSULA<\/a> : Xavier De Wil du bureau d&rsquo;architecture MDW vous pr\u00e9sente le projet Insula. Proche du boulevard Albert II, Insula apporte une s\u00e9rie de logements n\u00e9cessaire au quartier. L&rsquo;architecture du b\u00e2timent et les couleurs apportent un atout majeur au quartier.<\/p>\n\n\n\n<p><strong>05 mai 2012 \u2013 Emission 26<\/strong><\/p>\n\n\n\n<p class=\"has-text-align-left\"><a href=\"https:\/\/www.archiurbain.be\/?p=3393\">SUEDE 36 \/ WALKING MADOU<\/a>\u00a0: Mister Emma s&rsquo;est rendu \u00e0 l&rsquo;inauguration du projet test de pi\u00e9tonnier sur la chauss\u00e9e de Louvain entre Madou et la place Saint-Josse. Ce petit bout de territoire est l&rsquo;objet de nombreuses exp\u00e9rimentations afin de rendre la ville aux citoyens et non aux voitures. Brigitte Grouwels, Secr\u00e9taire d&rsquo;Etat aux transports publics de la R\u00e9gion Bruxelles-Capitale, Jean Demmanez, Bourgmestre de Saint-Josse-ten-Noode,\u00a0Eric Jassin, Echevin du commerce \u00e0 Saint-Josse-ten-Noode et Christophe Mercier, Su\u00e8de 36 \u00e9taient pr\u00e9sents pour cette inauguration en fanfare.<\/p>\n\n\n\n<div class=\"wp-block-image\"><figure class=\"aligncenter\"><a href=\"https:\/\/www.archiurbain.be\/wp-content\/uploads\/2012\/05\/Walking_Madou.jpg\"><img loading=\"lazy\" decoding=\"async\" width=\"150\" height=\"150\" src=\"https:\/\/www.archiurbain.be\/wp-content\/uploads\/2012\/05\/Walking_Madou-150x150.jpg\" alt=\"\" class=\"wp-image-2031\" title=\"Walking_Madou\"\/><\/a><\/figure><\/div>\n\n\n\n<p><strong>12 mai 2012 \u2013 Emission 27<\/strong><\/p>\n\n\n\n<p><a href=\"https:\/\/www.archiurbain.be\/?p=2089\" data-type=\"URL\" data-id=\"https:\/\/www.archiurbain.be\/?p=2089\">MIPIM<\/a>\u00a0\/ KPF\u00a0: Mister Emma s&rsquo;est rendu au March\u00e9 des promoteurs immobiliers et des architectes (MIPIM) \u00e0 Cannes et vous pr\u00e9sente une journ\u00e9e type de ce salon : Petit-d\u00e9jeuner sur Bruxelles-Capitale avec l&rsquo;intervention de Mesdames Evelyne Huytebroeck et Brigitte Grouwels, entretien avec le bureau d&rsquo;architecture KPF, et enfin un entretien avec Jacques Touchefeu, Directeur de l&rsquo;Etablissement Public d&rsquo;Am\u00e9nagement (EPA) Orly-Rungis \/ Seine Amont.<\/p>\n\n\n\n<div class=\"wp-block-image\"><figure class=\"aligncenter\"><a href=\"https:\/\/www.archiurbain.be\/wp-content\/uploads\/2012\/05\/logo-mipim-hp.jpg\"><img loading=\"lazy\" decoding=\"async\" width=\"150\" height=\"150\" src=\"https:\/\/www.archiurbain.be\/wp-content\/uploads\/2012\/05\/logo-mipim-hp-150x150.jpg\" alt=\"\" class=\"wp-image-2018\" title=\"logo-mipim-hp\"\/><\/a><\/figure><\/div>\n\n\n\n<p><strong>Mercredi 16 mai 2012 et jeudi 17 mai 2012 \u2013 Emission Sp\u00e9ciale 200\u00e8me d&rsquo;Archi Urbain<\/strong><\/p>\n\n\n\n<p><a title=\"EVENEMENT : Archi Urbain 200\u00e8me\" href=\"https:\/\/www.archiurbain.be\/?p=1717\">ARCHI URBAIN \/ 200\u00e8me<\/a> : Nous vous donnons rendez-vous pour deux \u00e9missions exceptionnelles \u00e0 l&rsquo;occasion de la 200\u00e8me d&rsquo;Archi Urbain : au coeur du Spirito Martini, Mister Emma a r\u00e9uni les anciens participants de l&rsquo;\u00e9mission pour un tour de table autour des grands projets de Bruxelles, la verticalit\u00e9 dans la capitale, la probl\u00e9matique des logements, de la mobilit\u00e9, l&rsquo;avenir de la construction durable et un focus sur les nouveaux bureaux d&rsquo;architecture.<\/p>\n\n\n\n<p>Ce programme sera exceptionnellement diffus\u00e9 \u00e0 20h00 les mercredi 16 et jeudi 17 mai sur T\u00e9l\u00e9-Bruxelles.<\/p>\n\n\n\n<p><strong>19 mai 2012 \u2013 Emission 28<\/strong><\/p>\n\n\n\n<p><a href=\"https:\/\/www.archiurbain.be\/?p=449\">MIPIM<\/a>\u00a0\/ MIPIM AWARDS\u00a0: Mister Emma s&rsquo;est rendu au March\u00e9 des promoteurs immobiliers et des architectes (MIPIM) \u00e0 Cannes pour suivre les bureaux d&rsquo;architecture belges pr\u00e9sents lors de la journ\u00e9e du 9 mars, date o\u00f9 le gagnant des MIPIM Awards est connu.<\/p>\n\n\n\n<div class=\"wp-block-image\"><figure class=\"aligncenter\"><a href=\"https:\/\/www.archiurbain.be\/wp-content\/uploads\/2012\/05\/logo-mipim-hp.jpg\"><img loading=\"lazy\" decoding=\"async\" width=\"150\" height=\"150\" src=\"https:\/\/www.archiurbain.be\/wp-content\/uploads\/2012\/05\/logo-mipim-hp-150x150.jpg\" alt=\"\" class=\"wp-image-2018\" title=\"logo-mipim-hp\"\/><\/a><\/figure><\/div>\n\n\n\n<p><strong>26 mai 2012 \u2013 Emission 29<\/strong><\/p>\n\n\n\n<p><a title=\"VIDEO : Philippe de Bloos\" href=\"https:\/\/www.archiurbain.be\/?p=2050\">PHILIPPE DE BLOOS<\/a> : Zone Ouest du Canal de Bruxelles (Anderlecht), Mister Emma rencontre l&rsquo;architecte Philippe de Bloos qui lui explique 3 projets d&rsquo;excellence qui apporteront un nouveau visage au quartier Ouest de notre Capitale. Cette \u00e9mission est en deux parties, la premi\u00e8re s&rsquo;attarde sur l&rsquo;avenir de la brasserie Atlas qui a \u00e9t\u00e9 achet\u00e9e par l&rsquo;acteur fran\u00e7ais, Christophe Lambert.<\/p>\n\n\n\n<div class=\"wp-block-image\"><figure class=\"aligncenter\"><a href=\"https:\/\/www.archiurbain.be\/wp-content\/uploads\/2012\/05\/Brasserie_Atlas.jpg\"><img loading=\"lazy\" decoding=\"async\" width=\"150\" height=\"150\" src=\"https:\/\/www.archiurbain.be\/wp-content\/uploads\/2012\/05\/Brasserie_Atlas-150x150.jpg\" alt=\"\" class=\"wp-image-2032\" title=\"Brasserie_Atlas\"\/><\/a><\/figure><\/div>\n\n\n\n<p><strong>02 juin 2012 \u2013 Emission 30<\/strong><\/p>\n\n\n\n<p><a href=\"https:\/\/www.archiurbain.be\/?p=3382\">PHILIPPE DE BLOOS<\/a> : Zone Ouest du Canal de Bruxelles (Anderlecht), Mister Emma rencontre l&rsquo;architecte Philippe de Bloos qui lui explique 3 projets d&rsquo;excellence qui apporteront un nouveau visage au quartier Ouest de notre Capitale. Cette \u00e9mission est en deux parties, la seconde s&rsquo;attarde aux am\u00e9nagements de l&rsquo;\u00eelot Shell, rebaptis\u00e9 WaterGate et \u00e0 la construction de logements de qualit\u00e9 \u00e0 prix moyen sur la Pointe, en bordure du Canal.<\/p>\n\n\n\n<div class=\"wp-block-image\"><figure class=\"aligncenter\"><a href=\"https:\/\/www.archiurbain.be\/wp-content\/uploads\/2012\/05\/Canal_de_Bloos.jpg\"><img loading=\"lazy\" decoding=\"async\" width=\"150\" height=\"150\" src=\"https:\/\/www.archiurbain.be\/wp-content\/uploads\/2012\/05\/Canal_de_Bloos-150x150.jpg\" alt=\"\" class=\"wp-image-2033\" title=\"Canal_de_Bloos\"\/><\/a><\/figure><\/div>\n\n\n\n<p><strong>09 juin 2012 \u2013 Emission 31<\/strong><\/p>\n\n\n\n<p><a href=\"https:\/\/www.archiurbain.be\/?p=3378\">CHRISTIAN LASSERRE \/ C.L.I.<\/a> : On parle r\u00e9guli\u00e8rement de modification de bureaux en logements \u00e0 l&rsquo;heure actuelle mais est-ce nouveau ? Christian Lasserre va vous d\u00e9montrer qu&rsquo;il est parfois et m\u00eame souvent difficile de dire si un b\u00e2timent est occup\u00e9 par l&rsquo;une ou l&rsquo;autre fonction !\u00a0Aujourd&rsquo;hui, il nous emm\u00e8ne faire un tour de son quartier (proche de l&rsquo;avenue Louise) afin de d\u00e9battre sur l&rsquo;\u00e9volution du b\u00e2ti.<\/p>\n\n\n\n<p><strong>16 juin 2012 \u2013 Emission 32<\/strong><\/p>\n\n\n\n<p><a title=\"VIDEO : Christian Lasserre\" href=\"https:\/\/www.archiurbain.be\/?p=2071\">CHRISTIAN LASSERRE \/ RUE DE LAEKEN<\/a> : Avant il y avait une tour bleue. Maintenant il y a un complexe de bureaux et de logements au coin des rues du Pont Neuf et de la rue de Laeken. Christian Lasserre a particip\u00e9 \u00e0 la r\u00e9novation de ce bloc du centre ville alors qu&rsquo;il travaillait aux AG. Aujourd&rsquo;hui, il revient sur les lieux en notre compagnie et avec celle de Rina Herlitska de Aedifica.<\/p>\n\n\n\n<div class=\"wp-block-image\"><figure class=\"aligncenter\"><a href=\"https:\/\/www.archiurbain.be\/wp-content\/uploads\/2012\/06\/Laeken.jpg\"><img loading=\"lazy\" decoding=\"async\" width=\"150\" height=\"150\" src=\"https:\/\/www.archiurbain.be\/wp-content\/uploads\/2012\/06\/Laeken-150x150.jpg\" alt=\"\" class=\"wp-image-2098\" title=\"Laeken\"\/><\/a><\/figure><\/div>\n\n\n\n<p><strong>23 juin 2012 \u2013 Emission 33<\/strong><\/p>\n\n\n\n<p><a title=\"VIDEO : Alain Trellu \u2013 Photographe\" href=\"https:\/\/www.archiurbain.be\/?p=2147\">ALAIN TRELLU \/ BRUXELLES URBANITUDE<\/a> : Alain Trellu est photographe. Fran\u00e7ais d&rsquo;origine, il aime photographier la ville qui l&rsquo;a accueilli il y a quelques ann\u00e9es d&rsquo;ici. De ces photographies est n\u00e9 un livre \u00e9dit\u00e9 aux Editions Renaissance du Livre sous le titre \u00e9vocateur \u00ab\u00a0Bruxelles Urbanitude\u00a0\u00bb. L&rsquo;occasion \u00e9tait trop belle pour une rencontre sous un ciel orageux comme il les aime afin de lui demander ses secrets de fabrication d&rsquo;une belle photo de la capitale.<\/p>\n","protected":false},"excerpt":{"rendered":"<p>Vous retrouverez, ci-dessous, toutes les \u00e9missions de la saison 2011\/2012 qui ont \u00e9t\u00e9 diffus\u00e9e sur l&rsquo;antenne de&nbsp;T\u00e9l\u00e9-Bruxelles. 25 septembre 2011 \u2013 Emission 1 FA\u00e7ADE DE L&rsquo;H\u00d4TEL AUBECQ (VICTOR HORTA) : Mister Emma retrouve Guy Conde-Reis rue Navez \u00e0 Bruxelles dans le cadre d&rsquo;une exposition exceptionnelle de la fa\u00e7ade de l&rsquo;H\u00f4tel Aubecq r\u00e9alis\u00e9e par Victor Horta. 02 octobre 2011 \u2013 Emission 2 ID-ESPACE \/ ORDRE DES &hellip; <a href=\"https:\/\/www.archiurbain.be\/?p=1396\" class=\"more-link\">Continuer de lire <span class=\"screen-reader-text\">TELE-BRUXELLES : Emissions de la saison 6 (2011-2012)<\/span><\/a><\/p>\n","protected":false},"author":1,"featured_media":1411,"comment_status":"open","ping_status":"open","sticky":false,"template":"","format":"standard","meta":{"_monsterinsights_skip_tracking":false,"_monsterinsights_sitenote_active":false,"_monsterinsights_sitenote_note":"","_monsterinsights_sitenote_category":0,"_jetpack_memberships_contains_paid_content":false,"footnotes":""},"categories":[8,3379],"tags":[11,507],"class_list":["post-1396","post","type-post","status-publish","format-standard","has-post-thumbnail","hentry","category-archiurbain","category-videos","tag-tele-bruxelles","tag-television"],"jetpack_featured_media_url":"https:\/\/www.archiurbain.be\/wp-content\/uploads\/2011\/09\/O2Architecte_Creche_Saint_Francois.jpg","jetpack_sharing_enabled":true,"_links":{"self":[{"href":"https:\/\/www.archiurbain.be\/index.php?rest_route=\/wp\/v2\/posts\/1396","targetHints":{"allow":["GET"]}}],"collection":[{"href":"https:\/\/www.archiurbain.be\/index.php?rest_route=\/wp\/v2\/posts"}],"about":[{"href":"https:\/\/www.archiurbain.be\/index.php?rest_route=\/wp\/v2\/types\/post"}],"author":[{"embeddable":true,"href":"https:\/\/www.archiurbain.be\/index.php?rest_route=\/wp\/v2\/users\/1"}],"replies":[{"embeddable":true,"href":"https:\/\/www.archiurbain.be\/index.php?rest_route=%2Fwp%2Fv2%2Fcomments&post=1396"}],"version-history":[{"count":126,"href":"https:\/\/www.archiurbain.be\/index.php?rest_route=\/wp\/v2\/posts\/1396\/revisions"}],"predecessor-version":[{"id":9352,"href":"https:\/\/www.archiurbain.be\/index.php?rest_route=\/wp\/v2\/posts\/1396\/revisions\/9352"}],"wp:featuredmedia":[{"embeddable":true,"href":"https:\/\/www.archiurbain.be\/index.php?rest_route=\/wp\/v2\/media\/1411"}],"wp:attachment":[{"href":"https:\/\/www.archiurbain.be\/index.php?rest_route=%2Fwp%2Fv2%2Fmedia&parent=1396"}],"wp:term":[{"taxonomy":"category","embeddable":true,"href":"https:\/\/www.archiurbain.be\/index.php?rest_route=%2Fwp%2Fv2%2Fcategories&post=1396"},{"taxonomy":"post_tag","embeddable":true,"href":"https:\/\/www.archiurbain.be\/index.php?rest_route=%2Fwp%2Fv2%2Ftags&post=1396"}],"curies":[{"name":"wp","href":"https:\/\/api.w.org\/{rel}","templated":true}]}}