{"id":13343,"date":"2024-08-28T18:53:37","date_gmt":"2024-08-28T16:53:37","guid":{"rendered":"https:\/\/www.archiurbain.be\/?p=13343"},"modified":"2024-08-28T21:17:26","modified_gmt":"2024-08-28T19:17:26","slug":"tutoriel-cest-quoi-renolution","status":"publish","type":"post","link":"https:\/\/www.archiurbain.be\/?p=13343","title":{"rendered":"TUTORIEL : C&rsquo;est quoi Renolution ?"},"content":{"rendered":"\n<figure class=\"wp-block-embed is-type-video is-provider-youtube wp-block-embed-youtube wp-embed-aspect-16-9 wp-has-aspect-ratio\"><div class=\"wp-block-embed__wrapper\">\n<div class=\"jetpack-video-wrapper\"><iframe loading=\"lazy\" title=\"TUTORIEL : C\u2019est quoi Renolution ?\" width=\"720\" height=\"405\" src=\"https:\/\/www.youtube.com\/embed\/X3tySMoYW2s?feature=oembed\" frameborder=\"0\" allow=\"accelerometer; autoplay; clipboard-write; encrypted-media; gyroscope; picture-in-picture; web-share\" referrerpolicy=\"strict-origin-when-cross-origin\" allowfullscreen><\/iframe><\/div>\n<\/div><\/figure>\n\n\n\n<p>Dans le cadre du programme&nbsp;<strong>LABONORD<\/strong>&nbsp;de l\u2019\u00e9mission&nbsp;<strong>ARCHI URBAIN<\/strong>, nous avons cr\u00e9\u00e9 un ensemble de capsules vid\u00e9os <strong>TUTORIEL<\/strong>&nbsp;ayant comme objectif d\u2019expliquer un mot, un terme, une pratique li\u00e9e \u00e0 la durabilit\u00e9.<\/p>\n\n\n\n<p>Dans cette vid\u00e9o, <strong>Laurent Schiltz<\/strong>, membre de la cellule op\u00e9rationnelle &#8211; Renolution vous explique le programme <strong>RENOLUTION<\/strong> men\u00e9 par la R\u00e9gion Bruxelles-Capitale.<\/p>\n","protected":false},"excerpt":{"rendered":"<p>Dans le cadre du programme&nbsp;LABONORD&nbsp;de l\u2019\u00e9mission&nbsp;ARCHI URBAIN, nous avons cr\u00e9\u00e9 un ensemble de capsules vid\u00e9os TUTORIEL&nbsp;ayant comme objectif d\u2019expliquer un mot, un terme, une pratique li\u00e9e \u00e0 la durabilit\u00e9. Dans cette vid\u00e9o, Laurent Schiltz, membre de la cellule op\u00e9rationnelle &#8211; Renolution vous explique le programme RENOLUTION men\u00e9 par la R\u00e9gion Bruxelles-Capitale. <a href=\"https:\/\/www.archiurbain.be\/?p=13343\" class=\"more-link\">Continuer de lire <span class=\"screen-reader-text\">TUTORIEL : C&rsquo;est quoi Renolution ?<\/span><\/a><\/p>\n","protected":false},"author":1,"featured_media":0,"comment_status":"open","ping_status":"open","sticky":false,"template":"","format":"standard","meta":{"_monsterinsights_skip_tracking":false,"_monsterinsights_sitenote_active":false,"_monsterinsights_sitenote_note":"","_monsterinsights_sitenote_category":0,"_jetpack_memberships_contains_paid_content":false,"footnotes":""},"categories":[5435],"tags":[539,1384,5396,5070,5535],"class_list":["post-13343","post","type-post","status-publish","format-standard","hentry","category-labonord","tag-archi-urbain","tag-expertise","tag-labonord","tag-renolution","tag-tutoriel"],"jetpack_featured_media_url":"","jetpack_sharing_enabled":true,"_links":{"self":[{"href":"https:\/\/www.archiurbain.be\/index.php?rest_route=\/wp\/v2\/posts\/13343","targetHints":{"allow":["GET"]}}],"collection":[{"href":"https:\/\/www.archiurbain.be\/index.php?rest_route=\/wp\/v2\/posts"}],"about":[{"href":"https:\/\/www.archiurbain.be\/index.php?rest_route=\/wp\/v2\/types\/post"}],"author":[{"embeddable":true,"href":"https:\/\/www.archiurbain.be\/index.php?rest_route=\/wp\/v2\/users\/1"}],"replies":[{"embeddable":true,"href":"https:\/\/www.archiurbain.be\/index.php?rest_route=%2Fwp%2Fv2%2Fcomments&post=13343"}],"version-history":[{"count":2,"href":"https:\/\/www.archiurbain.be\/index.php?rest_route=\/wp\/v2\/posts\/13343\/revisions"}],"predecessor-version":[{"id":13382,"href":"https:\/\/www.archiurbain.be\/index.php?rest_route=\/wp\/v2\/posts\/13343\/revisions\/13382"}],"wp:attachment":[{"href":"https:\/\/www.archiurbain.be\/index.php?rest_route=%2Fwp%2Fv2%2Fmedia&parent=13343"}],"wp:term":[{"taxonomy":"category","embeddable":true,"href":"https:\/\/www.archiurbain.be\/index.php?rest_route=%2Fwp%2Fv2%2Fcategories&post=13343"},{"taxonomy":"post_tag","embeddable":true,"href":"https:\/\/www.archiurbain.be\/index.php?rest_route=%2Fwp%2Fv2%2Ftags&post=13343"}],"curies":[{"name":"wp","href":"https:\/\/api.w.org\/{rel}","templated":true}]}}