{"id":13300,"date":"2024-08-28T19:13:39","date_gmt":"2024-08-28T17:13:39","guid":{"rendered":"https:\/\/www.archiurbain.be\/?p=13300"},"modified":"2024-08-28T19:35:20","modified_gmt":"2024-08-28T17:35:20","slug":"tutoriel-cest-quoi-la-biodiversite-en-ville","status":"publish","type":"post","link":"https:\/\/www.archiurbain.be\/?p=13300","title":{"rendered":"TUTORIEL : C\u2019est quoi la biodiversit\u00e9 en ville ?"},"content":{"rendered":"\n<figure class=\"wp-block-embed is-type-video is-provider-youtube wp-block-embed-youtube wp-embed-aspect-16-9 wp-has-aspect-ratio\"><div class=\"wp-block-embed__wrapper\">\n<div class=\"jetpack-video-wrapper\"><iframe loading=\"lazy\" title=\"TUTORIEL : C\u2019est quoi la biodiversit\u00e9 en ville ?\" width=\"720\" height=\"405\" src=\"https:\/\/www.youtube.com\/embed\/QJn6oRydNd8?feature=oembed\" frameborder=\"0\" allow=\"accelerometer; autoplay; clipboard-write; encrypted-media; gyroscope; picture-in-picture; web-share\" referrerpolicy=\"strict-origin-when-cross-origin\" allowfullscreen><\/iframe><\/div>\n<\/div><\/figure>\n\n\n\n<p>Dans le cadre du programme&nbsp;<strong>LABONORD<\/strong>&nbsp;de l\u2019\u00e9mission&nbsp;<strong>ARCHI URBAIN<\/strong>, nous avons cr\u00e9\u00e9 un ensemble de capsules vid\u00e9os <strong>TUTORIEL<\/strong>&nbsp;ayant comme objectif d\u2019expliquer un mot, un terme, une pratique li\u00e9e \u00e0 la durabilit\u00e9.<\/p>\n\n\n\n<p>Dans cette vid\u00e9o, <strong>Steven Beckers<\/strong>, Architecte et Expert en \u00e9conomie spiral\u00e9e \u2013 BoPro vous explique l notion de <strong>biodiversit\u00e9<\/strong>.<\/p>\n","protected":false},"excerpt":{"rendered":"<p>Dans le cadre du programme&nbsp;LABONORD&nbsp;de l\u2019\u00e9mission&nbsp;ARCHI URBAIN, nous avons cr\u00e9\u00e9 un ensemble de capsules vid\u00e9os TUTORIEL&nbsp;ayant comme objectif d\u2019expliquer un mot, un terme, une pratique li\u00e9e \u00e0 la durabilit\u00e9. Dans cette vid\u00e9o, Steven Beckers, Architecte et Expert en \u00e9conomie spiral\u00e9e \u2013 BoPro vous explique l notion de biodiversit\u00e9. <a href=\"https:\/\/www.archiurbain.be\/?p=13300\" class=\"more-link\">Continuer de lire <span class=\"screen-reader-text\">TUTORIEL : C\u2019est quoi la biodiversit\u00e9 en ville ?<\/span><\/a><\/p>\n","protected":false},"author":1,"featured_media":0,"comment_status":"open","ping_status":"open","sticky":false,"template":"","format":"standard","meta":{"_monsterinsights_skip_tracking":false,"_monsterinsights_sitenote_active":false,"_monsterinsights_sitenote_note":"","_monsterinsights_sitenote_category":0,"_jetpack_memberships_contains_paid_content":false,"footnotes":""},"categories":[5435],"tags":[539,3452,4193,1384,5396,101,5535,809],"class_list":["post-13300","post","type-post","status-publish","format-standard","hentry","category-labonord","tag-archi-urbain","tag-biodiversite","tag-bopro","tag-expertise","tag-labonord","tag-steven-beckers","tag-tutoriel","tag-ville"],"jetpack_featured_media_url":"","jetpack_sharing_enabled":true,"_links":{"self":[{"href":"https:\/\/www.archiurbain.be\/index.php?rest_route=\/wp\/v2\/posts\/13300","targetHints":{"allow":["GET"]}}],"collection":[{"href":"https:\/\/www.archiurbain.be\/index.php?rest_route=\/wp\/v2\/posts"}],"about":[{"href":"https:\/\/www.archiurbain.be\/index.php?rest_route=\/wp\/v2\/types\/post"}],"author":[{"embeddable":true,"href":"https:\/\/www.archiurbain.be\/index.php?rest_route=\/wp\/v2\/users\/1"}],"replies":[{"embeddable":true,"href":"https:\/\/www.archiurbain.be\/index.php?rest_route=%2Fwp%2Fv2%2Fcomments&post=13300"}],"version-history":[{"count":2,"href":"https:\/\/www.archiurbain.be\/index.php?rest_route=\/wp\/v2\/posts\/13300\/revisions"}],"predecessor-version":[{"id":13362,"href":"https:\/\/www.archiurbain.be\/index.php?rest_route=\/wp\/v2\/posts\/13300\/revisions\/13362"}],"wp:attachment":[{"href":"https:\/\/www.archiurbain.be\/index.php?rest_route=%2Fwp%2Fv2%2Fmedia&parent=13300"}],"wp:term":[{"taxonomy":"category","embeddable":true,"href":"https:\/\/www.archiurbain.be\/index.php?rest_route=%2Fwp%2Fv2%2Fcategories&post=13300"},{"taxonomy":"post_tag","embeddable":true,"href":"https:\/\/www.archiurbain.be\/index.php?rest_route=%2Fwp%2Fv2%2Ftags&post=13300"}],"curies":[{"name":"wp","href":"https:\/\/api.w.org\/{rel}","templated":true}]}}