{"id":12977,"date":"2024-11-10T17:41:35","date_gmt":"2024-11-10T16:41:35","guid":{"rendered":"https:\/\/www.archiurbain.be\/?p=12977"},"modified":"2024-11-10T18:36:19","modified_gmt":"2024-11-10T17:36:19","slug":"archi-urbain-19-08","status":"publish","type":"post","link":"https:\/\/www.archiurbain.be\/?p=12977","title":{"rendered":"ARCHI URBAIN (19\/08) : G\u00e9n\u00e9ral Jacques"},"content":{"rendered":"\n<figure class=\"wp-block-embed is-type-video is-provider-youtube wp-block-embed-youtube wp-embed-aspect-16-9 wp-has-aspect-ratio\"><div class=\"wp-block-embed__wrapper\">\n<div class=\"jetpack-video-wrapper\"><iframe loading=\"lazy\" title=\"ARCHI URBAIN (19\/08) : G\u00e9n\u00e9ral Jacques\" width=\"720\" height=\"405\" src=\"https:\/\/www.youtube.com\/embed\/F18CzM6Bpg4?feature=oembed\" frameborder=\"0\" allow=\"accelerometer; autoplay; clipboard-write; encrypted-media; gyroscope; picture-in-picture; web-share\" referrerpolicy=\"strict-origin-when-cross-origin\" allowfullscreen><\/iframe><\/div>\n<\/div><\/figure>\n\n\n\n<p>Mister Emma a rendez-vous avec l\u2019architecte&nbsp;<strong>Jean Garcin<\/strong>&nbsp;du bureau&nbsp;<strong>Karbon\u2019<\/strong>. Il a en charge la mission de r\u00e9nover un ensemble de logements dans un immeuble au Boulevard&nbsp;<strong>G\u00e9n\u00e9ral Jacques<\/strong>&nbsp;o\u00f9 habitaient des gendarmes mari\u00e9s. L\u2019objectif de ce projet, laur\u00e9at&nbsp;<strong>RENOLAB.B<\/strong>, est de garder un maximum des \u00e9l\u00e9ments et de la mati\u00e8re pr\u00e9sents dans le b\u00e2timent existant. Ce projet parle principalement de la r\u00e9cup\u00e9ration de mat\u00e9riaux d\u00e9j\u00e0 pr\u00e9sents dans le b\u00e2timent mais outre le r\u00e9emploi, il parle surtout du fait de ne pas utiliser de nouvelles mati\u00e8res premi\u00e8res m\u00eame si le b\u00e9n\u00e9fice \u00e9conomique n\u2019est pas atteint. Le fait de r\u00e9utiliser les mat\u00e9riaux pr\u00e9sents dans la b\u00e2ti suffit pour avoir un b\u00e9n\u00e9fice pour la plan\u00e8te !<\/p>\n\n\n\n<p class=\"has-light-green-cyan-background-color has-background\"><strong>BONUS WEB<\/strong>&nbsp;: nous vous proposons un tutoriel qui r\u00e9pond \u00e0 la question \u00ab&nbsp;<em>C\u2019est quoi la g\u00e9othermie ?<\/em>\u00ab&nbsp;, par&nbsp;<strong>Fr\u00e9d\u00e9ric Oleksandrow<\/strong>&nbsp;(Ing\u00e9nieur \u2013&nbsp;<strong>EWA engineering<\/strong>). Cette capsule fait directement \u00e9cho aux propos de l\u2019architecte dans le reportage G\u00e9n\u00e9ral Jacques.<\/p>\n\n\n\n<p class=\"has-pale-pink-background-color has-background\"><strong>Voir les vid\u00e9os :<\/strong><\/p>\n\n\n\n<ul class=\"wp-block-list\">\n<li>\u00c9mission&nbsp;<em>8<\/em>&nbsp;\u2013 Archi Urbain<\/li>\n\n\n\n<li>Reportage&nbsp;<em>G\u00e9n\u00e9ral Jacques<\/em><\/li>\n\n\n\n<li>Capsule tutoriel \u00ab\u00a0<em><a href=\"https:\/\/www.archiurbain.be\/?p=13322\" data-type=\"post\" data-id=\"13322\">C\u2019est quoi la g\u00e9othermie ?<\/a><\/em>\u00ab\u00a0<\/li>\n<\/ul>\n\n\n\n<p>Journaliste : Mister Emma<br>Reportage : Mister Emma<br>Studio (Tutoriel et Who&rsquo;s Who) : EpiProd<br>Musiques : Gabriel Govea Costea<br>Production : Les D\u00e9lires Productions<\/p>\n\n\n\n<p>Premi\u00e8re diffusion de cette \u00e9mission sur BX1 : 10 novembre 2024 \u00e0 16h45<\/p>\n\n\n\n<p>La r\u00e9alisation de cette \u00e9mission a \u00e9t\u00e9 rendue possible gr\u00e2ce au soutien de :<\/p>\n\n\n\n<figure class=\"wp-block-image size-large\"><a href=\"https:\/\/www.archiurbain.be\/wp-content\/uploads\/2024\/07\/soutiensAU25.jpg\"><img loading=\"lazy\" decoding=\"async\" width=\"1024\" height=\"547\" src=\"https:\/\/www.archiurbain.be\/wp-content\/uploads\/2024\/07\/soutiensAU25-1024x547.jpg\" alt=\"\" class=\"wp-image-12838\" srcset=\"https:\/\/www.archiurbain.be\/wp-content\/uploads\/2024\/07\/soutiensAU25-1024x547.jpg 1024w, https:\/\/www.archiurbain.be\/wp-content\/uploads\/2024\/07\/soutiensAU25-300x160.jpg 300w, https:\/\/www.archiurbain.be\/wp-content\/uploads\/2024\/07\/soutiensAU25-768x410.jpg 768w, https:\/\/www.archiurbain.be\/wp-content\/uploads\/2024\/07\/soutiensAU25-1536x821.jpg 1536w, https:\/\/www.archiurbain.be\/wp-content\/uploads\/2024\/07\/soutiensAU25-168x90.jpg 168w, https:\/\/www.archiurbain.be\/wp-content\/uploads\/2024\/07\/soutiensAU25.jpg 1920w\" sizes=\"auto, (max-width: 1024px) 100vw, 1024px\" \/><\/a><\/figure>\n","protected":false},"excerpt":{"rendered":"<p>Mister Emma a rendez-vous avec l\u2019architecte&nbsp;Jean Garcin&nbsp;du bureau&nbsp;Karbon\u2019. Il a en charge la mission de r\u00e9nover un ensemble de logements dans un immeuble au Boulevard&nbsp;G\u00e9n\u00e9ral Jacques&nbsp;o\u00f9 habitaient des gendarmes mari\u00e9s. L\u2019objectif de ce projet, laur\u00e9at&nbsp;RENOLAB.B, est de garder un maximum des \u00e9l\u00e9ments et de la mati\u00e8re pr\u00e9sents dans le b\u00e2timent existant. Ce projet parle principalement de la r\u00e9cup\u00e9ration de mat\u00e9riaux d\u00e9j\u00e0 pr\u00e9sents dans le b\u00e2timent &hellip; <a href=\"https:\/\/www.archiurbain.be\/?p=12977\" class=\"more-link\">Continuer de lire <span class=\"screen-reader-text\">ARCHI URBAIN (19\/08) : G\u00e9n\u00e9ral Jacques<\/span><\/a><\/p>\n","protected":false},"author":1,"featured_media":12906,"comment_status":"open","ping_status":"open","sticky":false,"template":"","format":"standard","meta":{"_monsterinsights_skip_tracking":false,"_monsterinsights_sitenote_active":false,"_monsterinsights_sitenote_note":"","_monsterinsights_sitenote_category":0,"_jetpack_memberships_contains_paid_content":false,"footnotes":""},"categories":[8,5435,3379],"tags":[539,3224,4304,3164,5522,5523,5551,3530,5550,5396,541,5541,5445,5535,5536],"class_list":["post-12977","post","type-post","status-publish","format-standard","has-post-thumbnail","hentry","category-archiurbain","category-labonord","category-videos","tag-archi-urbain","tag-bx1","tag-durabilite","tag-ecologie","tag-ewa-engineering","tag-frederic-oleksandrow","tag-general-jacques","tag-jean-garcin","tag-karbon-3","tag-labonord","tag-mister-emma","tag-renolab-b","tag-sustainability","tag-tutoriel","tag-whos-who-2"],"jetpack_featured_media_url":"https:\/\/www.archiurbain.be\/wp-content\/uploads\/2024\/07\/AU1908-cover.jpg","jetpack_sharing_enabled":true,"_links":{"self":[{"href":"https:\/\/www.archiurbain.be\/index.php?rest_route=\/wp\/v2\/posts\/12977","targetHints":{"allow":["GET"]}}],"collection":[{"href":"https:\/\/www.archiurbain.be\/index.php?rest_route=\/wp\/v2\/posts"}],"about":[{"href":"https:\/\/www.archiurbain.be\/index.php?rest_route=\/wp\/v2\/types\/post"}],"author":[{"embeddable":true,"href":"https:\/\/www.archiurbain.be\/index.php?rest_route=\/wp\/v2\/users\/1"}],"replies":[{"embeddable":true,"href":"https:\/\/www.archiurbain.be\/index.php?rest_route=%2Fwp%2Fv2%2Fcomments&post=12977"}],"version-history":[{"count":6,"href":"https:\/\/www.archiurbain.be\/index.php?rest_route=\/wp\/v2\/posts\/12977\/revisions"}],"predecessor-version":[{"id":13617,"href":"https:\/\/www.archiurbain.be\/index.php?rest_route=\/wp\/v2\/posts\/12977\/revisions\/13617"}],"wp:featuredmedia":[{"embeddable":true,"href":"https:\/\/www.archiurbain.be\/index.php?rest_route=\/wp\/v2\/media\/12906"}],"wp:attachment":[{"href":"https:\/\/www.archiurbain.be\/index.php?rest_route=%2Fwp%2Fv2%2Fmedia&parent=12977"}],"wp:term":[{"taxonomy":"category","embeddable":true,"href":"https:\/\/www.archiurbain.be\/index.php?rest_route=%2Fwp%2Fv2%2Fcategories&post=12977"},{"taxonomy":"post_tag","embeddable":true,"href":"https:\/\/www.archiurbain.be\/index.php?rest_route=%2Fwp%2Fv2%2Ftags&post=12977"}],"curies":[{"name":"wp","href":"https:\/\/api.w.org\/{rel}","templated":true}]}}