{"id":12836,"date":"2024-07-19T10:57:42","date_gmt":"2024-07-19T08:57:42","guid":{"rendered":"https:\/\/www.archiurbain.be\/?p=12836"},"modified":"2025-05-05T11:37:36","modified_gmt":"2025-05-05T09:37:36","slug":"bx1-emissions-de-la-saison-19-2024-2025","status":"publish","type":"post","link":"https:\/\/www.archiurbain.be\/?p=12836","title":{"rendered":"BX1 : \u00c9missions de la saison 19 (2024-2025)"},"content":{"rendered":"\n<p><strong>Archi Urbain<\/strong>&nbsp;lance un <span style=\"text-decoration: underline;\">laboratoire de la r\u00e9novation \/ construction saine et durable \u00e0 Bruxelles<\/span>. Le <strong>LaboNord<\/strong> entend montrer les bonnes pratiques pour r\u00e9nover son habitat avec des mat\u00e9riaux sains tant pour le bien immobilier que pour ses habitants et habitantes, tout en limitant au maximum les d\u00e9perditions d&rsquo;\u00e9nergie. En prenant un chantier pilote situ\u00e9 dans la commune de Sant-Josse-ten-Noode comme personnage fil rouge, <strong>Mister Emma<\/strong> vous emm\u00e8ne sur de nombreux chantiers exemplaires et inspirants afin de confronter les pratiques actuelles, questionner les architectes et les fournisseurs de mat\u00e9riaux et donner les cl\u00e9s pour une r\u00e9novation \/ construction plus respectueuse de notre environnement et de la plan\u00e8te.<\/p>\n\n\n\n<p>Plus d&rsquo;infos sur le LaboNord : <a href=\"https:\/\/www.archiurbain.be\/?page_id=12638\" target=\"_blank\" rel=\"noreferrer noopener\">Cliquez ICI<\/a>.<\/p>\n\n\n\n<p>L&rsquo;\u00e9mission <strong>Archi Urbain<\/strong> est diffus\u00e9e sur&nbsp;<a href=\"http:\/\/bx1.be\">BX1<\/a>&nbsp;:<\/p>\n\n\n\n<ul class=\"wp-block-list\">\n<li>le dimanche \u00e0 16h45,<\/li>\n\n\n\n<li>le dimanche \u00e0 19h45,<\/li>\n\n\n\n<li>le lundi \u00e0 16h45,<\/li>\n\n\n\n<li>le jeudi \u00e0 23h45.<\/li>\n<\/ul>\n\n\n\n<p>Vous trouverez le d\u00e9tail de la programmation dans la suite de cet article. Le programme ci-dessous est susceptible de modifications durant la saison. N\u2019h\u00e9sitez pas \u00e0 revenir r\u00e9guli\u00e8rement voir l\u2019agenda mis-\u00e0-jour et inscrivez-vous gratuitement \u00e0 notre newsletter via le formulaire dans la colonne de droite. (voir ici \u00e0 c\u00f4t\u00e9 de l&rsquo;article)<\/p>\n\n\n\n<p>Ce programme est r\u00e9alis\u00e9 gr\u00e2ce au soutien de :<\/p>\n\n\n\n<figure class=\"wp-block-image size-large\"><a href=\"https:\/\/www.archiurbain.be\/wp-content\/uploads\/2024\/07\/soutiensAU25.jpg\"><img loading=\"lazy\" decoding=\"async\" width=\"1024\" height=\"547\" src=\"https:\/\/www.archiurbain.be\/wp-content\/uploads\/2024\/07\/soutiensAU25-1024x547.jpg\" alt=\"\" class=\"wp-image-12838\" srcset=\"https:\/\/www.archiurbain.be\/wp-content\/uploads\/2024\/07\/soutiensAU25-1024x547.jpg 1024w, https:\/\/www.archiurbain.be\/wp-content\/uploads\/2024\/07\/soutiensAU25-300x160.jpg 300w, https:\/\/www.archiurbain.be\/wp-content\/uploads\/2024\/07\/soutiensAU25-768x410.jpg 768w, https:\/\/www.archiurbain.be\/wp-content\/uploads\/2024\/07\/soutiensAU25-1536x821.jpg 1536w, https:\/\/www.archiurbain.be\/wp-content\/uploads\/2024\/07\/soutiensAU25-168x90.jpg 168w, https:\/\/www.archiurbain.be\/wp-content\/uploads\/2024\/07\/soutiensAU25.jpg 1920w\" sizes=\"auto, (max-width: 1024px) 100vw, 1024px\" \/><\/a><\/figure>\n\n\n\n<p><strong><span style=\"text-decoration: underline;\">01 septembre 2024 \u2013 \u00c9mission 1<\/span><\/strong><\/p>\n\n\n\n<p>Les 6, 7 et 8 octobre prochain, urban.brussels lance sa 4\u00e8me \u00e9dition des <strong>Sustainable Architecture Days<\/strong>, organis\u00e9 dans le cadre de l&rsquo;<strong>Archiweek<\/strong>. Archi Urbain et Mister Emma sont une nouvelle fois \u00e0 la man\u0153uvre pour vous pr\u00e9senter 6 projets inspirants. Parmi eux, on retrouve le projet Gerfauts by UP, la maison personnelle de l&rsquo;architecte <strong>Julien Kessler<\/strong> et le si\u00e8ge embl\u00e9matique de la soci\u00e9t\u00e9 <strong>CFE<\/strong> \u00e0 Auderghem, le fameux <strong>Wood Hub<\/strong>.<\/p>\n\n\n\n<p>Apr\u00e8s d\u00e9molition de trois immeubles tertiaires obsol\u00e8tes et de pi\u00e8tre qualit\u00e9, deux nouveaux immeubles de logements sont reconstruits sur les anciens sous-sols concern\u00e9s, tandis qu\u2019un nouveau b\u00e2timent de bureaux est implant\u00e9 le long de l\u2019avenue Edmond Van Nieuwenhuyse, juste en face du m\u00e9tro Demey. Du fait de sa localisation privil\u00e9gi\u00e9e le long d\u2019une entr\u00e9e importante dans Bruxelles et actuellement sur un terrain compl\u00e8tement introverti, tout l\u2019enjeu du red\u00e9veloppement de ce site de 1,5ha \u00e9tait d\u2019implanter du logement et du bureau tout en offrant des espaces de qualit\u00e9 accessibles au public. <strong>Wood hub<\/strong> se veut \u00eatre un b\u00e2timent exemplaire sous le nouveau r\u00e8glement europ\u00e9en de la taxonomie. Il pousse les limites en mati\u00e8re d&rsquo;innovation et d&rsquo;impact environnemental avec notamment sa structure bois-b\u00e9ton, une premi\u00e8re belge mais \u00e9galement par le r\u00e9-emploi, l&rsquo;utilisation de mat\u00e9riaux bio-sourc\u00e9s et locaux et un chantier durable. Le b\u00e2timent est Zero Energy Fossile, Zero Energy Building avec des certificats WELL Platinium et BREEAM Outstanding. Le nouveau si\u00e8ge du groupe <strong>CFE<\/strong> n&rsquo;accueille pas seulement les entit\u00e9s du groupe. D&rsquo;autres entreprises sont pr\u00e9sentes dans le b\u00e2timent. Chacun et chacune peuvent profiter d&rsquo;espaces communs (mess, co-working, salle de fitness, jardin, &#8230;).<\/p>\n\n\n\n<p>Pour parler du projet, l&rsquo;Ir. architecte <strong>Xavier Dumont de Chassart<\/strong>, associ\u00e9 au sein du bureau <strong>ARCHi2000<\/strong> et <strong>Philippe Sall\u00e9<\/strong>, Head of Sales &amp; Marketing at <strong>BPI Real Estate<\/strong> (<strong>CFE Group<\/strong>) r\u00e9pondent aux questions de Mister Emma.<\/p>\n\n\n\n<p>Dans le cadre du <strong>LaboNord<\/strong>, nous vous proposons un portrait du bureau <strong>ARCHi2000<\/strong> en compagnie <strong>J\u00e9r\u00f4me Verdussen<\/strong>, Responsable op\u00e9rationnel et strat\u00e9gique. Ainsi qu&rsquo;un tutoriel qui vous explique le programme <strong>Renolution<\/strong> de la R\u00e9gion Bruxelles-Capitale, par <strong>Laurent Schiltz<\/strong>, Membre de la cellule op\u00e9rationnelle &#8211; <strong>Renolution<\/strong>.<\/p>\n\n\n\n<p class=\"has-black-color has-pale-pink-background-color has-text-color has-background has-link-color wp-elements-de5350eeb76c2b957c709248d1bc6750\"><strong>Voir les vid\u00e9os :<\/strong><\/p>\n\n\n\n<ul class=\"wp-block-list\">\n<li><a href=\"https:\/\/www.archiurbain.be\/?p=12967\" data-type=\"post\" data-id=\"12967\">\u00c9mission <em>1<\/em> &#8211; Archi Urbain<\/a><\/li>\n\n\n\n<li>Reportage <em><a href=\"https:\/\/www.archiurbain.be\/?p=12967\" data-type=\"post\" data-id=\"12967\">WoodHub<\/a><\/em><\/li>\n\n\n\n<li>Portrait Who&rsquo;s Who <em><a href=\"https:\/\/www.archiurbain.be\/?p=12397\" data-type=\"post\" data-id=\"12397\" target=\"_blank\" rel=\"noreferrer noopener\">ARCHi2000<\/a><\/em><\/li>\n\n\n\n<li>Capsule tutoriel <a href=\"https:\/\/www.archiurbain.be\/?p=13343\" data-type=\"post\" data-id=\"13343\" target=\"_blank\" rel=\"noreferrer noopener\">\u00ab\u00a0<em>Quelles sont les objectifs du programme Renolution ?<\/em>\u00ab\u00a0<\/a><\/li>\n<\/ul>\n\n\n\n<figure class=\"wp-block-image size-large\"><a href=\"https:\/\/www.archiurbain.be\/wp-content\/uploads\/2024\/07\/AU1901-cover.jpg\"><img loading=\"lazy\" decoding=\"async\" width=\"1024\" height=\"576\" src=\"https:\/\/www.archiurbain.be\/wp-content\/uploads\/2024\/07\/AU1901-cover-1024x576.jpg\" alt=\"\" class=\"wp-image-12895\" srcset=\"https:\/\/www.archiurbain.be\/wp-content\/uploads\/2024\/07\/AU1901-cover-1024x576.jpg 1024w, https:\/\/www.archiurbain.be\/wp-content\/uploads\/2024\/07\/AU1901-cover-300x169.jpg 300w, https:\/\/www.archiurbain.be\/wp-content\/uploads\/2024\/07\/AU1901-cover-768x432.jpg 768w, https:\/\/www.archiurbain.be\/wp-content\/uploads\/2024\/07\/AU1901-cover-1536x864.jpg 1536w, https:\/\/www.archiurbain.be\/wp-content\/uploads\/2024\/07\/AU1901-cover-160x90.jpg 160w, https:\/\/www.archiurbain.be\/wp-content\/uploads\/2024\/07\/AU1901-cover.jpg 1920w\" sizes=\"auto, (max-width: 1024px) 100vw, 1024px\" \/><\/a><\/figure>\n\n\n\n<p><strong><span style=\"text-decoration: underline;\">08 septembre 2024 \u2013 \u00c9mission 2<\/span><\/strong><\/p>\n\n\n\n<p>Les 6, 7 et 8 octobre prochain, urban.brussels lance sa 4\u00e8me \u00e9dition des <strong>Sustainable Architecture Days<\/strong>, organis\u00e9 dans le cadre de l&rsquo;<strong>Archiweek<\/strong>. Archi Urbain et Mister Emma sont une nouvelle fois \u00e0 la man\u0153uvre pour vous pr\u00e9senter 6 projets inspirants. Dans cette \u00e9mission, nous vous invitons \u00e0 d\u00e9couvrir le projet <strong>Decoster<\/strong>, ces anciens b\u00e2timents en int\u00e9rieur d&rsquo;ilot vont devenir les bureaux d&rsquo;<strong>ici architectes<\/strong>. Plus concr\u00e8tement, ce projet se compose de deux parcelles situ\u00e9es \u00e0 l\u2019arri\u00e8re d&rsquo;une maison de rapport. Celles-ci sont accessibles par une entr\u00e9e coch\u00e8re et une voie pav\u00e9e d\u2019environ 30 m depuis la rue jusqu\u2019\u00e0 l\u2019int\u00e9rieur d\u2019\u00eelot. Le chantier consiste notamment en la d\u00e9molition de garages et d&rsquo;une cour pour y installer un potager urbain th\u00e9matique. Certains garages sont aussi transform\u00e9s en salle polyvalente. Les bureaux, hangars et \u00e9curies d\u00e9saffect\u00e9s sont, eux, r\u00e9habilit\u00e9s en atelier d\u2019architecture. Dans ce reportage, on retrouve les architectes <strong>Aur\u00e9lie Maes<\/strong> ainsi que <strong>Laurane Coornaert<\/strong>, cr\u00e9atrice de l\u2019entreprise en auto-construction <strong>Degr\u00e947<\/strong>. Ce projet est laur\u00e9at <strong>RENOLAB.B<\/strong>.<\/p>\n\n\n\n<p>Dans la seconde partie de l&rsquo;\u00e9mission, nous entendrons l\u2019architecte <strong>Lo\u00efc Hermant<\/strong>, associ\u00e9 de <strong>ici architectes<\/strong> qui nous parlera de l&rsquo;engagement dans la durabilit\u00e9 de son atelier d&rsquo;architecture.<\/p>\n\n\n\n<p class=\"has-black-color has-pale-pink-background-color has-text-color has-background has-link-color wp-elements-de5350eeb76c2b957c709248d1bc6750\"><strong>Voir les vid\u00e9os :<\/strong><\/p>\n\n\n\n<ul class=\"wp-block-list\">\n<li><a href=\"https:\/\/www.archiurbain.be\/?p=12969\" data-type=\"post\" data-id=\"12969\">\u00c9mission <em>2<\/em> &#8211; Archi Urbain<\/a><\/li>\n\n\n\n<li>Reportage <em><a href=\"https:\/\/www.archiurbain.be\/?p=13494\" data-type=\"post\" data-id=\"13494\">Decoster<\/a><\/em><\/li>\n\n\n\n<li>Portrait Who&rsquo;s Who <a href=\"https:\/\/www.archiurbain.be\/?p=12810\" data-type=\"post\" data-id=\"12810\" target=\"_blank\" rel=\"noreferrer noopener\"><em>ici architectes<\/em><\/a><\/li>\n\n\n\n<li>Capsule tutoriel \u00ab\u00a0<em><a href=\"https:\/\/www.archiurbain.be\/?p=13339\" data-type=\"post\" data-id=\"13339\" target=\"_blank\" rel=\"noreferrer noopener\">C&rsquo;est quoi le programme RENOLAB.B ?<\/a><\/em>\u00ab\u00a0<\/li>\n<\/ul>\n\n\n\n<figure class=\"wp-block-image size-large\"><a href=\"https:\/\/www.archiurbain.be\/wp-content\/uploads\/2024\/07\/AU1902-cover.jpg\"><img loading=\"lazy\" decoding=\"async\" width=\"1024\" height=\"576\" src=\"https:\/\/www.archiurbain.be\/wp-content\/uploads\/2024\/07\/AU1902-cover-1024x576.jpg\" alt=\"\" class=\"wp-image-12897\" srcset=\"https:\/\/www.archiurbain.be\/wp-content\/uploads\/2024\/07\/AU1902-cover-1024x576.jpg 1024w, https:\/\/www.archiurbain.be\/wp-content\/uploads\/2024\/07\/AU1902-cover-300x169.jpg 300w, https:\/\/www.archiurbain.be\/wp-content\/uploads\/2024\/07\/AU1902-cover-768x432.jpg 768w, https:\/\/www.archiurbain.be\/wp-content\/uploads\/2024\/07\/AU1902-cover-1536x864.jpg 1536w, https:\/\/www.archiurbain.be\/wp-content\/uploads\/2024\/07\/AU1902-cover-160x90.jpg 160w, https:\/\/www.archiurbain.be\/wp-content\/uploads\/2024\/07\/AU1902-cover.jpg 1920w\" sizes=\"auto, (max-width: 1024px) 100vw, 1024px\" \/><\/a><\/figure>\n\n\n\n<p><strong><span style=\"text-decoration: underline;\">15 septembre 2024 \u2013 \u00c9mission 3<\/span><\/strong><\/p>\n\n\n\n<p>Les 6, 7 et 8 octobre prochain, urban.brussels lance sa 4\u00e8me \u00e9dition des <strong>Sustainable Architecture Days<\/strong>, organis\u00e9 dans le cadre de l&rsquo;<strong>Archiweek<\/strong>. Archi Urbain et Mister Emma sont une nouvelle fois \u00e0 la man\u0153uvre pour vous pr\u00e9senter 6 projets inspirants. Dans cette \u00e9mission, nous poursuivons notre reportage sur le projet <strong>Decoster<\/strong>. Pour rappel, ce projet se compose de deux parcelles situ\u00e9es \u00e0 l\u2019arri\u00e8re d&rsquo;une maison de rapport. Celles-ci sont accessibles par une entr\u00e9e coch\u00e8re et une voie pav\u00e9e d\u2019environ 30 m depuis la rue jusqu\u2019\u00e0 l\u2019int\u00e9rieur d\u2019\u00eelot. Le chantier consiste notamment en la d\u00e9molition de garages et d&rsquo;une cour pour y installer un potager urbain th\u00e9matique. Certains garages sont aussi transform\u00e9s en salle polyvalente. Les bureaux, hangars et \u00e9curies d\u00e9saffect\u00e9s sont, eux, r\u00e9habilit\u00e9s en atelier d\u2019architecture. Dans ce reportage, on retrouve les architectes <strong>Aur\u00e9lie Maes<\/strong> ainsi que <strong>Laurane Coornaert<\/strong>, cr\u00e9atrice de l\u2019entreprise en auto-construction <strong>Degr\u00e947<\/strong>. Ce projet est laur\u00e9at <strong>RENOLAB.B<\/strong>&#8230; est c&rsquo;est jour de visite :&nbsp;<strong>Yannick D&rsquo;Otreppe<\/strong>, Gestionnaire de projet chez <strong>Bruxelles Environnement<\/strong> et&nbsp;<strong>Marco Ugo Vismara<\/strong>, Sustainability consultant chez <strong>Drees &amp; Sommer Belgium<\/strong>.<\/p>\n\n\n\n<p>Dans le cadre du <strong>LaboNord<\/strong>, nous vous proposons le portrait engag\u00e9 du bureau d&rsquo;architecture <strong>Waow_collectif d\u2019enthousiastes<\/strong><span style=\"font-size: revert;\"> en compagnie <\/span>architectes <strong>Pauline Gonieau<\/strong> et <strong>Antoine Lemaire<\/strong>.<\/p>\n\n\n\n<p class=\"has-black-color has-pale-pink-background-color has-text-color has-background has-link-color wp-elements-de5350eeb76c2b957c709248d1bc6750\"><strong>Voir les vid\u00e9os :<\/strong><\/p>\n\n\n\n<ul class=\"wp-block-list\">\n<li><a href=\"https:\/\/www.archiurbain.be\/?p=12971\" data-type=\"post\" data-id=\"12971\">\u00c9mission <em>3<\/em> &#8211; Archi Urbain<\/a><\/li>\n\n\n\n<li>Reportage <em><a href=\"https:\/\/www.archiurbain.be\/?p=13494\" data-type=\"post\" data-id=\"13494\">Decoster<\/a><\/em><\/li>\n\n\n\n<li>Portrait Who&rsquo;s Who <em><a href=\"https:\/\/www.archiurbain.be\/?p=12437\" data-type=\"post\" data-id=\"12437\" target=\"_blank\" rel=\"noreferrer noopener\">Waow_collectif d\u2019enthousiastes<\/a><\/em><\/li>\n<\/ul>\n\n\n\n<figure class=\"wp-block-image size-large\"><a href=\"https:\/\/www.archiurbain.be\/wp-content\/uploads\/2024\/07\/AU1903-cover.jpg\"><img loading=\"lazy\" decoding=\"async\" width=\"1024\" height=\"576\" src=\"https:\/\/www.archiurbain.be\/wp-content\/uploads\/2024\/07\/AU1903-cover-1024x576.jpg\" alt=\"\" class=\"wp-image-12899\" srcset=\"https:\/\/www.archiurbain.be\/wp-content\/uploads\/2024\/07\/AU1903-cover-1024x576.jpg 1024w, https:\/\/www.archiurbain.be\/wp-content\/uploads\/2024\/07\/AU1903-cover-300x169.jpg 300w, https:\/\/www.archiurbain.be\/wp-content\/uploads\/2024\/07\/AU1903-cover-768x432.jpg 768w, https:\/\/www.archiurbain.be\/wp-content\/uploads\/2024\/07\/AU1903-cover-1536x864.jpg 1536w, https:\/\/www.archiurbain.be\/wp-content\/uploads\/2024\/07\/AU1903-cover-160x90.jpg 160w, https:\/\/www.archiurbain.be\/wp-content\/uploads\/2024\/07\/AU1903-cover.jpg 1920w\" sizes=\"auto, (max-width: 1024px) 100vw, 1024px\" \/><\/a><\/figure>\n\n\n\n<p><strong><span style=\"text-decoration: underline;\">22 septembre 2024 \u2013 \u00c9mission 4<\/span><\/strong><\/p>\n\n\n\n<p>Les 6, 7 et 8 octobre prochain, urban.brussels lance sa 4\u00e8me \u00e9dition des <strong>Sustainable Architecture Days<\/strong>, organis\u00e9 dans le cadre de l&rsquo;<strong>Archiweek<\/strong>. Archi Urbain et Mister Emma sont une nouvelle fois \u00e0 la man\u0153uvre pour vous pr\u00e9senter 6 projets inspirants.<\/p>\n\n\n\n<p>Dans cette \u00e9mission, Mister Emma a convi\u00e9 l&rsquo;architecte <strong>Simon Auperpin<\/strong> du bureau <strong>Taktyk<\/strong> et <strong>Samuel Deroover<\/strong>, Directeur de la gestion des espaces publics \u00e0 la Commune d&rsquo;<strong>Ixelles<\/strong> \u00e0 venir pr\u00e9senter le r\u00e9am\u00e9nagement de la <strong>place du Ch\u00e2telain<\/strong>.<br>Le parti pris du projet est de cr\u00e9er une \u00ab&nbsp;Place Jardin&nbsp;\u00bb, dont les am\u00e9nagements faciliteront la rencontre, la fl\u00e2nerie et la r\u00e9cr\u00e9ation, tout en permettant d\u2019am\u00e9liorer ses qualit\u00e9s paysag\u00e8res et environnementales. Les Tilleuls, symboles phare de la place, seront conserv\u00e9s et accompagn\u00e9s d\u2019une nouvelle palette v\u00e9g\u00e9tale adapt\u00e9e, qui viendra r\u00e9duire consid\u00e9rablement les effets des \u00eelots de chaleur urbains qui touchent de plus en plus nos villes.<\/p>\n\n\n\n<p>Le projet est destin\u00e9 \u00e0 accueillir une place de plain-pied, exemplaire pour l\u2019accessibilit\u00e9 PMR. Elle est s\u00e9quenc\u00e9e en trois parties, et s\u2019identifie gr\u00e2ce \u00e0 de multiples espaces appropriables pour tous les habitant\u00b7es, du pi\u00e9ton au cycliste mais \u00e9galement aux commer\u00e7ant\u00b7es (mara\u00eecher\u00b7es et commerces Horeca).&nbsp;<\/p>\n\n\n\n<p>La premi\u00e8re s\u00e9quence se d\u00e9cline par la cr\u00e9ation d\u2019une pelouse pliss\u00e9e dot\u00e9e de jeux de nivellement et plant\u00e9es d\u2019une v\u00e9g\u00e9tation diverse et vari\u00e9e. Le c\u0153ur de la place, quant \u00e0 lui, offrira un espace de rafraichissement, \u00e9quip\u00e9 de fontaines et pens\u00e9 comme un espace de s\u00e9jour, l\u00e0 o\u00f9 le c\u0153ur du march\u00e9 du Ch\u00e2telain pourra s\u2019implanter ais\u00e9ment. Enfin, la troisi\u00e8me s\u00e9quence, la sc\u00e8ne du \u00ab&nbsp;bosquet forestier&nbsp;\u00bb invite \u00e0 s\u2019adosser sur les gradins et bancs et \u00e0 s\u2019approprier l\u2019espace le temps d\u2019une discussion.<\/p>\n\n\n\n<p>Dans le cadre du <strong>LaboNord<\/strong>, nous vous proposons deux portraits d&rsquo;entreprises engag\u00e9es dans la durabilit\u00e9 : <strong>SunSoak Design<\/strong> en compagnie de l&rsquo;architecte et g\u00e9rant <strong>Jean-Didier Steenackers<\/strong> et <strong>Light to Light<\/strong> en compagnie de <strong>Fiorenzo Nam\u00e8che<\/strong>. Ainsi qu&rsquo;un tutoriel qui r\u00e9pond \u00e0 la question \u00ab\u00a0<em>C\u2019est quoi le Design for Assembly and Disassembly (DFAD) ?<\/em><span style=\"font-size: revert;\">\u00ab\u00a0<\/span>, par l&rsquo;architecte <strong>Sebastian Moreno-Vacca<\/strong> (<strong>A2M<\/strong>)<\/p>\n\n\n\n<p class=\"has-black-color has-pale-pink-background-color has-text-color has-background has-link-color wp-elements-de5350eeb76c2b957c709248d1bc6750\"><strong>Voir les vid\u00e9os :<\/strong><\/p>\n\n\n\n<ul class=\"wp-block-list\">\n<li><a href=\"https:\/\/www.archiurbain.be\/?p=12973\" data-type=\"post\" data-id=\"12973\">\u00c9mission <em>4<\/em> &#8211; Archi Urbain<\/a><\/li>\n\n\n\n<li>Reportage <em><a href=\"https:\/\/www.archiurbain.be\/?p=13494\" data-type=\"post\" data-id=\"13494\">Place du Ch\u00e2telain<\/a><\/em><\/li>\n\n\n\n<li>Portrait Who&rsquo;s Who <em><a href=\"https:\/\/www.archiurbain.be\/?p=12433\" data-type=\"post\" data-id=\"12433\" target=\"_blank\" rel=\"noreferrer noopener\">SunSoak Design<\/a><\/em><\/li>\n\n\n\n<li>Portrait Who&rsquo;s Who <em><a href=\"https:\/\/www.archiurbain.be\/?p=12425\" data-type=\"post\" data-id=\"12425\" target=\"_blank\" rel=\"noreferrer noopener\">Light-to-Light<\/a><\/em><\/li>\n\n\n\n<li>Capsule tutoriel \u00ab\u00a0<em><a href=\"https:\/\/www.archiurbain.be\/?p=13309\" data-type=\"post\" data-id=\"13309\">C\u2019est quoi le Design for Assembly and Disassembly (DFAD) ?<\/a><\/em>\u00ab\u00a0<\/li>\n<\/ul>\n\n\n\n<figure class=\"wp-block-image size-large\"><a href=\"https:\/\/www.archiurbain.be\/wp-content\/uploads\/2024\/07\/Chatelain-cover.jpg\"><img loading=\"lazy\" decoding=\"async\" width=\"1024\" height=\"576\" src=\"https:\/\/www.archiurbain.be\/wp-content\/uploads\/2024\/07\/Chatelain-cover-1024x576.jpg\" alt=\"\" class=\"wp-image-13453\" srcset=\"https:\/\/www.archiurbain.be\/wp-content\/uploads\/2024\/07\/Chatelain-cover-1024x576.jpg 1024w, https:\/\/www.archiurbain.be\/wp-content\/uploads\/2024\/07\/Chatelain-cover-300x169.jpg 300w, https:\/\/www.archiurbain.be\/wp-content\/uploads\/2024\/07\/Chatelain-cover-768x432.jpg 768w, https:\/\/www.archiurbain.be\/wp-content\/uploads\/2024\/07\/Chatelain-cover-1536x864.jpg 1536w, https:\/\/www.archiurbain.be\/wp-content\/uploads\/2024\/07\/Chatelain-cover-160x90.jpg 160w, https:\/\/www.archiurbain.be\/wp-content\/uploads\/2024\/07\/Chatelain-cover.jpg 1920w\" sizes=\"auto, (max-width: 1024px) 100vw, 1024px\" \/><\/a><\/figure>\n\n\n\n<p><strong><span style=\"text-decoration: underline;\">29 septembre 2024 \u2013 \u00c9mission 5<\/span><\/strong><\/p>\n\n\n\n<p>Les 6, 7 et 8 octobre prochain, urban.brussels lance sa 4\u00e8me \u00e9dition des Sustainable Architecture Days, organis\u00e9 dans le cadre de l&rsquo;Archiweek. Archi Urbain et Mister Emma sont une nouvelle fois \u00e0 la man\u0153uvre pour vous pr\u00e9senter 6 projets inspirants. Dans cette \u00e9mission, nous vous proposons de nous arr\u00eater au Recypark. C&rsquo;est un projet remarquable qu&rsquo;Archi Urbain vous avait d\u00e9j\u00e0 pr\u00e9sent\u00e9 en 2021 ! \u00c0 l&rsquo;\u00e9poque, le projet n&rsquo;avait pas encore d\u00e9marr\u00e9, Mister Emma avait rencontr\u00e9 les architectes <strong>Benoit Lanon<\/strong> et <strong>Freek Persyn<\/strong> du bureau <strong>51N4E<\/strong> dans un terrain quasi abandonn\u00e9 \u00e0 Anderlecht. Ce projet be.exemplary est aujourd&rsquo;hui termin\u00e9 et il sera livr\u00e9 le 5 octobre ! On retrouve les architectes <strong>Freek Persyn<\/strong> et <strong>Yann Gueguen<\/strong> du bureau 51N4E pour d\u00e9couvrir ce programme mixte parc \u00e0 containers et espace public comportant un skatepark. L\u2019espace public a \u00e9t\u00e9 r\u00e9alis\u00e9 par <strong>les Marneurs<\/strong> (architecture, paysage et urbanisme) et <strong>Janne Saario<\/strong> (paysagiste et skateur professionnel).<\/p>\n\n\n\n<p>Dans le cadre du <strong>LaboNord<\/strong>, nous vous proposons un portrait engag\u00e9 du bureau d&rsquo;achitecture <strong>450ppm<\/strong> en compagnie de l&rsquo;architecte <strong>Beno\u00eet Lemmens<\/strong>, <span style=\"font-size: revert;\">ainsi qu&rsquo;un tutoriel qui r\u00e9pond \u00e0 la question \u00ab\u00a0<\/span><em style=\"font-size: revert;\">C&rsquo;est quoi la ville productive ?<\/em><span style=\"font-size: revert;\">\u00ab\u00a0<\/span>, par l&rsquo;architecte <strong>Steven Beckers<\/strong>, Expert en \u00e9conomie spiral\u00e9e &#8211; <strong>BoPro<\/strong>.<\/p>\n\n\n\n<p class=\"has-black-color has-pale-pink-background-color has-text-color has-background has-link-color wp-elements-de5350eeb76c2b957c709248d1bc6750\"><strong>Voir les vid\u00e9os :<\/strong><\/p>\n\n\n\n<ul class=\"wp-block-list\">\n<li><a href=\"https:\/\/www.archiurbain.be\/?p=12975\" data-type=\"post\" data-id=\"12975\">\u00c9mission <em>5<\/em> &#8211; Archi Urbain<\/a><\/li>\n\n\n\n<li>Reportage <em><a href=\"https:\/\/www.archiurbain.be\/?p=13494\" data-type=\"post\" data-id=\"13494\">Recypark<\/a><\/em><\/li>\n\n\n\n<li>Portrait Who&rsquo;s Who <em><a href=\"https:\/\/www.archiurbain.be\/?p=12391\" data-type=\"post\" data-id=\"12391\" target=\"_blank\" rel=\"noreferrer noopener\">450ppm<\/a><\/em><\/li>\n\n\n\n<li>Capsule tutoriel \u00ab\u00a0<em><a href=\"https:\/\/www.archiurbain.be\/?p=13349\" data-type=\"post\" data-id=\"13349\" target=\"_blank\" rel=\"noreferrer noopener\">C&rsquo;est quoi la ville productive ?<\/a><\/em>\u00ab\u00a0<\/li>\n<\/ul>\n\n\n\n<figure class=\"wp-block-image size-large\"><a href=\"https:\/\/www.archiurbain.be\/wp-content\/uploads\/2024\/07\/AU1905-cover-1.jpg\"><img loading=\"lazy\" decoding=\"async\" width=\"1024\" height=\"576\" src=\"https:\/\/www.archiurbain.be\/wp-content\/uploads\/2024\/07\/AU1905-cover-1-1024x576.jpg\" alt=\"\" class=\"wp-image-13395\" srcset=\"https:\/\/www.archiurbain.be\/wp-content\/uploads\/2024\/07\/AU1905-cover-1-1024x576.jpg 1024w, https:\/\/www.archiurbain.be\/wp-content\/uploads\/2024\/07\/AU1905-cover-1-300x169.jpg 300w, https:\/\/www.archiurbain.be\/wp-content\/uploads\/2024\/07\/AU1905-cover-1-768x432.jpg 768w, https:\/\/www.archiurbain.be\/wp-content\/uploads\/2024\/07\/AU1905-cover-1-1536x864.jpg 1536w, https:\/\/www.archiurbain.be\/wp-content\/uploads\/2024\/07\/AU1905-cover-1-160x90.jpg 160w, https:\/\/www.archiurbain.be\/wp-content\/uploads\/2024\/07\/AU1905-cover-1.jpg 1920w\" sizes=\"auto, (max-width: 1024px) 100vw, 1024px\" \/><\/a><\/figure>\n\n\n\n<p><strong><span style=\"text-decoration: underline;\">06 octobre 2024 \u2013 \u00c9mission 6<\/span><\/strong><\/p>\n\n\n\n<p>Les 6, 7 et 8 octobre prochain, urban.brussels lance sa 4\u00e8me \u00e9dition des <strong>Sustainable Architecture Days<\/strong>, organis\u00e9 dans le cadre de l&rsquo;<strong>Archiweek<\/strong>. Archi Urbain et Mister Emma sont une nouvelle fois \u00e0 la man\u0153uvre pour vous pr\u00e9senter 6 projets inspirants. Dans cette \u00e9mission, nous vous invitons \u00e0 d\u00e9couvrir le projet <strong>Egied<\/strong>, de l&rsquo;ancienne brasserie Vandenheuvel reconvertie en une nouvelle \u00e9cole j\u00e9suite secondaire command\u00e9e par le \u201cScholengroep vwz Ignatius Scholen in Beweging\u00a0\u00bb. Dans ce reportage, on retrouve les architectes <strong>Sandra Ghesqui\u00e8re<\/strong> et <strong>Stijn Colpaert<\/strong> du bureau <strong>B2Ai architects<\/strong>. Ce projet laur\u00e9at <strong>RENOLAB.B<\/strong>, repose sur 7 piliers cl\u00e9s : le r\u00f4le social, une p\u00e9dagogie innovante, un b\u00e2timent durable, la pr\u00e9servation maximale du patrimoine, l&rsquo;importance de la culture et de l&rsquo;histoire du site et une architecture innovante.<\/p>\n\n\n\n<p>Dans le cadre du <strong>LaboNord<\/strong>, nous vous proposons de faire plus ample connaissance avec le bureau <strong>B2Ai architects<\/strong> en compagnie de l\u2019architecte partenaire et CCO <strong>Simon Claeys<\/strong>. Ainsi que la diffusion de deux tutoriels qui r\u00e9pondent aux questions : \u00ab\u00a0<em>C\u2019est quoi le r\u00e9-emploi ?<\/em><span style=\"font-size: revert;\">\u00a0\u00bb et \u00ab\u00a0<\/span><em>C\u2019est quoi la diff\u00e9rence entre le r\u00e9-emploi et le recyclage ?<\/em>\u00a0\u00bb par <strong>Arnaud Na\u00f4m\u00e9<\/strong>, Assistant &#8211; chercheur \/ <strong>LOCI<\/strong> et Facilitateur environnement \/ <strong>Union Wallonne des Architectes<\/strong>.<\/p>\n\n\n\n<p class=\"has-black-color has-pale-pink-background-color has-text-color has-background has-link-color wp-elements-de5350eeb76c2b957c709248d1bc6750\"><strong>Voir les vid\u00e9os :<\/strong><\/p>\n\n\n\n<ul class=\"wp-block-list\">\n<li><a href=\"https:\/\/www.archiurbain.be\/?p=12974\" data-type=\"post\" data-id=\"12974\">\u00c9mission <em>6<\/em> &#8211; Archi Urbain<\/a><\/li>\n\n\n\n<li>Reportage <em><a href=\"https:\/\/www.archiurbain.be\/?p=13494\" data-type=\"post\" data-id=\"13494\">Egied<\/a><\/em><\/li>\n\n\n\n<li>Portrait Who&rsquo;s Who <em><a href=\"https:\/\/www.archiurbain.be\/?p=12406\" data-type=\"post\" data-id=\"12406\">B2Ai architects<\/a><\/em><\/li>\n\n\n\n<li>Capsule tutoriel \u00ab\u00a0<em><a href=\"https:\/\/www.archiurbain.be\/?p=13333\" data-type=\"post\" data-id=\"13333\">C\u2019est quoi le r\u00e9-emploi ?<\/a><\/em>\u00ab\u00a0<\/li>\n\n\n\n<li>Capsule tutoriel \u00ab\u00a0<em><a href=\"https:\/\/www.archiurbain.be\/?p=13335\" data-type=\"post\" data-id=\"13335\">C\u2019est quoi la diff\u00e9rence entre le r\u00e9-emploi et le recyclage ?<\/a><\/em>\u00ab\u00a0<\/li>\n<\/ul>\n\n\n\n<figure class=\"wp-block-image size-large\"><a href=\"https:\/\/www.archiurbain.be\/wp-content\/uploads\/2024\/07\/AU1905-cover.jpg\"><img loading=\"lazy\" decoding=\"async\" width=\"1024\" height=\"576\" src=\"https:\/\/www.archiurbain.be\/wp-content\/uploads\/2024\/07\/AU1905-cover-1024x576.jpg\" alt=\"\" class=\"wp-image-12902\" srcset=\"https:\/\/www.archiurbain.be\/wp-content\/uploads\/2024\/07\/AU1905-cover-1024x576.jpg 1024w, https:\/\/www.archiurbain.be\/wp-content\/uploads\/2024\/07\/AU1905-cover-300x169.jpg 300w, https:\/\/www.archiurbain.be\/wp-content\/uploads\/2024\/07\/AU1905-cover-768x432.jpg 768w, https:\/\/www.archiurbain.be\/wp-content\/uploads\/2024\/07\/AU1905-cover-1536x864.jpg 1536w, https:\/\/www.archiurbain.be\/wp-content\/uploads\/2024\/07\/AU1905-cover-160x90.jpg 160w, https:\/\/www.archiurbain.be\/wp-content\/uploads\/2024\/07\/AU1905-cover.jpg 1920w\" sizes=\"auto, (max-width: 1024px) 100vw, 1024px\" \/><\/a><\/figure>\n\n\n\n<p><strong><span style=\"text-decoration: underline;\">13 octobre 2024<\/span><\/strong><\/p>\n\n\n\n<p>Pas d&rsquo;\u00e9mission en raison des \u00e9lections communales en Belgique.<\/p>\n\n\n\n<p><strong><span style=\"text-decoration: underline;\">20 octobre 2024 \u2013 \u00c9mission 7<\/span><\/strong><\/p>\n\n\n\n<p>Pour d\u00e9marrer cette \u00e9mission, Mister Emma s&rsquo;est rendu sur le chantier des futures locaux de BX1. Le b\u00e2timent <strong>FRAME<\/strong>, qui se situe \u00e0 la porte d&rsquo;entr\u00e9e du nouveau quartier MediaPark pr\u00e9sente une fa\u00e7ade en exo-structure qui vient soutenir l&rsquo;ensemble du b\u00e2timent. Nous sommes \u00e0 l&rsquo;\u00e9tape o\u00f9 les ing\u00e9nieurs viennent de retirer les \u00e9tan\u00e7ons. Nous donnons la parole \u00e0 <strong>Gilles Delforge<\/strong> (Directeur de MSI-SAU), <strong>Adrien Verschuere<\/strong> (Architecte fondateur du bureau d&rsquo;architecture BAUKUNST), <strong>Marc de Haan<\/strong> (Directeur g\u00e9n\u00e9ral de la cha\u00eene de t\u00e9l\u00e9vision BX1), <strong>Wim Straetmans<\/strong> (Managing Director chez Bam Interbuild).<\/p>\n\n\n\n<p>Dans la deuxi\u00e8me partie de cette \u00e9mission, Mister Emma se rend \u00e0 l&rsquo;avenue de l&rsquo;Astronomie pour discuter avec avec les conseillers <strong>Charles Julian<\/strong> et <strong>Guillaume Amand<\/strong> des missions de <strong>Homegrade<\/strong>. Enfin, nous vous proposons un tutoriel qui vous explique l&rsquo;\u00e9conomie circulaire r\u00e9g\u00e9n\u00e9rative, par l&rsquo;architecte <strong>Steven Beckers<\/strong>, Expert en \u00e9conomie spiral\u00e9e &#8211; <strong>BoPro<\/strong>.<\/p>\n\n\n\n<p class=\"has-light-green-cyan-background-color has-background\"><strong>BONUS WEB<\/strong>&nbsp;:&nbsp;Dans le cadre du LaboNord, nous vous proposons le portrait engag\u00e9 de de <strong>Christian Bayet<\/strong>, Fondateur et CEO de <strong>Wanit<\/strong>.<\/p>\n\n\n\n<p class=\"has-black-color has-pale-pink-background-color has-text-color has-background has-link-color wp-elements-de5350eeb76c2b957c709248d1bc6750\"><strong>Voir les vid\u00e9os :<\/strong><\/p>\n\n\n\n<ul class=\"wp-block-list\">\n<li><a href=\"https:\/\/www.archiurbain.be\/?p=12976\" data-type=\"post\" data-id=\"12976\">\u00c9mission<em> 7<\/em> &#8211; Archi Urbain<\/a><\/li>\n\n\n\n<li>Reportage <em>Frame<\/em><\/li>\n\n\n\n<li>Portrait Who&rsquo;s Who <em><a href=\"https:\/\/www.archiurbain.be\/?p=12435\" data-type=\"post\" data-id=\"12435\">Wanit<\/a><\/em><\/li>\n\n\n\n<li>Tutoriel \u00ab\u00a0<em>C&rsquo;est quoi Homegrade ?<\/em>\u00ab\u00a0<\/li>\n\n\n\n<li>Tutoriel \u00ab\u00a0<em><a href=\"https:\/\/www.archiurbain.be\/?p=13320\" data-type=\"post\" data-id=\"13320\">C&rsquo;est quoi l&rsquo;\u00e9conomie circulaire r\u00e9g\u00e9n\u00e9rative ?<\/a><\/em>\u00ab\u00a0<\/li>\n<\/ul>\n\n\n\n<figure class=\"wp-block-image size-large\"><a href=\"https:\/\/www.archiurbain.be\/wp-content\/uploads\/2024\/07\/AU1907-cover-1.jpg\"><img loading=\"lazy\" decoding=\"async\" width=\"1024\" height=\"576\" src=\"https:\/\/www.archiurbain.be\/wp-content\/uploads\/2024\/07\/AU1907-cover-1-1024x576.jpg\" alt=\"\" class=\"wp-image-13476\" srcset=\"https:\/\/www.archiurbain.be\/wp-content\/uploads\/2024\/07\/AU1907-cover-1-1024x576.jpg 1024w, https:\/\/www.archiurbain.be\/wp-content\/uploads\/2024\/07\/AU1907-cover-1-300x169.jpg 300w, https:\/\/www.archiurbain.be\/wp-content\/uploads\/2024\/07\/AU1907-cover-1-768x432.jpg 768w, https:\/\/www.archiurbain.be\/wp-content\/uploads\/2024\/07\/AU1907-cover-1-1536x864.jpg 1536w, https:\/\/www.archiurbain.be\/wp-content\/uploads\/2024\/07\/AU1907-cover-1-160x90.jpg 160w, https:\/\/www.archiurbain.be\/wp-content\/uploads\/2024\/07\/AU1907-cover-1.jpg 1920w\" sizes=\"auto, (max-width: 1024px) 100vw, 1024px\" \/><\/a><\/figure>\n\n\n\n<p><strong><span style=\"text-decoration: underline;\">27 octobre 2024<\/span><\/strong><\/p>\n\n\n\n<p>Pas d&rsquo;\u00e9mission en raison des vacances scolaires d&rsquo;automne<\/p>\n\n\n\n<p><strong><span style=\"text-decoration: underline;\">03 novembre 2024<\/span><\/strong><\/p>\n\n\n\n<p>Pas d&rsquo;\u00e9mission en raison des vacances scolaires d&rsquo;automne<\/p>\n\n\n\n<p><strong><span style=\"text-decoration: underline;\">10 novembre 2024 \u2013 \u00c9mission 8<\/span><\/strong><\/p>\n\n\n\n<p>Mister Emma a rendez-vous avec l&rsquo;architecte <strong>Jean Garcin<\/strong> du bureau <strong>Karbon&rsquo;<\/strong>. Il a en charge la mission de r\u00e9nover un ensemble de logements dans un immeuble au Boulevard <strong>G\u00e9n\u00e9ral Jacques<\/strong> o\u00f9 habitaient des gendarmes mari\u00e9s. L&rsquo;objectif de ce projet, laur\u00e9at <strong>RENOLAB.B<\/strong>, est de garder un maximum des \u00e9l\u00e9ments et de la mati\u00e8re pr\u00e9sents dans le b\u00e2timent existant. Ce projet parle principalement de la r\u00e9cup\u00e9ration de mat\u00e9riaux d\u00e9j\u00e0 pr\u00e9sents dans le b\u00e2timent mais outre le r\u00e9emploi, il parle surtout du fait de ne pas utiliser de nouvelles mati\u00e8res premi\u00e8res m\u00eame si le b\u00e9n\u00e9fice \u00e9conomique n\u2019est pas atteint. Le fait de r\u00e9utiliser les mat\u00e9riaux pr\u00e9sents dans la b\u00e2ti suffit pour avoir un b\u00e9n\u00e9fice pour la plan\u00e8te !<\/p>\n\n\n\n<p class=\"has-light-green-cyan-background-color has-background\"><strong>BONUS WEB<\/strong> : nous vous proposons un tutoriel qui r\u00e9pond \u00e0 la question \u00ab\u00a0<em>C&rsquo;est quoi la g\u00e9othermie ?<\/em>\u00ab\u00a0, par <strong>Fr\u00e9d\u00e9ric Oleksandrow<\/strong> (Ing\u00e9nieur &#8211; <strong>EWA engineering<\/strong>). Cette capsule fait directement \u00e9cho aux propos de l&rsquo;architecte dans le reportage G\u00e9n\u00e9ral Jacques.<\/p>\n\n\n\n<p class=\"has-black-color has-pale-pink-background-color has-text-color has-background has-link-color wp-elements-de5350eeb76c2b957c709248d1bc6750\"><strong>Voir les vid\u00e9os :<\/strong><\/p>\n\n\n\n<ul class=\"wp-block-list\">\n<li><a href=\"https:\/\/www.archiurbain.be\/?p=12977\" data-type=\"post\" data-id=\"12977\">\u00c9mission <em>8<\/em> &#8211; Archi Urbain<\/a><\/li>\n\n\n\n<li>Reportage <em>G\u00e9n\u00e9ral Jacques<\/em><\/li>\n\n\n\n<li>Capsule tutoriel \u00ab\u00a0<em><a href=\"https:\/\/www.archiurbain.be\/?p=13322\">C&rsquo;est quoi la g\u00e9othermie ?<\/a><\/em>\u00ab\u00a0<\/li>\n<\/ul>\n\n\n\n<figure class=\"wp-block-image size-large\"><a href=\"https:\/\/www.archiurbain.be\/wp-content\/uploads\/2024\/07\/AU1908-cover.jpg\"><img loading=\"lazy\" decoding=\"async\" width=\"1024\" height=\"576\" src=\"https:\/\/www.archiurbain.be\/wp-content\/uploads\/2024\/07\/AU1908-cover-1024x576.jpg\" alt=\"\" class=\"wp-image-12906\" srcset=\"https:\/\/www.archiurbain.be\/wp-content\/uploads\/2024\/07\/AU1908-cover-1024x576.jpg 1024w, https:\/\/www.archiurbain.be\/wp-content\/uploads\/2024\/07\/AU1908-cover-300x169.jpg 300w, https:\/\/www.archiurbain.be\/wp-content\/uploads\/2024\/07\/AU1908-cover-768x432.jpg 768w, https:\/\/www.archiurbain.be\/wp-content\/uploads\/2024\/07\/AU1908-cover-1536x864.jpg 1536w, https:\/\/www.archiurbain.be\/wp-content\/uploads\/2024\/07\/AU1908-cover-160x90.jpg 160w, https:\/\/www.archiurbain.be\/wp-content\/uploads\/2024\/07\/AU1908-cover.jpg 1920w\" sizes=\"auto, (max-width: 1024px) 100vw, 1024px\" \/><\/a><\/figure>\n\n\n\n<p><strong><span style=\"text-decoration: underline;\">17 novembre 2024 \u2013 \u00c9mission 9<\/span><\/strong><\/p>\n\n\n\n<p>Le <strong>Labonord<\/strong>, c&rsquo;est un focus sur des projets inspirants de r\u00e9novation ou de construction sains et durables. Ce sont aussi des rubriques r\u00e9curantes dans lesquelles des expert\u00b7es vous expliquent des termes, des mots, des pratiques li\u00e9es \u00e0 la durabilit\u00e9; dans lesquels des architectes et des chef\u00b7fes d&rsquo;entreprises li\u00e9es \u00e0 l&rsquo;immobilier vous explique leur engagement et celle de leur entreprise dans les probl\u00e9matique de la durabilit\u00e9 et d&rsquo;un impact plus vertueux pour la plan\u00e8te. Le LaboNord, c&rsquo;est aussi un chantier pilote dont le b\u00e2timent se situe dans le quartier Nord de la commune de Saint-Josse-ten-Noode. Les professeurs de l&rsquo;option <strong>Architectures &#8211; \u00c9cologies &#8211; Durabilit\u00e9s<\/strong> (Bernard Deprez, Isabelle Prignot, Aline Branders et Jean Garcin) de la <strong>Facult\u00e9 d&rsquo;architecture La Cambre &#8211; Horta \/ ULB<\/strong> ont demand\u00e9 \u00e0 leurs \u00e9tudiant\u00b7es de r\u00e9fl\u00e9chir au chantier pilote du <strong>LaboNord<\/strong>.<\/p>\n\n\n\n<p>Pour faire connaissance avec la maison, Mister Emma a fait appel \u00e0 deux experts de <strong>Homegrade<\/strong> pour venir d\u00e9couvrir le projet : <strong>Charles Julian<\/strong> et <strong>Guillaume Amand<\/strong> d\u00e9cortiquent la maison, analysent son histoire, contextualisent les prochaines r\u00e9novations qui vont avoir lieu. Dans ce premier volet, ils s&rsquo;attardent sur la fa\u00e7ade de la maison et son emplacement dans le tissu urbain.<\/p>\n\n\n\n<p class=\"has-light-green-cyan-background-color has-background\"><strong>BONUS WEB <\/strong>: nous vous invitons \u00e0 regarder le double reportage sur l<strong>&lsquo;inventaire du patrimoine<\/strong> de&nbsp;1939 \u00e0 1999&nbsp;sur la seconde couronne de Bruxelles. Reportages que nous vous avions r\u00e9alis\u00e9s en avril 2023.<\/p>\n\n\n\n<p class=\"has-black-color has-pale-pink-background-color has-text-color has-background has-link-color wp-elements-de5350eeb76c2b957c709248d1bc6750\"><strong>Voir les vid\u00e9os :<\/strong><\/p>\n\n\n\n<ul class=\"wp-block-list\">\n<li><a href=\"https:\/\/www.archiurbain.be\/?p=12978\" data-type=\"post\" data-id=\"12978\">\u00c9mission <em>9<\/em> &#8211; Archi Urbain<\/a><\/li>\n\n\n\n<li>Reportage <em><a href=\"https:\/\/www.archiurbain.be\/?p=11247\" target=\"_blank\" rel=\"noreferrer noopener\">Inventaire du patrimoine<\/a><\/em><\/li>\n<\/ul>\n\n\n\n<figure class=\"wp-block-image size-large\"><a href=\"https:\/\/www.archiurbain.be\/wp-content\/uploads\/2024\/07\/AU1909-cover.jpg\"><img loading=\"lazy\" decoding=\"async\" width=\"1024\" height=\"576\" src=\"https:\/\/www.archiurbain.be\/wp-content\/uploads\/2024\/07\/AU1909-cover-1024x576.jpg\" alt=\"\" class=\"wp-image-12908\" srcset=\"https:\/\/www.archiurbain.be\/wp-content\/uploads\/2024\/07\/AU1909-cover-1024x576.jpg 1024w, https:\/\/www.archiurbain.be\/wp-content\/uploads\/2024\/07\/AU1909-cover-300x169.jpg 300w, https:\/\/www.archiurbain.be\/wp-content\/uploads\/2024\/07\/AU1909-cover-768x432.jpg 768w, https:\/\/www.archiurbain.be\/wp-content\/uploads\/2024\/07\/AU1909-cover-1536x864.jpg 1536w, https:\/\/www.archiurbain.be\/wp-content\/uploads\/2024\/07\/AU1909-cover-160x90.jpg 160w, https:\/\/www.archiurbain.be\/wp-content\/uploads\/2024\/07\/AU1909-cover.jpg 1920w\" sizes=\"auto, (max-width: 1024px) 100vw, 1024px\" \/><\/a><\/figure>\n\n\n\n<p><strong><span style=\"text-decoration: underline;\">24 novembre 2024 \u2013 \u00c9mission 10<\/span><\/strong><\/p>\n\n\n\n<p>Le <strong>Labonord<\/strong>, c&rsquo;est un focus sur des projets inspirants de r\u00e9novation ou de construction sains et durables. Ce sont aussi des rubriques r\u00e9curantes dans lesquelles des expert\u00b7es vous expliquent des termes, des mots, des pratiques li\u00e9es \u00e0 la durabilit\u00e9; dans lesquels des architectes et des chef\u00b7fes d&rsquo;entreprises li\u00e9es \u00e0 l&rsquo;immobilier vous explique leur engagement et celle de leur entreprise dans les probl\u00e9matique de la durabilit\u00e9 et d&rsquo;un impact plus vertueux pour la plan\u00e8te. Le LaboNord, c&rsquo;est aussi un chantier pilote dont le b\u00e2timent se situe dans le quartier Nord de la commune de Saint-Josse-ten-Noode. Pour faire connaissance avec la maison, Mister Emma a fait appel \u00e0 deux experts de <strong>Homegrade<\/strong> pour venir d\u00e9couvrir le projet : <strong>Charles Julian<\/strong> et <strong>Guillaume Amand<\/strong> d\u00e9cortiquent la maison, analysent son histoire, contextualisent les prochaines r\u00e9novations qui vont avoir lieu. Dans ce deuxi\u00e8me volet, ils s&rsquo;attardent sur le rez-de-chauss\u00e9e.&nbsp;Quelques surprises attendent nos experts&#8230;<\/p>\n\n\n\n<p>Quant \u00e0 Mister Emma, il retrouve les architectes du bureau <strong>ici architectes<\/strong> pour d\u00e9couvrir le projet de leurs nouveaux bureaux termin\u00e9s. Retour sur <strong>Decoster<\/strong>, un projet laur\u00e9at <strong>RENOLAB.B<\/strong>. dont on vous a pr\u00e9sent\u00e9 le chantier en septembre dernier et qui a fait partie des projets s\u00e9lectionn\u00e9s pour les visites des Sustainable Architecture Days de l&rsquo;Archiweek. Pour rappel, le projet se compose de deux parcelles situ\u00e9es \u00e0 l\u2019arri\u00e8re d&rsquo;une maison de rapport. Celles-ci sont accessibles par une entr\u00e9e coch\u00e8re et une voie pav\u00e9e d\u2019environ 30 m depuis la rue jusqu\u2019\u00e0 l\u2019int\u00e9rieur d\u2019\u00eelot. Le chantier consiste notamment en la d\u00e9molition de garages et d&rsquo;une cour pour y installer un potager urbain th\u00e9matique. Certains garages sont aussi transform\u00e9s en salle polyvalente. Les bureaux, hangars et \u00e9curies d\u00e9saffect\u00e9s sont, eux, r\u00e9habilit\u00e9s en atelier d\u2019architecture.<\/p>\n\n\n\n<p>Enfin, nous diffuserons le portrait de l\u2019architecte d\u2019int\u00e9rieur <strong>St\u00e9phanie Cornet<\/strong>, G\u00e9rante de <strong>Savvy Interior Design<\/strong>.<\/p>\n\n\n\n<p class=\"has-black-color has-pale-pink-background-color has-text-color has-background has-link-color wp-elements-de5350eeb76c2b957c709248d1bc6750\"><strong>Voir les vid\u00e9os :<\/strong><\/p>\n\n\n\n<ul class=\"wp-block-list\">\n<li><a href=\"https:\/\/www.archiurbain.be\/?p=12979\">\u00c9mission <em>10<\/em> &#8211; Archi Urbain<\/a><\/li>\n\n\n\n<li>Reportage <em><a href=\"https:\/\/www.archiurbain.be\/?p=13494\" data-type=\"post\" data-id=\"13494\" target=\"_blank\" rel=\"noreferrer noopener\">Decoster<\/a><\/em><\/li>\n\n\n\n<li>Portrait Who&rsquo;s Who <em><a href=\"https:\/\/www.archiurbain.be\/?p=12431\" data-type=\"post\" data-id=\"12431\">Savvy Interior Design<\/a><\/em><\/li>\n<\/ul>\n\n\n\n<figure class=\"wp-block-image size-large\"><a href=\"https:\/\/www.archiurbain.be\/wp-content\/uploads\/2024\/07\/AU1910-cover.jpg\"><img loading=\"lazy\" decoding=\"async\" width=\"1024\" height=\"576\" src=\"https:\/\/www.archiurbain.be\/wp-content\/uploads\/2024\/07\/AU1910-cover-1024x576.jpg\" alt=\"\" class=\"wp-image-12914\" srcset=\"https:\/\/www.archiurbain.be\/wp-content\/uploads\/2024\/07\/AU1910-cover-1024x576.jpg 1024w, https:\/\/www.archiurbain.be\/wp-content\/uploads\/2024\/07\/AU1910-cover-300x169.jpg 300w, https:\/\/www.archiurbain.be\/wp-content\/uploads\/2024\/07\/AU1910-cover-768x432.jpg 768w, https:\/\/www.archiurbain.be\/wp-content\/uploads\/2024\/07\/AU1910-cover-1536x864.jpg 1536w, https:\/\/www.archiurbain.be\/wp-content\/uploads\/2024\/07\/AU1910-cover-160x90.jpg 160w, https:\/\/www.archiurbain.be\/wp-content\/uploads\/2024\/07\/AU1910-cover.jpg 1920w\" sizes=\"auto, (max-width: 1024px) 100vw, 1024px\" \/><\/a><\/figure>\n\n\n\n<p><strong><span style=\"text-decoration: underline;\">01 d\u00e9cembre 2024 \u2013 \u00c9mission 11<\/span><\/strong> (600\u00e8me \u00e9mission d&rsquo;Archi Urbain)<\/p>\n\n\n\n<p>Le <strong>Labonord<\/strong>, c&rsquo;est un focus sur des projets inspirants de r\u00e9novation ou de construction sains et durables. Ce sont aussi des rubriques r\u00e9curantes dans lesquelles des expert\u00b7es vous expliquent des termes, des mots, des pratiques li\u00e9es \u00e0 la durabilit\u00e9; dans lesquels des architectes et des chef\u00b7fes d&rsquo;entreprises li\u00e9es \u00e0 l&rsquo;immobilier vous explique leur engagement et celle de leur entreprise dans les probl\u00e9matique de la durabilit\u00e9 et d&rsquo;un impact plus vertueux pour la plan\u00e8te. Le LaboNord, c&rsquo;est aussi un chantier pilote dont le b\u00e2timent se situe dans le quartier Nord de la commune de Saint-Josse-ten-Noode. Pour faire connaissance avec la maison, Mister Emma a fait appel \u00e0 deux experts de <strong>Homegrade<\/strong> pour venir d\u00e9couvrir le projet : <strong>Charles Julian<\/strong> et <strong>Guillaume Amand<\/strong> d\u00e9cortiquent la maison, analysent son histoire, contextualisent les prochaines r\u00e9novations qui vont avoir lieu. Dans ce troisi\u00e8me volet, ils s&rsquo;attardent \u00e0 la cave. De gros probl\u00e8mes d&rsquo;humidit\u00e9 sont pr\u00e9sents. Comment nos experts vont-ils r\u00e9agir ? Est-ce un danger pour le b\u00e2timent ?<\/p>\n\n\n\n<p>Dans la seconde partie de l&rsquo;\u00e9mission, nous vous proposons un portrait de l&rsquo;architecte <strong>Laurane Coornaert<\/strong>, cr\u00e9atrice de l\u2019entreprise en auto-construction <strong>Degr\u00e947<\/strong>, que l&rsquo;on a d\u00e9couvert dans le projet Decoster et que l&rsquo;on retrouve aujourd&rsquo;hui afin de dresser son portrait. Ainsi qu&rsquo;un tutoriel qui r\u00e9pond \u00e0 la question \u00ab\u00a0<em>Pourquoi une approche syst\u00e9mique du d\u00e9veloppement durable ?<\/em>\u00ab\u00a0, par l&rsquo;architecte <strong>Steven Beckers<\/strong>, Expert en \u00e9conomie spiral\u00e9e &#8211; <strong>BoPro<\/strong>.<\/p>\n\n\n\n<p class=\"has-light-green-cyan-background-color has-background\"><strong>BONUS WEB<\/strong>&nbsp;: nous vous invitons \u00e0 regarder le reportage sur le projet&nbsp;<strong>Tour Brunfaut<\/strong>&nbsp;\u00e0 Molenbeek avec l\u2019intervention des architectes&nbsp;<strong>Axelle Desaintes<\/strong>&nbsp;et&nbsp;<strong>Renaud Van Espen<\/strong>&nbsp;de l\u2019<strong>Atelier 229 architectes<\/strong>&nbsp;ainsi que du Directeur g\u00e9n\u00e9ral de la&nbsp;<strong>SLRB<\/strong>,&nbsp;<strong>Yves Lemmens<\/strong>.<\/p>\n\n\n\n<p class=\"has-black-color has-pale-pink-background-color has-text-color has-background has-link-color wp-elements-de5350eeb76c2b957c709248d1bc6750\"><strong>Voir les vid\u00e9os :<\/strong><\/p>\n\n\n\n<ul class=\"wp-block-list\">\n<li><a href=\"https:\/\/www.archiurbain.be\/?p=12980\" data-type=\"post\" data-id=\"12980\">\u00c9mission <em>11<\/em> &#8211; Archi Urbain<\/a><\/li>\n\n\n\n<li>Reportage <em><a href=\"https:\/\/caviar.archi\/brunfaut-tower-brussels-belgium\/\" target=\"_blank\" rel=\"noreferrer noopener\">Tour Brunfaut<\/a><\/em><\/li>\n\n\n\n<li>Portrait Who&rsquo;s Who <em><a href=\"https:\/\/www.archiurbain.be\/?p=12693\" data-type=\"post\" data-id=\"12693\">Degr\u00e9 47<\/a><\/em><\/li>\n\n\n\n<li>Capsule tutoriel \u00ab\u00a0<em><a href=\"https:\/\/www.archiurbain.be\/?p=13296\" data-type=\"post\" data-id=\"13296\">Pourquoi une approche syst\u00e9mique du d\u00e9veloppement durable ?<\/a><\/em>\u00ab\u00a0<\/li>\n<\/ul>\n\n\n\n<figure class=\"wp-block-image size-large\"><a href=\"https:\/\/www.archiurbain.be\/wp-content\/uploads\/2024\/07\/AU1911-cover.jpg\"><img loading=\"lazy\" decoding=\"async\" width=\"1024\" height=\"576\" src=\"https:\/\/www.archiurbain.be\/wp-content\/uploads\/2024\/07\/AU1911-cover-1024x576.jpg\" alt=\"\" class=\"wp-image-12916\" srcset=\"https:\/\/www.archiurbain.be\/wp-content\/uploads\/2024\/07\/AU1911-cover-1024x576.jpg 1024w, https:\/\/www.archiurbain.be\/wp-content\/uploads\/2024\/07\/AU1911-cover-300x169.jpg 300w, https:\/\/www.archiurbain.be\/wp-content\/uploads\/2024\/07\/AU1911-cover-768x432.jpg 768w, https:\/\/www.archiurbain.be\/wp-content\/uploads\/2024\/07\/AU1911-cover-1536x864.jpg 1536w, https:\/\/www.archiurbain.be\/wp-content\/uploads\/2024\/07\/AU1911-cover-160x90.jpg 160w, https:\/\/www.archiurbain.be\/wp-content\/uploads\/2024\/07\/AU1911-cover.jpg 1920w\" sizes=\"auto, (max-width: 1024px) 100vw, 1024px\" \/><\/a><\/figure>\n\n\n\n<p><strong><span style=\"text-decoration: underline;\">08 d\u00e9cembre 2024 \u2013 \u00c9mission 12<\/span><\/strong><\/p>\n\n\n\n<p>Le <strong>Labonord<\/strong>, c&rsquo;est un focus sur des projets inspirants de r\u00e9novation ou de construction sains et durables. Ce sont aussi des rubriques r\u00e9curantes dans lesquelles des expert\u00b7es vous expliquent des termes, des mots, des pratiques li\u00e9es \u00e0 la durabilit\u00e9; dans lesquels des architectes et des chef\u00b7fes d&rsquo;entreprises li\u00e9es \u00e0 l&rsquo;immobilier vous explique leur engagement et celle de leur entreprise dans les probl\u00e9matique de la durabilit\u00e9 et d&rsquo;un impact plus vertueux pour la plan\u00e8te. Le LaboNord, c&rsquo;est aussi un chantier pilote dont le b\u00e2timent se situe dans le quartier Nord de la commune de Saint-Josse-ten-Noode. Pour faire connaissance avec la maison, Mister Emma a fait appel \u00e0 deux experts de <strong>Homegrade<\/strong> pour venir d\u00e9couvrir le projet : <strong>Charles Julian<\/strong> et <strong>Guillaume Amand<\/strong> d\u00e9cortiquent la maison, analysent son histoire, contextualisent les prochaines r\u00e9novations qui vont avoir lieu. Dans ce quatri\u00e8me volet, ils s&rsquo;attardent au premi\u00e8re \u00e9tage o\u00f9 lumi\u00e8re et espace vont attirer leur attention mais aussi un espace toilette tr\u00e8s mal plac\u00e9 ainsi que des fen\u00eatres qui choquent le regard et le patrimoine&#8230;<\/p>\n\n\n\n<p>Afin de compl\u00e9ter l&rsquo;avis des experts de Homegrade, Mister Emma donne la parole \u00e0 <strong>Vincent Heymans<\/strong>, Chef du service technique du d\u00e9partement Patrimoine public &#8211; cellule Patrimoine historique de la Ville de Bruxelles afin d&rsquo;obtenir un avis d\u00e9taill\u00e9 sur l&rsquo;importance de respecter le patrimoine du bien que vous avez acquis et notamment lorsque vous changez de porte ou les fen\u00eatres avant de votre b\u00e2timent. Quelles en sont les cons\u00e9quences pour la rue et l&rsquo;urbanisme de la ville ?<\/p>\n\n\n\n<p class=\"has-light-green-cyan-background-color has-background\"><strong>BONUS WEB<\/strong> : nous vous proposons un portrait engag\u00e9 de <strong>Am\u00e9lie Zopp\u00e9<\/strong>, R\u00e9f\u00e9rente \u00e9conomie circulaire chez <strong>At Osborne<\/strong>.<\/p>\n\n\n\n<p class=\"has-black-color has-pale-pink-background-color has-text-color has-background has-link-color wp-elements-de5350eeb76c2b957c709248d1bc6750\"><strong>Voir les vid\u00e9os :<\/strong><\/p>\n\n\n\n<ul class=\"wp-block-list\">\n<li><a href=\"https:\/\/www.archiurbain.be\/?p=12981\" data-type=\"post\" data-id=\"12981\">\u00c9mission <em>12<\/em> &#8211; Archi Urbain<\/a><\/li>\n\n\n\n<li>Portrait Who&rsquo;s Who <em><a href=\"https:\/\/www.archiurbain.be\/?p=12401\" data-type=\"post\" data-id=\"12401\" target=\"_blank\" rel=\"noreferrer noopener\">At Osborne<\/a><\/em><\/li>\n<\/ul>\n\n\n\n<figure class=\"wp-block-image size-large\"><a href=\"https:\/\/www.archiurbain.be\/wp-content\/uploads\/2024\/07\/AU1912-cover.jpg\"><img loading=\"lazy\" decoding=\"async\" width=\"1024\" height=\"576\" src=\"https:\/\/www.archiurbain.be\/wp-content\/uploads\/2024\/07\/AU1912-cover-1024x576.jpg\" alt=\"\" class=\"wp-image-12918\" srcset=\"https:\/\/www.archiurbain.be\/wp-content\/uploads\/2024\/07\/AU1912-cover-1024x576.jpg 1024w, https:\/\/www.archiurbain.be\/wp-content\/uploads\/2024\/07\/AU1912-cover-300x169.jpg 300w, https:\/\/www.archiurbain.be\/wp-content\/uploads\/2024\/07\/AU1912-cover-768x432.jpg 768w, https:\/\/www.archiurbain.be\/wp-content\/uploads\/2024\/07\/AU1912-cover-1536x864.jpg 1536w, https:\/\/www.archiurbain.be\/wp-content\/uploads\/2024\/07\/AU1912-cover-160x90.jpg 160w, https:\/\/www.archiurbain.be\/wp-content\/uploads\/2024\/07\/AU1912-cover.jpg 1920w\" sizes=\"auto, (max-width: 1024px) 100vw, 1024px\" \/><\/a><\/figure>\n\n\n\n<p><strong><span style=\"text-decoration: underline;\">15 d\u00e9cembre 2024 \u2013 \u00c9mission 13<\/span><\/strong><\/p>\n\n\n\n<p>Le <strong>Labonord<\/strong>, c&rsquo;est un focus sur des projets inspirants de r\u00e9novation ou de construction sains et durables. Ce sont aussi des rubriques r\u00e9curantes dans lesquelles des expert\u00b7es vous expliquent des termes, des mots, des pratiques li\u00e9es \u00e0 la durabilit\u00e9; dans lesquels des architectes et des chef\u00b7fes d&rsquo;entreprises li\u00e9es \u00e0 l&rsquo;immobilier vous explique leur engagement et celle de leur entreprise dans les probl\u00e9matique de la durabilit\u00e9 et d&rsquo;un impact plus vertueux pour la plan\u00e8te. Le LaboNord, c&rsquo;est aussi un chantier pilote dont le b\u00e2timent se situe dans le quartier Nord de la commune de Saint-Josse-ten-Noode. Pour faire connaissance avec la maison, Mister Emma a fait appel \u00e0 deux experts de <strong>Homegrade<\/strong> pour venir d\u00e9couvrir le projet : <strong>Charles Julian<\/strong> et <strong>Guillaume Amand<\/strong> d\u00e9cortiquent la maison, analysent son histoire, contextualisent les prochaines r\u00e9novations qui vont avoir lieu. Dans ce cinqui\u00e8me volet, ils s&rsquo;attardent aux deux derniers \u00e9tages de la maison.<\/p>\n\n\n\n<p>Dans la deuxi\u00e8me partie de l&rsquo;\u00e9mission, nous vous proposons un reportage du projet de r\u00e9novation lourde du b\u00e2timent <strong>Pacheco 32<\/strong> men\u00e9 par le bureau <strong>architectesassoc+<\/strong>, pour le compte de <strong>Befimmo<\/strong>. Ce projet laur\u00e9at <strong>RENOLAB.B<\/strong>, anciennement appel\u00e9 <strong>H\u00f4tel des Monnaies<\/strong>, il fut l&rsquo;atelier de frappe des pi\u00e8ces de monnaies. Demain, il passera de fonctions industrielles en bureaux, logements via un programme de coliving, et Horeca. Le projet respecte le patrimoine tout en souhaitant ouvrir le b\u00e2timent au quartier. Il est aussi ambitieux des points de vue \u00e9nerg\u00e9tiques et environnementaux. La conception int\u00e8gre une r\u00e9flexion sur le caract\u00e8re \u00e9volutif, la p\u00e9rennit\u00e9 d&rsquo;usage et le choix des mat\u00e9riaux selon leur impact carbone et sanitaire. L&rsquo;architecte <strong>Mattias D&rsquo;Hooghe<\/strong> explique l&rsquo;ouverture du b\u00e2timent sur le quartier et l&rsquo;ouverture de l&rsquo;atrium pour cr\u00e9er une plaza centrale. L&rsquo;utilisation notamment du bois et le fait de garder 90% de la structure en fait un projet exemplaire.<\/p>\n\n\n\n<p>Enfin, un tutoriel viendra cl\u00f4turer l&rsquo;\u00e9mission en r\u00e9pondant \u00e0 la question \u00ab\u00a0<em>\u00c7a veut dire quoi \u00ab&nbsp;Cradle-to-Cradle&nbsp;\u00bb ?<\/em><span style=\"font-size: revert;\">\u00ab\u00a0<\/span> par l&rsquo;architecte <strong>Steven Beckers<\/strong>, Expert en \u00e9conomie spiral\u00e9e &#8211; <strong>BoPro<\/strong>.<\/p>\n\n\n\n<p class=\"has-light-green-cyan-background-color has-background\"><strong>BONUS WEB<\/strong> : nous vous proposons un portrait engag\u00e9 de l\u2019Ir. architecte <strong>Beno\u00eet Jacques<\/strong>, associ\u00e9 au sein du bureau <strong>Altiplan\u00b0architects<\/strong>.<\/p>\n\n\n\n<p class=\"has-black-color has-pale-pink-background-color has-text-color has-background has-link-color wp-elements-de5350eeb76c2b957c709248d1bc6750\"><strong>Voir les vid\u00e9os :<\/strong><\/p>\n\n\n\n<ul class=\"wp-block-list\">\n<li><a href=\"https:\/\/www.archiurbain.be\/?p=12982\" data-type=\"post\" data-id=\"12982\">\u00c9mission <em>13<\/em> &#8211; Archi Urbain<\/a><\/li>\n\n\n\n<li>Reportage <em>Pacheco 32<\/em><\/li>\n\n\n\n<li>Portrait Who&rsquo;s Wh<em>o <a href=\"https:\/\/www.archiurbain.be\/?p=12395\" data-type=\"post\" data-id=\"12395\" target=\"_blank\" rel=\"noreferrer noopener\">Altiplan\u00b0Architectes<\/a><\/em><\/li>\n\n\n\n<li>Capsule tutoriel \u00ab\u00a0<em><a href=\"https:\/\/www.archiurbain.be\/?p=13307\" data-type=\"post\" data-id=\"13307\">\u00c7a veut dire quoi \u00ab&nbsp;Cradle-to-Cradle&nbsp;\u00bb ?<\/a><\/em>\u00ab\u00a0<\/li>\n<\/ul>\n\n\n\n<figure class=\"wp-block-image size-large\"><a href=\"https:\/\/www.archiurbain.be\/wp-content\/uploads\/2024\/07\/AU1913-cover.jpg\"><img loading=\"lazy\" decoding=\"async\" width=\"1024\" height=\"576\" src=\"https:\/\/www.archiurbain.be\/wp-content\/uploads\/2024\/07\/AU1913-cover-1024x576.jpg\" alt=\"\" class=\"wp-image-12920\" srcset=\"https:\/\/www.archiurbain.be\/wp-content\/uploads\/2024\/07\/AU1913-cover-1024x576.jpg 1024w, https:\/\/www.archiurbain.be\/wp-content\/uploads\/2024\/07\/AU1913-cover-300x169.jpg 300w, https:\/\/www.archiurbain.be\/wp-content\/uploads\/2024\/07\/AU1913-cover-768x432.jpg 768w, https:\/\/www.archiurbain.be\/wp-content\/uploads\/2024\/07\/AU1913-cover-1536x864.jpg 1536w, https:\/\/www.archiurbain.be\/wp-content\/uploads\/2024\/07\/AU1913-cover-160x90.jpg 160w, https:\/\/www.archiurbain.be\/wp-content\/uploads\/2024\/07\/AU1913-cover.jpg 1920w\" sizes=\"auto, (max-width: 1024px) 100vw, 1024px\" \/><\/a><\/figure>\n\n\n\n<p><strong><span style=\"text-decoration: underline;\">22 d\u00e9cembre 2024 &#8211; \u00c9mission 14<\/span><\/strong><\/p>\n\n\n\n<p>Dans cette \u00e9mission, nous donnons la parole \u00e0 <strong>Camille De Smet<\/strong>, coordinatrice du programme RENOLAB.B men\u00e9 par Bruxelles Environnement.<\/p>\n\n\n\n<p>Ensuite, nous partirons \u00e0 la rencontre du projet <strong>Brogniez<\/strong>, laur\u00e9at <strong>RENOLAB.B<\/strong> en compagnie de son architecte <strong>C\u00e9line Li\u00e9nart<\/strong> du bureau <strong>Karbon&rsquo;<\/strong>. Il s&rsquo;agit d&rsquo;une r\u00e9novation d\u2019un ensemble de b\u00e2timents h\u00e9t\u00e9roclites pour accueillir des centres psycho-m\u00e9dico-sociaux, un local pour la visite m\u00e9dicale du PSE et des salles de r\u00e9union. L\u2019ensemble des composants en mauvais \u00e9tat du gros oeuvre sont r\u00e9par\u00e9s ou remplac\u00e9s de mani\u00e8re \u00e0 retrouver une base saine et robuste pour les ann\u00e9es \u00e0 venir. Il n\u2019y a pas de modifications structurelles majeures et le r\u00e9emploi est maximis\u00e9. La cours int\u00e9rieure, anciennement enti\u00e8rement b\u00e9tonn\u00e9e, est verduris\u00e9e. \u00c0 propos du terrain, les difficult\u00e9s rencontr\u00e9es par les architectes sont l&#8217;emplacement du b\u00e2timent arri\u00e8re (proche du lit de la Senne), les diff\u00e9rences de plateaux qui ne permettaient pas une utilisation PMR du lieu.<\/p>\n\n\n\n<p class=\"has-black-color has-pale-pink-background-color has-text-color has-background has-link-color wp-elements-de5350eeb76c2b957c709248d1bc6750\"><strong>Voir les vid\u00e9os :<\/strong><\/p>\n\n\n\n<ul class=\"wp-block-list\">\n<li><a href=\"https:\/\/www.archiurbain.be\/?p=12984\" data-type=\"post\" data-id=\"12984\">\u00c9mission 14 &#8211; Archi Urbain<\/a><\/li>\n\n\n\n<li>Reportage <em>Brogniez<\/em><\/li>\n<\/ul>\n\n\n\n<figure class=\"wp-block-image size-large\"><a href=\"https:\/\/www.archiurbain.be\/wp-content\/uploads\/2024\/07\/AU1915-cover.jpg\"><img loading=\"lazy\" decoding=\"async\" width=\"1024\" height=\"576\" src=\"https:\/\/www.archiurbain.be\/wp-content\/uploads\/2024\/07\/AU1915-cover-1024x576.jpg\" alt=\"\" class=\"wp-image-13152\" srcset=\"https:\/\/www.archiurbain.be\/wp-content\/uploads\/2024\/07\/AU1915-cover-1024x576.jpg 1024w, https:\/\/www.archiurbain.be\/wp-content\/uploads\/2024\/07\/AU1915-cover-300x169.jpg 300w, https:\/\/www.archiurbain.be\/wp-content\/uploads\/2024\/07\/AU1915-cover-768x432.jpg 768w, https:\/\/www.archiurbain.be\/wp-content\/uploads\/2024\/07\/AU1915-cover-1536x864.jpg 1536w, https:\/\/www.archiurbain.be\/wp-content\/uploads\/2024\/07\/AU1915-cover-160x90.jpg 160w, https:\/\/www.archiurbain.be\/wp-content\/uploads\/2024\/07\/AU1915-cover.jpg 1920w\" sizes=\"auto, (max-width: 1024px) 100vw, 1024px\" \/><\/a><\/figure>\n\n\n\n<p><strong><span style=\"text-decoration: underline;\">29 d\u00e9cembre 2024<\/span><\/strong><\/p>\n\n\n\n<p>Pas d&rsquo;\u00e9mission en raison des vacances scolaires d&rsquo;hiver<\/p>\n\n\n\n<p><strong><span style=\"text-decoration: underline;\">05 janvier 2025<\/span><\/strong><\/p>\n\n\n\n<p>Pas d&rsquo;\u00e9mission en raison des vacances scolaires d&rsquo;hiver<\/p>\n\n\n\n<p><strong><span style=\"text-decoration: underline;\">12 janvier 2025 \u2013 \u00c9mission 15<\/span><\/strong><\/p>\n\n\n\n<p>Pendant que les \u00e9tudiant\u00b7es du cours <strong>Architectures &#8211; \u00c9cologies &#8211; Durabilit\u00e9s<\/strong> de la <strong>Facult\u00e9 d&rsquo;Architecture La Cambre &#8211; Horta \/ ULB<\/strong> travaillent sur le chantier pilote du <strong>LaboNord<\/strong>, nous vous proposons de nous rendre dans le projet <strong>Touriste<\/strong>. La philosophie du projet est de moderniser une maison unifamiale pour r\u00e9pondre aux besoins actuels, tout en conservant et en r\u00e9novant ses \u00e9l\u00e9ments patrimoniaux remarquables et en s\u2019inscrivant dans une d\u00e9marche durable et circulaire. 4 th\u00e8mes sont abord\u00e9s dans ce reportage : l\u2019isolation des murs avec des mat\u00e9riaux \u00e9cologiques, l\u2019utilisation d\u2019enduits naturels sur les murs, le double-flux vs simple flux, la r\u00e9cup\u00e9ration de la chaleur provenant de l\u2019eau des douches. Mister Emma tend son micro \u00e0 l&rsquo;architecte <strong>Gr\u00e9gory Hye<\/strong> (<strong>Arcanne<\/strong>) et \u00e0 <strong>Gilles Maes<\/strong>, ma\u00eetre d&rsquo;ouvrage du projet.<\/p>\n\n\n\n<p>En d\u00e9but d&rsquo;\u00e9mission, MISTER EMMA s&rsquo;entretient avec <strong>Nicolas Anspach<\/strong>, fondateur des \u00e9ditions Anspach qui publie la bande dessin\u00e9e \u00ab\u00a0<strong>Maison du Peuple 65<\/strong>\u00ab\u00a0, une occasion illustr\u00e9e pour (re)d\u00e9couvrir l&rsquo;\u0153uvre de <strong>Victor Horta<\/strong>.<\/p>\n\n\n\n<p class=\"has-light-green-cyan-background-color has-background\"><strong>BONUS WEB<\/strong> : nous vous proposons un portrait engag\u00e9 de <strong>Annam\u00e1ria Lakatos<\/strong>, architecte au sein de l\u2019<strong>Atelier d\u2019Architecture Galand<\/strong>.<\/p>\n\n\n\n<p class=\"has-black-color has-pale-pink-background-color has-text-color has-background has-link-color wp-elements-de5350eeb76c2b957c709248d1bc6750\"><strong>Voir les vid\u00e9os :<\/strong><\/p>\n\n\n\n<ul class=\"wp-block-list\">\n<li><a href=\"https:\/\/www.archiurbain.be\/?p=12983\" data-type=\"post\" data-id=\"12983\">\u00c9mission <em>15<\/em> &#8211; Archi Urbain<\/a><\/li>\n\n\n\n<li>Reportage <em>Touriste<\/em><\/li>\n\n\n\n<li>Portrait Who&rsquo;s Who <em><a href=\"https:\/\/www.archiurbain.be\/?p=12403\" data-type=\"post\" data-id=\"12403\">Atelier <span style=\"caret-color: rgb(34, 113, 177);\">d&rsquo;architectur<\/span>e Galand<\/a><\/em><\/li>\n<\/ul>\n\n\n\n<figure class=\"wp-block-image size-large\"><a href=\"https:\/\/www.archiurbain.be\/wp-content\/uploads\/2024\/07\/AU1919-cover.jpg\"><img loading=\"lazy\" decoding=\"async\" width=\"1024\" height=\"576\" src=\"https:\/\/www.archiurbain.be\/wp-content\/uploads\/2024\/07\/AU1919-cover-1024x576.jpg\" alt=\"\" class=\"wp-image-12930\" srcset=\"https:\/\/www.archiurbain.be\/wp-content\/uploads\/2024\/07\/AU1919-cover-1024x576.jpg 1024w, https:\/\/www.archiurbain.be\/wp-content\/uploads\/2024\/07\/AU1919-cover-300x169.jpg 300w, https:\/\/www.archiurbain.be\/wp-content\/uploads\/2024\/07\/AU1919-cover-768x432.jpg 768w, https:\/\/www.archiurbain.be\/wp-content\/uploads\/2024\/07\/AU1919-cover-1536x864.jpg 1536w, https:\/\/www.archiurbain.be\/wp-content\/uploads\/2024\/07\/AU1919-cover-160x90.jpg 160w, https:\/\/www.archiurbain.be\/wp-content\/uploads\/2024\/07\/AU1919-cover.jpg 1920w\" sizes=\"auto, (max-width: 1024px) 100vw, 1024px\" \/><\/a><\/figure>\n\n\n\n<p><strong><span style=\"text-decoration: underline;\">19 janvier 2025 \u2013 \u00c9mission 16<\/span><\/strong><\/p>\n\n\n\n<p>Dans cette \u00e9mission, nous retrouvons les \u00e9tudiant\u00b7es de l&rsquo;option <strong>Architectures &#8211; \u00c9cologies &#8211; Durabilit\u00e9s<\/strong> de la <strong>Facult\u00e9 d&rsquo;architecture La Cambre &#8211; Horta \/ ULB<\/strong> qui nous livrent leurs premi\u00e8res conclusions quand au LaboNord. Leurs professeurs (Bernard Deprez, Isabelle Prignot, Aline Branders et Jean Garcin) leur ont demand\u00e9 de travailler sur 7 th\u00e9matiques li\u00e9es \u00e0 l&rsquo;habitat et \u00e0 son environnement : le m\u00e8tr\u00e9, la qualit\u00e9 architecturale et environnementale, le climat de Bruxelles, les performances \u00e9nerg\u00e9tiques du b\u00e2timent, faire un inventaire des mat\u00e9riaux existants, la biodiversit\u00e9 et le traitements des eaux, et la mobilit\u00e9 et l&rsquo;accessibilit\u00e9 tant dans le quartier que dans la maison.<\/p>\n\n\n\n<p class=\"has-light-green-cyan-background-color has-background\"><strong>BONUS WEB<\/strong> : nous vous proposons un portrait engag\u00e9 de <strong>Benjamin Cadranel<\/strong>, Administrateur g\u00e9n\u00e9ral de <strong>citydev.brussels<\/strong>.<\/p>\n\n\n\n<p class=\"has-black-color has-pale-pink-background-color has-text-color has-background has-link-color wp-elements-de5350eeb76c2b957c709248d1bc6750\"><strong>Voir les vid\u00e9os :<\/strong><\/p>\n\n\n\n<ul class=\"wp-block-list\">\n<li><a href=\"https:\/\/www.archiurbain.be\/?p=12992\" data-type=\"post\" data-id=\"12992\">\u00c9mission <em>16<\/em> &#8211; Archi Urbain<\/a><\/li>\n\n\n\n<li>Portrait Who&rsquo;s Who <em><a href=\"https:\/\/www.archiurbain.be\/?p=12413\" data-type=\"post\" data-id=\"12413\" target=\"_blank\" rel=\"noreferrer noopener\">citydev.brussels<\/a><\/em><\/li>\n<\/ul>\n\n\n\n<figure class=\"wp-block-image size-large\"><a href=\"https:\/\/www.archiurbain.be\/wp-content\/uploads\/2024\/07\/AU1924-cover.jpg\"><img loading=\"lazy\" decoding=\"async\" width=\"1024\" height=\"576\" src=\"https:\/\/www.archiurbain.be\/wp-content\/uploads\/2024\/07\/AU1924-cover-1024x576.jpg\" alt=\"\" class=\"wp-image-12940\" srcset=\"https:\/\/www.archiurbain.be\/wp-content\/uploads\/2024\/07\/AU1924-cover-1024x576.jpg 1024w, https:\/\/www.archiurbain.be\/wp-content\/uploads\/2024\/07\/AU1924-cover-300x169.jpg 300w, https:\/\/www.archiurbain.be\/wp-content\/uploads\/2024\/07\/AU1924-cover-768x432.jpg 768w, https:\/\/www.archiurbain.be\/wp-content\/uploads\/2024\/07\/AU1924-cover-1536x864.jpg 1536w, https:\/\/www.archiurbain.be\/wp-content\/uploads\/2024\/07\/AU1924-cover-160x90.jpg 160w, https:\/\/www.archiurbain.be\/wp-content\/uploads\/2024\/07\/AU1924-cover.jpg 1920w\" sizes=\"auto, (max-width: 1024px) 100vw, 1024px\" \/><\/a><\/figure>\n\n\n\n<p><strong><span style=\"text-decoration: underline;\">26 janvier 2025 \u2013 \u00c9mission 17<\/span><\/strong><\/p>\n\n\n\n<p>Les professeurs de l&rsquo;option <strong>Architectures &#8211; \u00c9cologies &#8211; Durabilit\u00e9s<\/strong> (Bernard Deprez, Isabelle Prignot, Aline Branders et Jean Garcin) de la <strong>Facult\u00e9 d&rsquo;architecture La Cambre &#8211; Horta \/ ULB<\/strong> ont demand\u00e9 \u00e0 leurs \u00e9tudiant\u00b7es de r\u00e9fl\u00e9chir au chantier pilote du <strong>LaboNord<\/strong>. Ce dernier se situe dans la quartier Nord de la commune de Saint-Josse-ten-Noode. Aujourd&rsquo;hui, l&rsquo;architecte <strong>Beno\u00eet Lemmens<\/strong> du bureau <strong>450ppm<\/strong> fait un scan 3D de la maison en compagnie de <strong>Samuel Dubois<\/strong>, Project Leader et Expert en recherche et d\u00e9veloppement chez <strong>Buildwise<\/strong>.<\/p>\n\n\n\n<p>Dans la deuxi\u00e8me partie de l&rsquo;\u00e9mission, nous vous proposons un reportage sur le projet de r\u00e9novation du site <strong>Ranskeek<\/strong>, situ\u00e9 dans la commune de Bruxelles Neder-over-Heembeek. Ce projet laur\u00e9at <strong>RENOLAB.B<\/strong> est men\u00e9 par le bureau <strong>B612architectes<\/strong>. L&rsquo;architecte <strong>Olivier Mathieu<\/strong> et <strong>D\u00e9borah Van der Linden<\/strong>, Directrice technique de la <strong>R\u00e9gie Fonci\u00e8re de la Ville de Bruxelles<\/strong> sont pr\u00e9sents sur le chantier pour vous faire d\u00e9couvrir les enjeux de la transformation du complexe des ann\u00e9es 60 en 20 logements destin\u00e9s aux personnes \u00e2g\u00e9es et un centre collectif adapt\u00e9 pour 24 logements. Le choix du bureau d&rsquo;architecture est la construction d&rsquo;un ensemble architectural et paysager qui pr\u00e9voit la r\u00e9utilisation de la structure en b\u00e9ton des b\u00e2timents existants sur le site. Les am\u00e9nagements paysagers de la parcelle sont aussi inclus. L&rsquo;ensemble est en partie d\u00e9velopp\u00e9 en partenariat avec la Ferme nos Pilifs.&nbsp;<\/p>\n\n\n\n<p>L&rsquo;\u00e9mission se terminera avec un entretien de l&rsquo;architecte <strong>Olivier Mathieu<\/strong> afin qu&rsquo;il dresse un portrait plus approfondi de l&rsquo;engagement durable de son bureau <strong>B612architectes<\/strong>.<\/p>\n\n\n\n<p class=\"has-black-color has-pale-pink-background-color has-text-color has-background has-link-color wp-elements-de5350eeb76c2b957c709248d1bc6750\"><strong>Voir les vid\u00e9os :<\/strong><\/p>\n\n\n\n<ul class=\"wp-block-list\">\n<li><a href=\"https:\/\/www.archiurbain.be\/?p=12985\" data-type=\"post\" data-id=\"12985\">\u00c9mission <em>17<\/em> &#8211; Archi Urbain<\/a><\/li>\n\n\n\n<li>Reportage <em>Ransbeek<\/em><\/li>\n\n\n\n<li>Portrait Who&rsquo;s Who <em><a href=\"https:\/\/www.archiurbain.be\/?p=12408\" data-type=\"post\" data-id=\"12408\" target=\"_blank\" rel=\"noreferrer noopener\">B612architectes<\/a><\/em><\/li>\n<\/ul>\n\n\n\n<figure class=\"wp-block-image size-large\"><a href=\"https:\/\/www.archiurbain.be\/wp-content\/uploads\/2024\/07\/AU1916-cover.jpg\"><img loading=\"lazy\" decoding=\"async\" width=\"1024\" height=\"576\" src=\"https:\/\/www.archiurbain.be\/wp-content\/uploads\/2024\/07\/AU1916-cover-1024x576.jpg\" alt=\"\" class=\"wp-image-12924\" srcset=\"https:\/\/www.archiurbain.be\/wp-content\/uploads\/2024\/07\/AU1916-cover-1024x576.jpg 1024w, https:\/\/www.archiurbain.be\/wp-content\/uploads\/2024\/07\/AU1916-cover-300x169.jpg 300w, https:\/\/www.archiurbain.be\/wp-content\/uploads\/2024\/07\/AU1916-cover-768x432.jpg 768w, https:\/\/www.archiurbain.be\/wp-content\/uploads\/2024\/07\/AU1916-cover-1536x864.jpg 1536w, https:\/\/www.archiurbain.be\/wp-content\/uploads\/2024\/07\/AU1916-cover-160x90.jpg 160w, https:\/\/www.archiurbain.be\/wp-content\/uploads\/2024\/07\/AU1916-cover.jpg 1920w\" sizes=\"auto, (max-width: 1024px) 100vw, 1024px\" \/><\/a><\/figure>\n\n\n\n<p><strong><span style=\"text-decoration: underline;\">02 f\u00e9vrier 2025 \u2013 \u00c9mission 18<\/span><\/strong><\/p>\n\n\n\n<p>Les professeurs de l&rsquo;option <strong>Architectures &#8211; \u00c9cologies &#8211; Durabilit\u00e9s<\/strong> (<strong>Bernard Deprez<\/strong>, <strong>Isabelle Prignot<\/strong>, <strong>Aline Branders<\/strong> et <strong>Jean Garcin<\/strong>) de la <strong>Facult\u00e9 d&rsquo;architecture La Cambre &#8211; Horta \/ ULB<\/strong> ont demand\u00e9 \u00e0 leurs \u00e9tudiant\u00b7es de r\u00e9fl\u00e9chir au chantier pilote du <strong>LaboNord<\/strong>. Ce dernier se situe dans la quartier Nord de la commune de Saint-Josse-ten-Noode. Aujourd&rsquo;hui, nous retrouvons l&rsquo;architecte <strong>Beno\u00eet Lemmens<\/strong> du bureau <strong>450ppm<\/strong> et <strong>Samuel Dubois<\/strong>, Project Leader et Expert en recherche et d\u00e9veloppement chez <strong>Buildwise<\/strong>, afin qu&rsquo;ils d\u00e9cortiquent les r\u00e9sultats du scan 3D que l&rsquo;on a pu d\u00e9couvrir dans la pr\u00e9c\u00e9dente \u00e9mission.<\/p>\n\n\n\n<p>Dans la seconde partie de l&rsquo;\u00e9mission, nous vous emmenons au 148 rue van Soust \u00e0 Anderlecht pour d\u00e9couvrir le projet de r\u00e9novation lourde d&rsquo;une maison que les architectes ont appel\u00e9e <strong>Thermotopie<\/strong> ! L&rsquo;architecte <strong>Romina Dargenton<\/strong> du bureau <strong>hyl\u00e9<\/strong> parle de mat\u00e9riaux de r\u00e9-emploi et de la probl\u00e9matique de la ventilation d\u2019une maison. L&rsquo;extension de la maison unifamiliale, situ\u00e9e \u00e0 Anderlecht, est pr\u00e9vue en toiture pour cr\u00e9er un logement kangourou. La construction se veut durable en utilisant notamment des mat\u00e9riaux naturels ou de r\u00e9cup\u00e9ration. Elle vise la sobri\u00e9t\u00e9 \u00e9nerg\u00e9tique et une attention particuli\u00e8re est aussi port\u00e9e \u00e0 la biodiversit\u00e9.<\/p>\n\n\n\n<p class=\"has-light-green-cyan-background-color has-background\"><strong>BONUS WEB<\/strong> : nous vous proposons un tutoriel qui vous explique le programme <strong>RENOLAB.B<\/strong> de la R\u00e9gion Bruxelles-Capitale, par <strong>Pascale Hourman<\/strong>, Porte-parole de <strong>Bruxelles-Environnement<\/strong>.<\/p>\n\n\n\n<p class=\"has-black-color has-pale-pink-background-color has-text-color has-background has-link-color wp-elements-de5350eeb76c2b957c709248d1bc6750\"><strong>Voir les vid\u00e9os :<\/strong><\/p>\n\n\n\n<ul class=\"wp-block-list\">\n<li><a href=\"https:\/\/www.archiurbain.be\/?p=12986\" data-type=\"post\" data-id=\"12986\">\u00c9mission <em>18<\/em> &#8211; Archi Urbain<\/a><\/li>\n\n\n\n<li>Reportage <em>Thermotopie<\/em><\/li>\n\n\n\n<li>Tutoriel \u00ab\u00a0<em><a href=\"https:\/\/www.archiurbain.be\/?p=13339\" data-type=\"post\" data-id=\"13339\" target=\"_blank\" rel=\"noreferrer noopener\">C&rsquo;est quoi le programme Renolab.B ?<\/a><\/em>\u00ab\u00a0<\/li>\n<\/ul>\n\n\n\n<figure class=\"wp-block-image size-large\"><a href=\"https:\/\/www.archiurbain.be\/wp-content\/uploads\/2024\/07\/AU1917-cover.jpg\"><img loading=\"lazy\" decoding=\"async\" width=\"1024\" height=\"576\" src=\"https:\/\/www.archiurbain.be\/wp-content\/uploads\/2024\/07\/AU1917-cover-1024x576.jpg\" alt=\"\" class=\"wp-image-12926\" srcset=\"https:\/\/www.archiurbain.be\/wp-content\/uploads\/2024\/07\/AU1917-cover-1024x576.jpg 1024w, https:\/\/www.archiurbain.be\/wp-content\/uploads\/2024\/07\/AU1917-cover-300x169.jpg 300w, https:\/\/www.archiurbain.be\/wp-content\/uploads\/2024\/07\/AU1917-cover-768x432.jpg 768w, https:\/\/www.archiurbain.be\/wp-content\/uploads\/2024\/07\/AU1917-cover-1536x864.jpg 1536w, https:\/\/www.archiurbain.be\/wp-content\/uploads\/2024\/07\/AU1917-cover-160x90.jpg 160w, https:\/\/www.archiurbain.be\/wp-content\/uploads\/2024\/07\/AU1917-cover.jpg 1920w\" sizes=\"auto, (max-width: 1024px) 100vw, 1024px\" \/><\/a><\/figure>\n\n\n\n<p><strong><span style=\"text-decoration: underline;\">09 f\u00e9vrier 2025 \u2013 \u00c9mission 19<\/span><\/strong><\/p>\n\n\n\n<p>Iconique, durable et d\u00e9di\u00e9 au bien-\u00eatre sont quelques-uns des mots-cl\u00e9s qui d\u00e9finissent <strong>M10<\/strong> (<strong>Montoyer 10<\/strong>). Situ\u00e9 au c\u0153ur du quartier L\u00e9opold, ce b\u00e2timent ultramoderne offrira plus de 6 000 m\u00b2 d&rsquo;espaces de bureaux de premier ordre. M10 offre une r\u00e9ponse qualitative et respectueuse de l&rsquo;environnement aux normes ESG. Acronyme pour \u00ab\u00a0Environnement, Social et Gouvernance\u00a0\u00bb. ESG est devenu la consid\u00e9ration commerciale la plus importante dans le monde entier. Apr\u00e8s le d\u00e9veloppement durable, l&rsquo;ESG dans l&rsquo;immobilier a un r\u00f4le important \u00e0 jouer.<br>La biophilie est au c\u0153ur de la conception du M10. L&rsquo;objectif est de maintenir le contact entre l&rsquo;homme et la nature, m\u00eame dans les espaces urbains. Dans une approche biophilique, le bois naturel est fortement pr\u00e9sent dans tous les espaces int\u00e9rieurs, tout comme les plantations ext\u00e9rieures.<br>Le choix du bois pour la majorit\u00e9 des nouvelles structures r\u00e9duit consid\u00e9rablement l&#8217;empreinte carbone du b\u00e2timent, les conceptions bas\u00e9es sur une pr\u00e9fabrication optimis\u00e9e \u00e9vitent les d\u00e9chets, cr\u00e9ent des espaces sains, etc.<\/p>\n\n\n\n<p>Pour parler de ce projet embl\u00e9matique pour la quartier europ\u00e9en, Mister Emma donne la parole \u00e0 <strong>Fr\u00e9d\u00e9ric Devos<\/strong> (Architect partner, <em>LD2 architecture<\/em>), <strong>Stefan Bussing<\/strong> (Head of Project Management, <strong>Cofinimmo<\/strong>), <strong>Fiona Zeegers<\/strong> (Senior Project Manager, <strong>Cofinimmo<\/strong>).<\/p>\n\n\n\n<p>Dans le cadre du <strong>LaboNord<\/strong>, nous vous proposons de rester en compagnie de l&rsquo;architecte <strong>Fr\u00e9d\u00e9ric Devos<\/strong> afin de faire plus ample connaissance sur l&rsquo;engagement \u00ab\u00a0durable\u00a0\u00bb de son bureau <strong>LD2 architecture<\/strong><span style=\"font-size: revert;\">. <\/span>Ainsi que la diffusion de deux tutoriels qui r\u00e9pondent aux questions : \u00ab\u00a0<em>\u00c7a veut dire quoi ESG ?<\/em>\u00ab\u00a0, par <strong>Morgane Stok<\/strong> (Sustainability Officer &#8211; <strong>BPI Real Estate<\/strong>) et \u00ab\u00a0<em>Comment interpr\u00e9ter les objectifs du d\u00e9veloppement durable en immobilier ?<\/em>\u00ab\u00a0, par l&rsquo;architecte <strong>Steven Beckers<\/strong>, Expert en \u00e9conomie spiral\u00e9e &#8211; <strong>BoPro<\/strong>.<\/p>\n\n\n\n<p class=\"has-black-color has-pale-pink-background-color has-text-color has-background has-link-color wp-elements-de5350eeb76c2b957c709248d1bc6750\"><strong>Voir les vid\u00e9os :<\/strong><\/p>\n\n\n\n<ul class=\"wp-block-list\">\n<li><a href=\"https:\/\/www.archiurbain.be\/?p=12987\" data-type=\"post\" data-id=\"12987\">\u00c9mission <em>19<\/em> &#8211; Archi Urbain<\/a><\/li>\n\n\n\n<li>Reportage <em><a href=\"https:\/\/caviar.archi\/montoyer-10-brussels-belgium\/\" target=\"_blank\" rel=\"noreferrer noopener\">Montoyer 10 (M10)<\/a><\/em><\/li>\n\n\n\n<li>Portrait Who&rsquo;s Who <a href=\"https:\/\/www.archiurbain.be\/?p=12423\" data-type=\"post\" data-id=\"12423\" target=\"_blank\" rel=\"noreferrer noopener\">LD2 architecture<\/a><\/li>\n\n\n\n<li>Capsule tutoriel \u00ab\u00a0<em><a href=\"https:\/\/www.archiurbain.be\/?p=13318\" data-type=\"post\" data-id=\"13318\" target=\"_blank\" rel=\"noreferrer noopener\">\u00c7a veut dire quoi ESG ?<\/a><\/em>\u00ab\u00a0<\/li>\n\n\n\n<li>Capsule tutoriel \u00ab\u00a0<em><a href=\"https:\/\/www.archiurbain.be\/?p=13311\" data-type=\"post\" data-id=\"13311\" target=\"_blank\" rel=\"noreferrer noopener\">Comment interpr\u00e9ter les objectifs du d\u00e9veloppement durable en immobilier ?<\/a><\/em>\u00ab\u00a0<\/li>\n<\/ul>\n\n\n\n<figure class=\"wp-block-image size-large\"><a href=\"https:\/\/www.archiurbain.be\/wp-content\/uploads\/2024\/07\/AU1907-cover.jpg\"><img loading=\"lazy\" decoding=\"async\" width=\"1024\" height=\"576\" src=\"https:\/\/www.archiurbain.be\/wp-content\/uploads\/2024\/07\/AU1907-cover-1024x576.jpg\" alt=\"\" class=\"wp-image-12904\" srcset=\"https:\/\/www.archiurbain.be\/wp-content\/uploads\/2024\/07\/AU1907-cover-1024x576.jpg 1024w, https:\/\/www.archiurbain.be\/wp-content\/uploads\/2024\/07\/AU1907-cover-300x169.jpg 300w, https:\/\/www.archiurbain.be\/wp-content\/uploads\/2024\/07\/AU1907-cover-768x432.jpg 768w, https:\/\/www.archiurbain.be\/wp-content\/uploads\/2024\/07\/AU1907-cover-1536x864.jpg 1536w, https:\/\/www.archiurbain.be\/wp-content\/uploads\/2024\/07\/AU1907-cover-160x90.jpg 160w, https:\/\/www.archiurbain.be\/wp-content\/uploads\/2024\/07\/AU1907-cover.jpg 1920w\" sizes=\"auto, (max-width: 1024px) 100vw, 1024px\" \/><\/a><\/figure>\n\n\n\n<p><strong><span style=\"text-decoration: underline;\">16 f\u00e9vrier 2025 \u2013 \u00c9mission 20<\/span><\/strong><\/p>\n\n\n\n<p>Dans le cursus des \u00e9tudiant\u00b7es du cours<strong> Architectures &#8211; \u00c9cologies &#8211; Durabilit\u00e9s<\/strong> de la <strong>Facult\u00e9 d&rsquo;Architecture La Cambre &#8211; Horta \/ ULB<\/strong>, il n&rsquo;y a des visites de projets qui sont programm\u00e9es et aujourd&rsquo;hui, l&rsquo;architecte <strong>Aline Branders<\/strong> leur font d\u00e9couvrir le projet <strong>Vignette<\/strong> du bureau d&rsquo;architecture <strong>Karbon&rsquo;<\/strong> : Denis et Sandrine vivaient dans la&nbsp;rue de la Vignette \u00e0 Auderghem, il cherchait une maison plus grande et un terrain \u00e9tait disponible juste en face de chez eux. Ils ont engag\u00e9 le bureau&nbsp;<strong>Karbon\u2019&nbsp;<\/strong>pour imaginer une maison en connexion avec le jardin arri\u00e8re. Les architectes leur ont propos\u00e9 une maison en bois et les ont amen\u00e9 \u00e0 vivre dans une maison saine tant pour elleux que pour l\u2019habitat avec l\u2019utilisation de mat\u00e9riaux biosourc\u00e9s et de mat\u00e9riaux r\u00e9cup\u00e9r\u00e9s et recycl\u00e9s : ballots de paille, enduits d\u2019argile, briques de Baume de r\u00e9emploi, bois non coll\u00e9, planchers porteurs, etc. Le reportage complet sur le projet <strong>Vignette<\/strong> est \u00e0 voir sur la plateforme <a href=\"http:\/\/www.caviar.archi\" target=\"_blank\" rel=\"noreferrer noopener\">caviar.archi<\/a> en compagnie de l&rsquo;architecte <strong>Jean Garcin<\/strong> du bureau <strong>Karbon&rsquo;<\/strong>.<\/p>\n\n\n\n<p>Apr\u00e8s cette visite, Aline Branders emm\u00e8ne tout le monde dans la maison priv\u00e9e de l&rsquo;architecte <strong>Julien Kessler<\/strong>, CEO du bureau <strong>UP ! architects<\/strong>. Ce projet exemplaire et inspirant \u00e9tait l&rsquo;une des six visites des <strong>Sustainable Architecture Days<\/strong> de l&rsquo;<strong>Archiweek<\/strong> d&rsquo;octobre 2024. Cette visite s\u2019inscrit dans la maison personnelle de l\u2019architecte, un maison unifamiliale r\u00e9nov\u00e9e avec le plus faible impact environnemental possible. Aujourd\u2019hui, on tente d\u2019isoler un maximum l\u2019habitat pour r\u00e9duire la consommation d\u2019\u00e9nergie mais on peut aussi aller plus loin en r\u00e9fl\u00e9chissant aux mat\u00e9riaux d\u2019isolant mis en place, des mat\u00e9riaux plus \u00e9cologiques. En mat\u00e9riaux de finition, on va retrouver des mat\u00e9riaux plus naturels et \/ ou de r\u00e9emploi comme l\u2019argile ou le bois. Julien Kessler a d\u00fb faire face, dans ce projet, \u00e0 la probl\u00e9matique du financement (la r\u00e9alit\u00e9 financi\u00e8re du projet et jusqu\u2019o\u00f9 mettons le curseur ?) et \u00e0 la probl\u00e9matique des r\u00e8glementations urbanistiques. Les th\u00e9matiques abord\u00e9es dans ce projet sont multiples : le r\u00e9emploi, l\u2019isolation, l\u2019\u00e9nergie, les eaux de pluie et grises, les mat\u00e9riaux naturels, l\u2019exp\u00e9rimentation de la terre crue, la lumi\u00e8re, la r\u00e9cup\u00e9ration d&rsquo;\u00e9nergie, la pompe \u00e0 chaleur, \u2026<\/p>\n\n\n\n<p>Enfin, nous vous proposons une capsule tutoriel qui r\u00e9pond \u00e0 la question \u00ab\u00a0<em>C&rsquo;est quoi l&rsquo;analyse du cycle de vie ? &#8211; LCA vs LCC ?\u00a0\u00bb<\/em> par <strong>Arnaud Na\u00f4m\u00e9<\/strong>, Assistant &#8211; chercheur \/ <strong>LOCI<\/strong> et Facilitateur environnement \/ <strong>Union Wallonne des Architectes<\/strong> et un portrait engag\u00e9 de <strong>Barth\u00e9lemy de Callatay<\/strong>, fondateur de <strong>Coliseum<\/strong>.<\/p>\n\n\n\n<p class=\"has-black-color has-pale-pink-background-color has-text-color has-background has-link-color wp-elements-de5350eeb76c2b957c709248d1bc6750\"><strong>Voir les vid\u00e9os :<\/strong><\/p>\n\n\n\n<ul class=\"wp-block-list\">\n<li><a href=\"https:\/\/www.archiurbain.be\/?p=12988\" data-type=\"post\" data-id=\"12988\">\u00c9mission <em>20<\/em> &#8211; Archi Urbain<\/a><\/li>\n\n\n\n<li>Reportage <em><a href=\"https:\/\/caviar.archi\/vignette-brussels-belgium\/\" target=\"_blank\" rel=\"noreferrer noopener\">Vignette<\/a><\/em><\/li>\n\n\n\n<li>Portrait Who&rsquo;s Who <em><a href=\"https:\/\/www.archiurbain.be\/?p=12415\" data-type=\"post\" data-id=\"12415\" target=\"_blank\" rel=\"noreferrer noopener\">Coliseum<\/a><\/em><\/li>\n\n\n\n<li>Capsule tutoriel \u00ab\u00a0<em><a href=\"https:\/\/www.archiurbain.be\/?p=13294\" data-type=\"post\" data-id=\"13294\" target=\"_blank\" rel=\"noreferrer noopener\">C&rsquo;est quoi l&rsquo;analyse du cycle de vie ? &#8211; LCA vs LCC ?<\/a>\u00ab\u00a0<\/em><\/li>\n<\/ul>\n\n\n\n<figure class=\"wp-block-image size-large\"><a href=\"https:\/\/www.archiurbain.be\/wp-content\/uploads\/2024\/07\/AU1921-cover.jpg\"><img loading=\"lazy\" decoding=\"async\" width=\"1024\" height=\"576\" src=\"https:\/\/www.archiurbain.be\/wp-content\/uploads\/2024\/07\/AU1921-cover-1024x576.jpg\" alt=\"\" class=\"wp-image-12934\" srcset=\"https:\/\/www.archiurbain.be\/wp-content\/uploads\/2024\/07\/AU1921-cover-1024x576.jpg 1024w, https:\/\/www.archiurbain.be\/wp-content\/uploads\/2024\/07\/AU1921-cover-300x169.jpg 300w, https:\/\/www.archiurbain.be\/wp-content\/uploads\/2024\/07\/AU1921-cover-768x432.jpg 768w, https:\/\/www.archiurbain.be\/wp-content\/uploads\/2024\/07\/AU1921-cover-1536x864.jpg 1536w, https:\/\/www.archiurbain.be\/wp-content\/uploads\/2024\/07\/AU1921-cover-160x90.jpg 160w, https:\/\/www.archiurbain.be\/wp-content\/uploads\/2024\/07\/AU1921-cover.jpg 1920w\" sizes=\"auto, (max-width: 1024px) 100vw, 1024px\" \/><\/a><\/figure>\n\n\n\n<p><strong><span style=\"text-decoration: underline;\">23 f\u00e9vrier 2025 \u2013 \u00c9mission 21<\/span><\/strong><\/p>\n\n\n\n<p>Dans le cursus des \u00e9tudiant\u00b7es du cours<strong> Architectures &#8211; \u00c9cologies &#8211; Durabilit\u00e9s<\/strong> de la <strong>Facult\u00e9 d&rsquo;Architecture La Cambre &#8211; Horta \/ ULB<\/strong>, il n&rsquo;y a des visites de projets qui sont programm\u00e9es et aujourd&rsquo;hui, l&rsquo;architecte <strong>Aline Branders<\/strong> leur font d\u00e9couvrir la r\u00e9novation du b\u00e2timent embl\u00e9matique de ING : <strong>Marnix<\/strong>. La b\u00e2timent MARNIX au c\u0153ur de Bruxelles a \u00e9t\u00e9 \u00e9rig\u00e9 en 1964 par le bureau am\u00e9ricain SOM (Skidmore, Owings &amp; Merrill).&nbsp; Il fut agrandi avec la m\u00eame grammaire architecturale en 1989 et est devenu un b\u00e2timent embl\u00e9matique pour la Capitale europ\u00e9enne mais la t\u00e2che qui attend, aujourd\u2019hui, le bureau bruxellois A2M est bien plus important : faire entrer le b\u00e2timent class\u00e9 dans le 21\u00e8me si\u00e8cle et en faire un projet exemplaire de r\u00e9novation durable.<\/p>\n\n\n\n<p>Dans la deuxi\u00e8me partie de l&rsquo;\u00e9mission, nous vous proposons de retourner dans le projet <strong>Touriste<\/strong>. L&rsquo;architecte <strong>Gr\u00e9gory Hye<\/strong> du bureau <strong>Arcanne<\/strong> nous ouvre les portes de cette maison d&rsquo;habitation dont le chantier est maintenant termin\u00e9. (d\u00e9couvrir la premi\u00e8re partie de ce reportage dans l&rsquo;\u00e9mission 19 du 09 f\u00e9vrier 2025). Pour rappel, la philosophie du projet est de moderniser une maison unifamiale pour r\u00e9pondre aux besoins actuels, tout en conservant et en r\u00e9novant ses \u00e9l\u00e9ments patrimoniaux remarquables et en s\u2019inscrivant dans une d\u00e9marche durable et circulaire. Ces ambitions se traduisent par une s\u00e9rie d\u2019objectifs coh\u00e9rents et interconnect\u00e9s : un engagement ferme d&rsquo;atteindre, au minimum, un score PEB C apr\u00e8s r\u00e9novation; une production d&rsquo;\u00e9lectricit\u00e9 renouvelable, une minimisation de l&#8217;empreinte \u00e0 long terme, etc.<\/p>\n\n\n\n<p>Enfin, nous vous proposons une capsule tutoriel qui r\u00e9pond \u00e0 la question \u00ab\u00a0<em>C\u2019est quoi une passoire \u00e9nerg\u00e9tique ?<\/em><span style=\"font-size: revert;\">\u00ab\u00a0<\/span> par <strong>Sandra Gottcheiner<\/strong>, Development &amp; Innovation Director chez <strong>BPI Real Estate<\/strong>.<\/p>\n\n\n\n<p class=\"has-light-green-cyan-background-color has-background\"><strong>BONUS WEB<\/strong> : nous vous proposons un portrait engag\u00e9 de <strong>Julie Willem<\/strong>, Archilab Director de <strong>Atenor<\/strong>.<\/p>\n\n\n\n<p class=\"has-black-color has-pale-pink-background-color has-text-color has-background has-link-color wp-elements-de5350eeb76c2b957c709248d1bc6750\"><strong>Voir les vid\u00e9os :<\/strong><\/p>\n\n\n\n<ul class=\"wp-block-list\">\n<li><a href=\"https:\/\/www.archiurbain.be\/?p=12989\" data-type=\"post\" data-id=\"12989\">\u00c9mission <em>21<\/em> &#8211; Archi Urbain<\/a><\/li>\n\n\n\n<li>Reportage <em><a href=\"https:\/\/caviar.archi\/marnix-brussels-belgium\/\" target=\"_blank\" rel=\"noreferrer noopener\">Marnix<\/a><\/em><\/li>\n\n\n\n<li>Reportage <em>Touriste<\/em><\/li>\n\n\n\n<li>Portrait Who&rsquo;s Who <em><a href=\"https:\/\/www.archiurbain.be\/?p=12811\" data-type=\"post\" data-id=\"12811\" target=\"_blank\" rel=\"noreferrer noopener\">Atenor<\/a><\/em><\/li>\n\n\n\n<li>Capsule tutoriel \u00ab\u00a0<em><a href=\"https:\/\/www.archiurbain.be\/?p=13329\" data-type=\"post\" data-id=\"13329\" target=\"_blank\" rel=\"noreferrer noopener\">C\u2019est quoi une passoire \u00e9nerg\u00e9tique ?<\/a><\/em><span style=\"font-size: revert;\">\u00ab\u00a0<\/span><\/li>\n<\/ul>\n\n\n\n<figure class=\"wp-block-image size-large\"><a href=\"https:\/\/www.archiurbain.be\/wp-content\/uploads\/2024\/07\/AU1922-cover.jpg\"><img loading=\"lazy\" decoding=\"async\" width=\"1024\" height=\"576\" src=\"https:\/\/www.archiurbain.be\/wp-content\/uploads\/2024\/07\/AU1922-cover-1024x576.jpg\" alt=\"\" class=\"wp-image-12936\" srcset=\"https:\/\/www.archiurbain.be\/wp-content\/uploads\/2024\/07\/AU1922-cover-1024x576.jpg 1024w, https:\/\/www.archiurbain.be\/wp-content\/uploads\/2024\/07\/AU1922-cover-300x169.jpg 300w, https:\/\/www.archiurbain.be\/wp-content\/uploads\/2024\/07\/AU1922-cover-768x432.jpg 768w, https:\/\/www.archiurbain.be\/wp-content\/uploads\/2024\/07\/AU1922-cover-1536x864.jpg 1536w, https:\/\/www.archiurbain.be\/wp-content\/uploads\/2024\/07\/AU1922-cover-160x90.jpg 160w, https:\/\/www.archiurbain.be\/wp-content\/uploads\/2024\/07\/AU1922-cover.jpg 1920w\" sizes=\"auto, (max-width: 1024px) 100vw, 1024px\" \/><\/a><\/figure>\n\n\n\n<p><strong><span style=\"text-decoration: underline;\">02 mars 2025<\/span><\/strong><\/p>\n\n\n\n<p>Pas d&rsquo;\u00e9mission en raison des vacances scolaires (Carnaval)<\/p>\n\n\n\n<p><strong><span style=\"text-decoration: underline;\">09 mars 2025<\/span><\/strong><\/p>\n\n\n\n<p>Pas d&rsquo;\u00e9mission en raison des vacances scolaires (Carnaval)<\/p>\n\n\n\n<p><strong><span style=\"text-decoration: underline;\">16 mars 2025 \u2013 \u00c9mission 22<\/span><\/strong><\/p>\n\n\n\n<p>Dans cette \u00e9mission, nous retrouvons les \u00e9tudiants de l&rsquo;option <strong>Architectures &#8211; \u00c9cologies &#8211; Durabilit\u00e9s<\/strong> de la <strong>Facult\u00e9 d&rsquo;architecture La Cambre &#8211; Horta \/ ULB<\/strong> qui nous livrent leurs premi\u00e8res conclusions quand au LaboNord. Leurs professeurs (Bernard Deprez, Isabelle Prignot, Aline Branders et Jean Garcin) leur ont demand\u00e9 de faire une proposition de r\u00e9novation de la maison LaboNord en imaginant une fonction et en se basant sur la programme RENOLAB.B pour la r\u00e9novation en elle-m\u00eame. Nous d\u00e9couvrons leurs propositions.<\/p>\n\n\n\n<p>Dans la seconde partie de l&rsquo;\u00e9mission, nous vous proposons le portrait de l&rsquo;entreprise engag\u00e9e dans la durabilit\u00e9 : <strong>La Verte Voie<\/strong> en compagnie de l&rsquo;architecte <strong>Cristian Crisan<\/strong>. Ainsi que la diffusion d&rsquo;une capsule <em>tutoriel<\/em> qui r\u00e9pond \u00e0 la question \u00ab\u00a0<em>C&rsquo;est quoi la r\u00e9versibilit\u00e9 technique ?<\/em><span style=\"font-size: revert;\">\u00ab\u00a0<\/span> par <strong>Arnaud Na\u00f4m\u00e9<\/strong>, Assistant &#8211; chercheur \/ <strong>LOCI<\/strong> et Facilitateur environnement \/ <strong>Union Wallonne des Architectes<\/strong>.<\/p>\n\n\n\n<p class=\"has-black-color has-pale-pink-background-color has-text-color has-background has-link-color wp-elements-de5350eeb76c2b957c709248d1bc6750\"><strong>Voir les vid\u00e9os :<\/strong><\/p>\n\n\n\n<ul class=\"wp-block-list\">\n<li><a href=\"https:\/\/www.archiurbain.be\/?p=12990\" data-type=\"post\" data-id=\"12990\">\u00c9mission <em>22<\/em> &#8211; Archi Urbain<\/a><\/li>\n\n\n\n<li>Portrait Who&rsquo;s Who <em><a href=\"https:\/\/www.archiurbain.be\/?p=12421\" data-type=\"post\" data-id=\"12421\">La Verte Voie<\/a><\/em><\/li>\n\n\n\n<li>Capsule tutoriel \u00ab\u00a0<em><a href=\"https:\/\/www.archiurbain.be\/?p=13345\" data-type=\"post\" data-id=\"13345\" target=\"_blank\" rel=\"noreferrer noopener\">C&rsquo;est quoi la r\u00e9versibilit\u00e9 technique ?<\/a><\/em>\u00ab\u00a0<\/li>\n<\/ul>\n\n\n\n<figure class=\"wp-block-image size-large\"><a href=\"https:\/\/www.archiurbain.be\/wp-content\/uploads\/2024\/07\/AU1920-cover.jpg\"><img loading=\"lazy\" decoding=\"async\" width=\"1024\" height=\"576\" src=\"https:\/\/www.archiurbain.be\/wp-content\/uploads\/2024\/07\/AU1920-cover-1024x576.jpg\" alt=\"\" class=\"wp-image-12932\" srcset=\"https:\/\/www.archiurbain.be\/wp-content\/uploads\/2024\/07\/AU1920-cover-1024x576.jpg 1024w, https:\/\/www.archiurbain.be\/wp-content\/uploads\/2024\/07\/AU1920-cover-300x169.jpg 300w, https:\/\/www.archiurbain.be\/wp-content\/uploads\/2024\/07\/AU1920-cover-768x432.jpg 768w, https:\/\/www.archiurbain.be\/wp-content\/uploads\/2024\/07\/AU1920-cover-1536x864.jpg 1536w, https:\/\/www.archiurbain.be\/wp-content\/uploads\/2024\/07\/AU1920-cover-160x90.jpg 160w, https:\/\/www.archiurbain.be\/wp-content\/uploads\/2024\/07\/AU1920-cover.jpg 1920w\" sizes=\"auto, (max-width: 1024px) 100vw, 1024px\" \/><\/a><\/figure>\n\n\n\n<p><strong><span style=\"text-decoration: underline;\">23 mars 2025 \u2013 \u00c9mission 23<\/span><\/strong><\/p>\n\n\n\n<p>Les professeurs de l&rsquo;option <strong>Architectures &#8211; \u00c9cologies &#8211; Durabilit\u00e9s<\/strong> (Bernard Deprez, Isabelle Prignot, Aline Branders et Jean Garcin) de la <strong>Facult\u00e9 d&rsquo;architecture La Cambre &#8211; Horta \/ ULB<\/strong> ont demand\u00e9 \u00e0 leurs \u00e9tudiant\u00b7es de r\u00e9fl\u00e9chir au chantier pilote du <strong>LaboNord<\/strong>. La semaine derni\u00e8re, nous vous avons pr\u00e9sent\u00e9 leurs projets et cette semaine nous revenons vers eux pour conna\u00eetre les difficult\u00e9s rencontr\u00e9es par les \u00e9tudiants dans la concr\u00e9tisation de cet exercice.<\/p>\n\n\n\n<p>En compl\u00e9ment de cette introduction \u00e0 ce premier \u00e9pisode du travail des \u00e9tudiant\u00b7es sur le LaboNord, Mister Emma vous emm\u00e8ne \u00e0 la rencontre de l&rsquo;architecte <strong>Alexis Van Impe<\/strong>. Son client lui a demand\u00e9 un projet durable. Il vous parle des difficult\u00e9s du m\u00e9tier pour parvenir \u00e0 changer les process et les mentalit\u00e9s.<\/p>\n\n\n\n<p>Enfin, le programme diffusera une chronique tutoriel qui r\u00e9pondra \u00e0 la question \u00ab\u00a0<em>C&rsquo;est quoi un inventaire de r\u00e9mploi ou de pr\u00e9d\u00e9molition ?<\/em>\u00a0\u00bb par <strong>Arnaud Na\u00f4m\u00e9<\/strong>, Assistant &#8211; chercheur \/ <strong>LOCI<\/strong> et Facilitateur environnement \/ <strong>Union Wallonne des Architectes<\/strong>.<\/p>\n\n\n\n<p class=\"has-black-color has-pale-pink-background-color has-text-color has-background has-link-color wp-elements-de5350eeb76c2b957c709248d1bc6750\"><strong>Voir les vid\u00e9os :<\/strong><\/p>\n\n\n\n<ul class=\"wp-block-list\">\n<li><a href=\"https:\/\/www.archiurbain.be\/?p=12991\" data-type=\"post\" data-id=\"12991\">\u00c9mission <em>23<\/em> &#8211; Archi Urbain<\/a><\/li>\n\n\n\n<li>Reportage <em>Rosi\u00e8re<\/em><\/li>\n\n\n\n<li>Capsule tutoriel \u00ab\u00a0<em><a href=\"https:\/\/www.archiurbain.be\/?p=13324\" data-type=\"post\" data-id=\"13324\" target=\"_blank\" rel=\"noreferrer noopener\">C&rsquo;est quoi un inventaire de r\u00e9mploi ou de pr\u00e9d\u00e9molition ?<\/a><\/em>\u00ab\u00a0<\/li>\n<\/ul>\n\n\n\n<figure class=\"wp-block-image size-large\"><a href=\"https:\/\/www.archiurbain.be\/wp-content\/uploads\/2024\/07\/AU1914-cover.jpg\"><img loading=\"lazy\" decoding=\"async\" width=\"1024\" height=\"576\" src=\"https:\/\/www.archiurbain.be\/wp-content\/uploads\/2024\/07\/AU1914-cover-1024x576.jpg\" alt=\"\" class=\"wp-image-12922\" srcset=\"https:\/\/www.archiurbain.be\/wp-content\/uploads\/2024\/07\/AU1914-cover-1024x576.jpg 1024w, https:\/\/www.archiurbain.be\/wp-content\/uploads\/2024\/07\/AU1914-cover-300x169.jpg 300w, https:\/\/www.archiurbain.be\/wp-content\/uploads\/2024\/07\/AU1914-cover-768x432.jpg 768w, https:\/\/www.archiurbain.be\/wp-content\/uploads\/2024\/07\/AU1914-cover-1536x864.jpg 1536w, https:\/\/www.archiurbain.be\/wp-content\/uploads\/2024\/07\/AU1914-cover-160x90.jpg 160w, https:\/\/www.archiurbain.be\/wp-content\/uploads\/2024\/07\/AU1914-cover.jpg 1920w\" sizes=\"auto, (max-width: 1024px) 100vw, 1024px\" \/><\/a><\/figure>\n\n\n\n<p><strong><span style=\"text-decoration: underline;\">30 mars 2025 \u2013 \u00c9mission 24<\/span><\/strong><\/p>\n\n\n\n<p>Les professeurs de l&rsquo;option <strong>Architectures &#8211; \u00c9cologies &#8211; Durabilit\u00e9s<\/strong> (Bernard Deprez, Isabelle Prignot, Aline Branders et Jean Garcin) de la <strong>Facult\u00e9 d&rsquo;architecture La Cambre &#8211; Horta \/ ULB<\/strong> ont demand\u00e9 \u00e0 leurs \u00e9tudiant\u00b7es de r\u00e9fl\u00e9chir au chantier pilote du <strong>LaboNord<\/strong>. Il y a quinze jours, nous vous avons pr\u00e9sent\u00e9 les projets des \u00e9tudiants et cette semaine nous donnons la parole aux professeurs pour conna\u00eetre leurs avis sur la concr\u00e9tisation de cet exercice.<\/p>\n\n\n\n<p>Dans la seconde partie de l&rsquo;\u00e9mission, je vous propose de partir \u00e0 Seraing pour d\u00e9couvrir la reconversion du b\u00e2timent <strong>OM<\/strong> en un complexe pour la musique amplifi\u00e9e. Ce projet est port\u00e9 par l&rsquo;architecte <strong>\u00c9meric Marchal<\/strong> du bureau <strong>Atelier Chora<\/strong>.<\/p>\n\n\n\n<p class=\"has-black-color has-pale-pink-background-color has-text-color has-background has-link-color wp-elements-de5350eeb76c2b957c709248d1bc6750\"><strong>Voir les vid\u00e9os :<\/strong><\/p>\n\n\n\n<ul class=\"wp-block-list\">\n<li><a href=\"https:\/\/www.archiurbain.be\/?p=12999\" data-type=\"post\" data-id=\"12999\">\u00c9mission <em>24<\/em> &#8211; Archi Urbain<\/a><\/li>\n\n\n\n<li>Reportage <em><a href=\"https:\/\/caviar.archi\/om-musical-complex-seraing-belgium\/\">OM<\/a><\/em><\/li>\n<\/ul>\n\n\n\n<figure class=\"wp-block-image size-large\"><a href=\"https:\/\/www.archiurbain.be\/wp-content\/uploads\/2024\/07\/AU1924-cover-1.jpg\"><img loading=\"lazy\" decoding=\"async\" width=\"1024\" height=\"576\" src=\"https:\/\/www.archiurbain.be\/wp-content\/uploads\/2024\/07\/AU1924-cover-1-1024x576.jpg\" alt=\"\" class=\"wp-image-13844\" srcset=\"https:\/\/www.archiurbain.be\/wp-content\/uploads\/2024\/07\/AU1924-cover-1-1024x576.jpg 1024w, https:\/\/www.archiurbain.be\/wp-content\/uploads\/2024\/07\/AU1924-cover-1-300x169.jpg 300w, https:\/\/www.archiurbain.be\/wp-content\/uploads\/2024\/07\/AU1924-cover-1-768x432.jpg 768w, https:\/\/www.archiurbain.be\/wp-content\/uploads\/2024\/07\/AU1924-cover-1-1536x864.jpg 1536w, https:\/\/www.archiurbain.be\/wp-content\/uploads\/2024\/07\/AU1924-cover-1-160x90.jpg 160w, https:\/\/www.archiurbain.be\/wp-content\/uploads\/2024\/07\/AU1924-cover-1.jpg 1920w\" sizes=\"auto, (max-width: 1024px) 100vw, 1024px\" \/><\/a><\/figure>\n\n\n\n<p><strong><span style=\"text-decoration: underline;\">06 avril 2025 \u2013 \u00c9mission 25<\/span><\/strong><\/p>\n\n\n\n<p><strong>Harmonie<\/strong> est un projet de r\u00e9novation et de transformation de deux entit\u00e9s en logements r\u00e9alis\u00e9 tout en respectant les \u00e9l\u00e9ments d&rsquo;int\u00e9r\u00eat culturel, patrimonial et historique du site. V\u00e9ritable projet de vie familial et multig\u00e9n\u00e9rationnel pens\u00e9 dans sa globalit\u00e9, il mise sur des mat\u00e9riaux p\u00e9rennes, \u00e9cologiques et sur une prise en consid\u00e9ration de la parcelle du point de vue de la biodiversit\u00e9. Pour que les espaces de vie soient confortables, le nombre de logements est diminu\u00e9. Le projet est men\u00e9 par l&rsquo;atelier <strong>Maze Architecture<\/strong>. <strong>Timoth\u00e9e Lunel<\/strong> nous explique les enjeux du projet et les choix architecturaux auxquels il a d\u00fb faire face pour r\u00e9pondre tant aux demandes de <strong>RENOLAB.B<\/strong> dont le projet est laur\u00e9at et les exigences <strong>PEB<\/strong> qui sont parfois antagonistes les unes aux autres.<\/p>\n\n\n\n<p>Dans la seconde partie de l&rsquo;\u00e9mission, nous vous proposons un portrait engag\u00e9 de l\u2019ing\u00e9nieur civil, <strong>Fr\u00e9d\u00e9ric Oleksandrow<\/strong>, fondateur et administrateur de <strong>EWA engineering<\/strong>.. Ainsi que la diffusion de la capsule <em>tutoriel<\/em> qui r\u00e9pond \u00e0 la question \u00ab\u00a0<strong>C&rsquo;est quoi la PEB ?<\/strong>\u00a0\u00bb par <strong>Pascale Hourman<\/strong>, Porte-parole de <strong>Bruxelles Environnement<\/strong>.<\/p>\n\n\n\n<p class=\"has-black-color has-pale-pink-background-color has-text-color has-background has-link-color wp-elements-de5350eeb76c2b957c709248d1bc6750\"><strong>Voir les vid\u00e9os :<\/strong><\/p>\n\n\n\n<ul class=\"wp-block-list\">\n<li><a href=\"https:\/\/www.archiurbain.be\/?p=12993\" data-type=\"post\" data-id=\"12993\">\u00c9mission <em>25<\/em> &#8211; Archi Urbain<\/a><\/li>\n\n\n\n<li>Reportage <em>Harmonie<\/em><\/li>\n\n\n\n<li>Portrait Who&rsquo;s Who <em><a href=\"https:\/\/www.archiurbain.be\/?p=12740\" data-type=\"post\" data-id=\"12740\" target=\"_blank\" rel=\"noreferrer noopener\">EWA engineering<\/a><\/em><\/li>\n\n\n\n<li>Capsule tutoriel \u00ab\u00a0<em><a href=\"https:\/\/www.archiurbain.be\/?p=13331\" data-type=\"post\" data-id=\"13331\" target=\"_blank\" rel=\"noreferrer noopener\">C&rsquo;est quoi la PEB ?<\/a><\/em>\u00ab\u00a0<\/li>\n<\/ul>\n\n\n\n<figure class=\"wp-block-image size-large\"><a href=\"https:\/\/www.archiurbain.be\/wp-content\/uploads\/2024\/07\/AU1918-cover.jpg\"><img loading=\"lazy\" decoding=\"async\" width=\"1024\" height=\"576\" src=\"https:\/\/www.archiurbain.be\/wp-content\/uploads\/2024\/07\/AU1918-cover-1024x576.jpg\" alt=\"\" class=\"wp-image-12928\" srcset=\"https:\/\/www.archiurbain.be\/wp-content\/uploads\/2024\/07\/AU1918-cover-1024x576.jpg 1024w, https:\/\/www.archiurbain.be\/wp-content\/uploads\/2024\/07\/AU1918-cover-300x169.jpg 300w, https:\/\/www.archiurbain.be\/wp-content\/uploads\/2024\/07\/AU1918-cover-768x432.jpg 768w, https:\/\/www.archiurbain.be\/wp-content\/uploads\/2024\/07\/AU1918-cover-1536x864.jpg 1536w, https:\/\/www.archiurbain.be\/wp-content\/uploads\/2024\/07\/AU1918-cover-160x90.jpg 160w, https:\/\/www.archiurbain.be\/wp-content\/uploads\/2024\/07\/AU1918-cover.jpg 1920w\" sizes=\"auto, (max-width: 1024px) 100vw, 1024px\" \/><\/a><\/figure>\n\n\n\n<p><strong><span style=\"text-decoration: underline;\">13 avril 2025 \u2013 \u00c9mission 26<\/span><\/strong><\/p>\n\n\n\n<p>Un int\u00e9rieur d&rsquo;\u00eelot, un b\u00e2timent trop grand, une cour enti\u00e8rement asphalt\u00e9e, voici les donn\u00e9es de d\u00e9part du projet <strong>Waterloo<\/strong> que l&rsquo;architecte <strong>Wissam Salim<\/strong> du bureau <strong>OF7<\/strong> nous pr\u00e9sente dans cette \u00e9mission. La demande du ma\u00eetre d&rsquo;ouvrage : r\u00e9nover le bien tout en conservant son caract\u00e8re industriel avec la cr\u00e9ation de trois unit\u00e9s de logement, d&rsquo;un local pour une profession lib\u00e9rale et d&rsquo;espaces partag\u00e9s comme une buanderie, un stockage v\u00e9lo. Un jardin priv\u00e9 et communautaire remplacent le bitume actuel de la cour int\u00e9rieure. L&rsquo;utilisation de mat\u00e9riaux bio-sourc\u00e9s, le r\u00e9-emploi sot au c\u0153ur de la r\u00e9flexion des architectes et du ma\u00eetre d&rsquo;ouvrage.<\/p>\n\n\n\n<p>Dans la deuxi\u00e8me partie de l&rsquo;\u00e9mission, nous vous proposons de faire plus ample connaissance avec le bureau <strong>OF7<\/strong> et un portrait engag\u00e9 de l&rsquo;architecte <strong>Wissam Salim<\/strong>. Enfin, nous diffuserons deux capsules <em>tutoriel<\/em> qui r\u00e9pondent aux questions \u00ab\u00a0<em>Pourquoi faut-il r\u00e9cup\u00e9rer les eaux de pluie ?<\/em>\u00a0\u00bb et \u00ab\u00a0<em>C\u2019est quoi une eau grise ? Que faut-il en faire ?<\/em>\u00a0\u00bb par l&rsquo;architecte <strong>Steven Beckers<\/strong>, Expert en \u00e9conomie spiral\u00e9e &#8211; <strong>BoPro<\/strong>.<\/p>\n\n\n\n<p class=\"has-black-color has-pale-pink-background-color has-text-color has-background has-link-color wp-elements-de5350eeb76c2b957c709248d1bc6750\"><strong>Voir les vid\u00e9os :<\/strong><\/p>\n\n\n\n<ul class=\"wp-block-list\">\n<li><a href=\"https:\/\/www.archiurbain.be\/?p=12994\" data-type=\"post\" data-id=\"12994\">\u00c9mission <em>26<\/em> &#8211; Archi Urbain<\/a><\/li>\n\n\n\n<li>Reportage <em>Waterloo<\/em><\/li>\n\n\n\n<li>Portrait Who&rsquo;s Who <em><a href=\"https:\/\/www.archiurbain.be\/?p=12427\" data-type=\"post\" data-id=\"12427\" target=\"_blank\" rel=\"noreferrer noopener\">OF7<\/a><\/em><\/li>\n\n\n\n<li>Capsule tutoriel \u00ab\u00a0<em><a href=\"https:\/\/www.archiurbain.be\/?p=13313\" data-type=\"post\" data-id=\"13313\" target=\"_blank\" rel=\"noreferrer noopener\">Pourquoi faut-il r\u00e9cup\u00e9rer les eaux de pluie ?<\/a><\/em>\u00ab\u00a0<\/li>\n\n\n\n<li>Capsule tutoriel \u00ab\u00a0<em><a href=\"https:\/\/www.archiurbain.be\/?p=13315\" data-type=\"post\" data-id=\"13315\" target=\"_blank\" rel=\"noreferrer noopener\">C\u2019est quoi une eau grise ? Que faut-il en faire ?<\/a><\/em>\u00ab\u00a0<\/li>\n<\/ul>\n\n\n\n<figure class=\"wp-block-image size-large\"><a href=\"https:\/\/www.archiurbain.be\/wp-content\/uploads\/2024\/07\/AU1925-cover.jpg\"><img loading=\"lazy\" decoding=\"async\" width=\"1024\" height=\"576\" src=\"https:\/\/www.archiurbain.be\/wp-content\/uploads\/2024\/07\/AU1925-cover-1024x576.jpg\" alt=\"\" class=\"wp-image-12942\" srcset=\"https:\/\/www.archiurbain.be\/wp-content\/uploads\/2024\/07\/AU1925-cover-1024x576.jpg 1024w, https:\/\/www.archiurbain.be\/wp-content\/uploads\/2024\/07\/AU1925-cover-300x169.jpg 300w, https:\/\/www.archiurbain.be\/wp-content\/uploads\/2024\/07\/AU1925-cover-768x432.jpg 768w, https:\/\/www.archiurbain.be\/wp-content\/uploads\/2024\/07\/AU1925-cover-1536x864.jpg 1536w, https:\/\/www.archiurbain.be\/wp-content\/uploads\/2024\/07\/AU1925-cover-160x90.jpg 160w, https:\/\/www.archiurbain.be\/wp-content\/uploads\/2024\/07\/AU1925-cover.jpg 1920w\" sizes=\"auto, (max-width: 1024px) 100vw, 1024px\" \/><\/a><\/figure>\n\n\n\n<p><strong><span style=\"text-decoration: underline;\">20 avril 2025 \u2013 \u00c9mission 27<\/span><\/strong><\/p>\n\n\n\n<p>Les immeubles d&rsquo;habitation construits dans la seconde moiti\u00e9 du 20e si\u00e8cle qui n&rsquo;ont pas ou peu \u00e9t\u00e9 r\u00e9nov\u00e9s pr\u00e9sentent aujourd&rsquo;hui de nombreuses d\u00e9ficiences en termes d&rsquo;efficacit\u00e9 \u00e9nerg\u00e9tique, de confort et de sant\u00e9 de leurs occupants. La mauvaise isolation thermique et l&rsquo;\u00e9tanch\u00e9it\u00e9 \u00e0 l&rsquo;air de l&rsquo;enveloppe du b\u00e2timent, la pr\u00e9sence de ponts thermiques, l&rsquo;absence de strat\u00e9gie de ventilation, la v\u00e9tust\u00e9 des syst\u00e8mes en sont autant de causes. Dans ce contexte, la r\u00e9novation du patrimoine culturel des soci\u00e9t\u00e9s d&rsquo;habitation repr\u00e9sente un v\u00e9ritable d\u00e9fi. Certaines solutions modernes de r\u00e9novation permettent de repenser la transformation de l&rsquo;habitat en se recentrant sur la qualit\u00e9 de vie de l&rsquo;occupant, y compris pendant les travaux. C&rsquo;est ce que montre le reportage sur le projet <strong>ABC Dumont<\/strong> que nous avons r\u00e9alis\u00e9 avec l&rsquo;architecte <strong>Marc Vande Perre<\/strong> du bureau <strong>aac architecture<\/strong>.<\/p>\n\n\n\n<p>Cette \u00e9mission a \u00e9t\u00e9 tourn\u00e9e en d\u00e9cembre 2024 lors de la tourn\u00e9e du film \u00ab\u00a0<a href=\"https:\/\/misteremma.com\/cinema-in-vivo-de-mister-emma\/\" target=\"_blank\" rel=\"noreferrer noopener\">In Vivo<\/a>\u00a0\u00bb de Mister Emma au <a href=\"https:\/\/www.archiurbain.be\/?p=13647\" data-type=\"post\" data-id=\"13647\">Br\u00e9sil<\/a>. Apr\u00e8s Brasilia et Sao Paulo, Mister Emma est \u00e0 l&rsquo;Institut d&rsquo;architecture de Rio de Janeiro. En compl\u00e9ment de la projection de son documentaire, il a demand\u00e9 \u00e0 son amie <strong>Julie Dumont<\/strong> de pr\u00e9senter en avant-premi\u00e8re mondiale son court-m\u00e9trage \u00ab\u00a0<strong>Tsunami Lento<\/strong>\u00a0\u00bb qui parle du ph\u00e9nom\u00e8ne d&rsquo;\u00e9rosion dont est victime le village de p\u00eacheurs <strong>Atafona<\/strong>, qui se situe au nord de Rio. Vous retrouverez dans cette \u00e9mission, un entretien exclusif de Julie Dumont.<\/p>\n\n\n\n<p class=\"has-vivid-green-cyan-background-color has-background\"><strong>BONUS WEB<\/strong> : nous vous proposons un portrait engag\u00e9 de <strong>C\u00e9line Vandewynckel<\/strong>, Ir. architecte et associ\u00e9e au sein du bureau <strong>aac<\/strong>.<\/p>\n\n\n\n<p class=\"has-black-color has-pale-pink-background-color has-text-color has-background has-link-color wp-elements-de5350eeb76c2b957c709248d1bc6750\"><strong>Voir les vid\u00e9os :<\/strong><\/p>\n\n\n\n<ul class=\"wp-block-list\">\n<li>\u00c9mission <em>27<\/em> &#8211; Archi Urbain<\/li>\n\n\n\n<li>Tsunami Lento &#8211; Julie Dumont<\/li>\n\n\n\n<li>Reportage <em>ABC Dumont<\/em><\/li>\n\n\n\n<li>Portrait Who&rsquo;s Who <em><a href=\"https:\/\/www.archiurbain.be\/?p=12393\" data-type=\"post\" data-id=\"12393\" target=\"_blank\" rel=\"noreferrer noopener\">aac<\/a><\/em><\/li>\n<\/ul>\n\n\n\n<figure class=\"wp-block-image size-large\"><a href=\"https:\/\/www.archiurbain.be\/wp-content\/uploads\/2024\/07\/AU1926-cover.jpg\"><img loading=\"lazy\" decoding=\"async\" width=\"1024\" height=\"576\" src=\"https:\/\/www.archiurbain.be\/wp-content\/uploads\/2024\/07\/AU1926-cover-1024x576.jpg\" alt=\"\" class=\"wp-image-12944\" srcset=\"https:\/\/www.archiurbain.be\/wp-content\/uploads\/2024\/07\/AU1926-cover-1024x576.jpg 1024w, https:\/\/www.archiurbain.be\/wp-content\/uploads\/2024\/07\/AU1926-cover-300x169.jpg 300w, https:\/\/www.archiurbain.be\/wp-content\/uploads\/2024\/07\/AU1926-cover-768x432.jpg 768w, https:\/\/www.archiurbain.be\/wp-content\/uploads\/2024\/07\/AU1926-cover-1536x864.jpg 1536w, https:\/\/www.archiurbain.be\/wp-content\/uploads\/2024\/07\/AU1926-cover-160x90.jpg 160w, https:\/\/www.archiurbain.be\/wp-content\/uploads\/2024\/07\/AU1926-cover.jpg 1920w\" sizes=\"auto, (max-width: 1024px) 100vw, 1024px\" \/><\/a><\/figure>\n\n\n\n<p><strong><span style=\"text-decoration: underline;\">27 avril 2025 \u2013 \u00c9mission 28<\/span><\/strong><\/p>\n\n\n\n<p>Le projet <strong>Kasteel<\/strong>, men\u00e9 par le bureau <strong>h\u00e9! architectuur<\/strong> et laur\u00e9at <strong>RENOLAB.B<\/strong>, parle de la transformation d\u2019un habitat style \u00ab&nbsp;maison de ma\u00eetre&nbsp;\u00bb en une habitation contemporaine tout en compactant les volumes pour donner plus de place \u00e0 la nature et proposer une r\u00e9novation avec des mat\u00e9riaux sains, naturels et d\u00e9montables. Ce projet parle aussi de l\u2019interconnexion des fonctions afin de rendre l\u2019habitat plus perm\u00e9able et faciliter les \u00e9changes entre les membres d\u2019une m\u00eame famille. Les architectes <strong>Hanne Eckelmans<\/strong> et<strong> Ren\u00e9e Verhulst<\/strong> vous font la visite.<\/p>\n\n\n\n<p>Dans la deuxi\u00e8me partie de l&rsquo;\u00e9mission, nous vous proposons un portrait engag\u00e9 de <strong>Anton Maertens<\/strong>, Business Developer au sein de <strong>BC Materials<\/strong>. Enfin, nous diffuserons une capsule tutoriel qui r\u00e9pond \u00e0 la question \u00ab\u00a0<em>C&rsquo;est quoi un mat\u00e9riau bio-sourc\u00e9 ?<\/em>\u00a0\u00bb par <strong>Arnaud Na\u00f4m\u00e9<\/strong>, Assistant &#8211; chercheur \/ <strong>LOCI<\/strong> et Facilitateur environnement \/ <strong>Union Wallonne des Architectes<\/strong>.<\/p>\n\n\n\n<p class=\"has-black-color has-pale-pink-background-color has-text-color has-background has-link-color wp-elements-de5350eeb76c2b957c709248d1bc6750\"><strong>Voir les vid\u00e9os :<\/strong><\/p>\n\n\n\n<ul class=\"wp-block-list\">\n<li>\u00c9mission <em>28<\/em> &#8211; Archi Urbain<\/li>\n\n\n\n<li>Reportage <em><a href=\"https:\/\/caviar.archi\/kasteel-brussels-belgium\/\">Kasteel<\/a><\/em><\/li>\n\n\n\n<li>Portrait Who&rsquo;s Who <em><a href=\"https:\/\/www.archiurbain.be\/?p=12411\" data-type=\"post\" data-id=\"12411\" target=\"_blank\" rel=\"noreferrer noopener\">BC Materials<\/a><\/em><\/li>\n\n\n\n<li>Capsule tutoriel \u00ab\u00a0<em><a href=\"https:\/\/www.archiurbain.be\/?p=13326\" data-type=\"post\" data-id=\"13326\" target=\"_blank\" rel=\"noreferrer noopener\">C&rsquo;est quoi un mat\u00e9riau bio-sourc\u00e9 ?<\/a><\/em>\u00ab\u00a0<\/li>\n<\/ul>\n\n\n\n<figure class=\"wp-block-image size-large\"><a href=\"https:\/\/www.archiurbain.be\/wp-content\/uploads\/2024\/07\/AU1927-cover.jpg\"><img loading=\"lazy\" decoding=\"async\" width=\"1024\" height=\"576\" src=\"https:\/\/www.archiurbain.be\/wp-content\/uploads\/2024\/07\/AU1927-cover-1024x576.jpg\" alt=\"\" class=\"wp-image-12946\" srcset=\"https:\/\/www.archiurbain.be\/wp-content\/uploads\/2024\/07\/AU1927-cover-1024x576.jpg 1024w, https:\/\/www.archiurbain.be\/wp-content\/uploads\/2024\/07\/AU1927-cover-300x169.jpg 300w, https:\/\/www.archiurbain.be\/wp-content\/uploads\/2024\/07\/AU1927-cover-768x432.jpg 768w, https:\/\/www.archiurbain.be\/wp-content\/uploads\/2024\/07\/AU1927-cover-1536x864.jpg 1536w, https:\/\/www.archiurbain.be\/wp-content\/uploads\/2024\/07\/AU1927-cover-160x90.jpg 160w, https:\/\/www.archiurbain.be\/wp-content\/uploads\/2024\/07\/AU1927-cover.jpg 1920w\" sizes=\"auto, (max-width: 1024px) 100vw, 1024px\" \/><\/a><\/figure>\n\n\n\n<p><strong><span style=\"text-decoration: underline;\">04 mai 2025<\/span><\/strong><\/p>\n\n\n\n<p>Pas d&rsquo;\u00e9mission en raison des vacances scolaires de Printemps<\/p>\n\n\n\n<p><strong><span style=\"text-decoration: underline;\">11 mai 2025<\/span><\/strong><\/p>\n\n\n\n<p>Pas d&rsquo;\u00e9mission en raison des vacances scolaires de Printemps<\/p>\n\n\n\n<p><strong><span style=\"text-decoration: underline;\">18 mai 2025 \u2013 \u00c9mission 29<\/span><\/strong><\/p>\n\n\n\n<p>Dans le cadre d&rsquo;une <strong>mission \u00e9conomique<\/strong> men\u00e9e par <strong>hub.brussels<\/strong> \u00e0 <strong>Copenhague<\/strong> en juin 2024, Mister Emma s&rsquo;est rendu sur le projet <strong>Living Places<\/strong> pour y rencontrer l&rsquo;architecte <strong>Tue Foged<\/strong> (Co-founder, Creative Director, MAA M.Arch \u2013 <strong>EFFEKT<\/strong>), <strong>Yves Sottiaux<\/strong> (Market Director Belgium + Luxembourg de <strong>VELUX<\/strong>) et <strong>Nicole Di Santo<\/strong> (Sustainable Buildings Specialist \u2013 <strong>VELUX<\/strong>). Le concept Living Places pr\u00e9sente l&#8217;empreinte CO2 la plus faible du Danemark et un climat int\u00e9rieur de premi\u00e8re classe, d\u00e9montrant ainsi qu&rsquo;il n&rsquo;est pas n\u00e9cessaire d&rsquo;attendre les technologies futures pour construire des habitations beaucoup plus durables, saines et agr\u00e9ables \u00e0 vivre.<br>En partant de la base, chaque \u00e9l\u00e9ment du b\u00e2timent a \u00e9t\u00e9 optimis\u00e9 pour obtenir la meilleure constellation de prix. Le climat int\u00e9rieur et l&#8217;empreinte carbone, avec une attention particuli\u00e8re accord\u00e9e \u00e0 l&rsquo;enveloppe du b\u00e2timent o\u00f9 des \u00e9conomies significatives de CO2 peuvent \u00eatre r\u00e9alis\u00e9es.<br>En collaboration avec les partenaires EFFEKT architects, le bureau d&rsquo;\u00e9tudes ARTELIA et l&rsquo;entrepreneur Enem\u00e6rke &amp; Petersen, le projet comprend sept prototypes \u00e0 l&rsquo;\u00e9chelle r\u00e9elle : cinq pavillons ouverts et deux maisons unifamiliales achev\u00e9es.<\/p>\n\n\n\n<p>Dans la deuxi\u00e8me partie de l&rsquo;\u00e9mission, nous vous proposons un focus sur les engagements vertueux de la soci\u00e9t\u00e9 <strong>VELUX<\/strong> et nous diffuserons une capsule tutoriel qui r\u00e9pond \u00e0 la question \u00ab\u00a0<em>C\u2019est quoi la biophilie ?<\/em>\u00a0\u00bb par <strong>Steven Ware<\/strong>, Architecte partenaire chez <strong>ArtBuild Architects<\/strong>.<\/p>\n\n\n\n<p class=\"has-black-color has-pale-pink-background-color has-text-color has-background has-link-color wp-elements-de5350eeb76c2b957c709248d1bc6750\"><strong>Voir les vid\u00e9os :<\/strong><\/p>\n\n\n\n<ul class=\"wp-block-list\">\n<li>\u00c9mission <em>29<\/em> &#8211; Archi Urbain<\/li>\n\n\n\n<li>Reportage <em><a href=\"https:\/\/caviar.archi\/living-places-copenhagen-denmark\/\" target=\"_blank\" rel=\"noreferrer noopener\">Living Places<\/a><\/em><\/li>\n\n\n\n<li>Portrait Who&rsquo;s Who <em><a href=\"https:\/\/www.archiurbain.be\/?p=12743\" data-type=\"post\" data-id=\"12743\" target=\"_blank\" rel=\"noreferrer noopener\">Velux<\/a><\/em><\/li>\n\n\n\n<li>Capsule tutoriel \u00ab\u00a0<em><a href=\"https:\/\/www.archiurbain.be\/?p=13304\" data-type=\"post\" data-id=\"13304\" target=\"_blank\" rel=\"noreferrer noopener\">C\u2019est quoi la biophilie ?<\/a><\/em>\u00ab\u00a0<\/li>\n<\/ul>\n\n\n\n<figure class=\"wp-block-image size-large\"><a href=\"https:\/\/www.archiurbain.be\/wp-content\/uploads\/2024\/07\/AU1928-cover.jpg\"><img loading=\"lazy\" decoding=\"async\" width=\"1024\" height=\"576\" src=\"https:\/\/www.archiurbain.be\/wp-content\/uploads\/2024\/07\/AU1928-cover-1024x576.jpg\" alt=\"\" class=\"wp-image-12948\" srcset=\"https:\/\/www.archiurbain.be\/wp-content\/uploads\/2024\/07\/AU1928-cover-1024x576.jpg 1024w, https:\/\/www.archiurbain.be\/wp-content\/uploads\/2024\/07\/AU1928-cover-300x169.jpg 300w, https:\/\/www.archiurbain.be\/wp-content\/uploads\/2024\/07\/AU1928-cover-768x432.jpg 768w, https:\/\/www.archiurbain.be\/wp-content\/uploads\/2024\/07\/AU1928-cover-1536x864.jpg 1536w, https:\/\/www.archiurbain.be\/wp-content\/uploads\/2024\/07\/AU1928-cover-160x90.jpg 160w, https:\/\/www.archiurbain.be\/wp-content\/uploads\/2024\/07\/AU1928-cover.jpg 1920w\" sizes=\"auto, (max-width: 1024px) 100vw, 1024px\" \/><\/a><\/figure>\n\n\n\n<p><strong><span style=\"text-decoration: underline;\">25 mai 2025 \u2013 \u00c9mission 30<\/span><\/strong><\/p>\n\n\n\n<p>Dans le projet <strong>BARA<\/strong>, <strong>Les Petits Riens<\/strong> vont mettre sur le march\u00e9 33 logements en location via une AIS et de nombreux services d\u2019accompagnements, de formation de d&rsquo;accueil tant pour les locataires que pour le quartier avec un riche programme de coh\u00e9sion sociale. Afin de mener \u00e0 bien la r\u00e9novation du site, les ma\u00eetres d\u2019ouvrage ont fait appel \u00e0 <strong>Nest Architects<\/strong> et <strong>Thomas &amp; Piron<\/strong> qui ont \u00e9t\u00e9 chercher des entreprises sociales et locales comme partenaires du volet \u00ab&nbsp;sustainable&nbsp;\u00bb et engag\u00e9 de leur propositions architecturales : <strong>BatiTerre, Atelier de l\u2019Avenir, Sonian Wood<\/strong>, \u2026<\/p>\n\n\n\n<p>Dans ce reportage, vous entendrez le t\u00e9moignage de <strong>Beno\u00eet Velge<\/strong> (Ma\u00eetre d&rsquo;ouvrage d\u00e9l\u00e9gu\u00e9 &#8211; <strong>Les Deux Ch\u00e2teaux<\/strong>), <strong>Audrey<\/strong> (Gestionnaire du projet BARA &#8211; <strong>Les Petits Riens<\/strong>), <strong>Julien Ciesielski<\/strong> (Administrateur d\u00e9l\u00e9gu\u00e9 &#8211; <strong>Les Petits Riens Immo<\/strong>), <strong>Victor Spinazze<\/strong> (Gestionnaire de chantier &#8211; <strong>Thomas &amp; Piron<\/strong>), <strong>Victor Kisielewicz<\/strong> (Responsable technique &#8211; <strong>BatiTerre<\/strong>), <strong>Stephan Kampelmann<\/strong> (Co-funder &amp; Managing Director &#8211; <strong>Sonian Wood Coop<\/strong>) et les architectes <strong>St\u00e9phanie Roose<\/strong>, <strong>Camille Knauf<\/strong> et <strong>Claire Margulis<\/strong> du bureau <strong>NEST Architects<\/strong>.<\/p>\n\n\n\n<p class=\"has-light-green-cyan-background-color has-background\"><strong>BONUS WEB<\/strong> : nous vous proposons un portrait engag\u00e9 de <strong>Laurent Schiltz<\/strong>, Secr\u00e9taire g\u00e9n\u00e9ral de <strong>Embuild<\/strong>.<\/p>\n\n\n\n<p class=\"has-black-color has-pale-pink-background-color has-text-color has-background has-link-color wp-elements-de5350eeb76c2b957c709248d1bc6750\"><strong>Voir les vid\u00e9os :<\/strong><\/p>\n\n\n\n<ul class=\"wp-block-list\">\n<li>\u00c9mission <em>30<\/em> &#8211; Archi Urbain<\/li>\n\n\n\n<li>Reportage <em>BARA<\/em><\/li>\n\n\n\n<li>Portrait Who&rsquo;s Who <em><a href=\"https:\/\/www.archiurbain.be\/?p=12419\" data-type=\"post\" data-id=\"12419\" target=\"_blank\" rel=\"noreferrer noopener\">Embuild<\/a><\/em><\/li>\n<\/ul>\n\n\n\n<figure class=\"wp-block-image size-large\"><a href=\"https:\/\/www.archiurbain.be\/wp-content\/uploads\/2024\/07\/AU1929-cover.jpg\"><img loading=\"lazy\" decoding=\"async\" width=\"1024\" height=\"576\" src=\"https:\/\/www.archiurbain.be\/wp-content\/uploads\/2024\/07\/AU1929-cover-1024x576.jpg\" alt=\"\" class=\"wp-image-12950\" srcset=\"https:\/\/www.archiurbain.be\/wp-content\/uploads\/2024\/07\/AU1929-cover-1024x576.jpg 1024w, https:\/\/www.archiurbain.be\/wp-content\/uploads\/2024\/07\/AU1929-cover-300x169.jpg 300w, https:\/\/www.archiurbain.be\/wp-content\/uploads\/2024\/07\/AU1929-cover-768x432.jpg 768w, https:\/\/www.archiurbain.be\/wp-content\/uploads\/2024\/07\/AU1929-cover-1536x864.jpg 1536w, https:\/\/www.archiurbain.be\/wp-content\/uploads\/2024\/07\/AU1929-cover-160x90.jpg 160w, https:\/\/www.archiurbain.be\/wp-content\/uploads\/2024\/07\/AU1929-cover.jpg 1920w\" sizes=\"auto, (max-width: 1024px) 100vw, 1024px\" \/><\/a><\/figure>\n\n\n\n<p><strong><span style=\"text-decoration: underline;\">01 juin 2025 \u2013 \u00c9mission 31<\/span><\/strong><\/p>\n\n\n\n<p>Dans cette \u00e9mission, nous retrouvons le bureau <strong>Nest Architects<\/strong> pour une second projet laur\u00e9at <strong>RENOLAB.B<\/strong> : <strong>Van Volxem<\/strong>. Dans ce projet dont le ma\u00eetre d&rsquo;ouvrage est, \u00e9galement, Les Petits Riens, le bureau d&rsquo;architecture, via une prise de paroles de <strong>St\u00e9phanie Roose<\/strong> et <strong>Yousra Ait Benasser<\/strong>, nous pr\u00e9sente un travail li\u00e9 au r\u00e9-emploi pour la cr\u00e9ation d&rsquo;un centre de jour.<\/p>\n\n\n\n<p>Ensuite, nous partie \u00e0 la rue van Soust, au projet <strong>Thermotopie<\/strong> men\u00e9 par le bureau d&rsquo;architecture <strong>hyl\u00e9<\/strong> car aujourd&rsquo;hui, les architectes et l&rsquo;entreprise g\u00e9n\u00e9rale re\u00e7oit une visite de <strong>Yannick D&rsquo;Ottreppe<\/strong>, coordinateur de projet chez <strong>RENOLAB.B<\/strong>. Pour rappel, ce projet consiste en l&rsquo;extension d&rsquo;une maison unifamiliale, situ\u00e9e \u00e0 Anderlecht, en toiture pour cr\u00e9er un logement kangourou. La construction se veut durable en utilisant notamment des mat\u00e9riaux naturels ou de r\u00e9cup\u00e9ration. Elle vise la sobri\u00e9t\u00e9 \u00e9nerg\u00e9tique et une attention particuli\u00e8re est aussi port\u00e9e \u00e0 la biodiversit\u00e9.<\/p>\n\n\n\n<p>Enfin, nous vous proposons un tutoriel qui vous explique le programme <strong>RENOLAB.ID<\/strong> de la R\u00e9gion Bruxelles-Capitale, par <strong>Pascale Hourman<\/strong>, Porte-parole de <strong>Bruxelles-Environnement<\/strong>.<\/p>\n\n\n\n<p class=\"has-light-green-cyan-background-color has-background\"><strong>BONUS WEB<\/strong> : nous vous proposons un portrait engag\u00e9 de <strong>David Roulin<\/strong>, CEO de <strong>ArtBuild Architects<\/strong>.<\/p>\n\n\n\n<p class=\"has-black-color has-pale-pink-background-color has-text-color has-background has-link-color wp-elements-de5350eeb76c2b957c709248d1bc6750\"><strong>Voir les vid\u00e9os :<\/strong><\/p>\n\n\n\n<ul class=\"wp-block-list\">\n<li>\u00c9mission <em>31<\/em> &#8211; Archi Urbain<\/li>\n\n\n\n<li>Reportage <em>Van Volxsem<\/em><\/li>\n\n\n\n<li>Reportage <em>Thermotopie<\/em><\/li>\n\n\n\n<li>Portrait Who&rsquo;s Who <em><a href=\"https:\/\/www.archiurbain.be\/?p=12682\" data-type=\"post\" data-id=\"12682\" target=\"_blank\" rel=\"noreferrer noopener\">ArtBuild Architects<\/a><\/em><\/li>\n\n\n\n<li>Capsule tutoriel \u00ab\u00a0<em><a href=\"https:\/\/www.archiurbain.be\/?p=13341\" data-type=\"post\" data-id=\"13341\" target=\"_blank\" rel=\"noreferrer noopener\">Quelles sont les objectifs du programme RENOLAB ID ?<\/a><\/em>\u00ab\u00a0<\/li>\n<\/ul>\n\n\n\n<figure class=\"wp-block-image size-large\"><a href=\"https:\/\/www.archiurbain.be\/wp-content\/uploads\/2024\/07\/AU1931-cover.jpg\"><img loading=\"lazy\" decoding=\"async\" width=\"1024\" height=\"576\" src=\"https:\/\/www.archiurbain.be\/wp-content\/uploads\/2024\/07\/AU1931-cover-1024x576.jpg\" alt=\"\" class=\"wp-image-12954\" srcset=\"https:\/\/www.archiurbain.be\/wp-content\/uploads\/2024\/07\/AU1931-cover-1024x576.jpg 1024w, https:\/\/www.archiurbain.be\/wp-content\/uploads\/2024\/07\/AU1931-cover-300x169.jpg 300w, https:\/\/www.archiurbain.be\/wp-content\/uploads\/2024\/07\/AU1931-cover-768x432.jpg 768w, https:\/\/www.archiurbain.be\/wp-content\/uploads\/2024\/07\/AU1931-cover-1536x864.jpg 1536w, https:\/\/www.archiurbain.be\/wp-content\/uploads\/2024\/07\/AU1931-cover-160x90.jpg 160w, https:\/\/www.archiurbain.be\/wp-content\/uploads\/2024\/07\/AU1931-cover.jpg 1920w\" sizes=\"auto, (max-width: 1024px) 100vw, 1024px\" \/><\/a><\/figure>\n\n\n\n<p><strong><span style=\"text-decoration: underline;\">08 juin 2025 \u2013 \u00c9mission 32<\/span><\/strong><\/p>\n\n\n\n<p>Dans la pr\u00e9c\u00e9dente \u00e9mission, nous vous avons expliqu\u00e9 le projet de la R\u00e9gion Bruxelles-Capitale, <strong>RENOLAB.ID<\/strong>, chapeaut\u00e9 par Bruxelles Environnement. Dans cette \u00e9mission, nous vous proposons d&rsquo;entrer plus en d\u00e9tail en compagnie de <strong>C\u00e9line Jeanmart<\/strong>.<\/p>\n\n\n\n<p>Ensuite, nous retournerons \u00e0 la rue van Soust o\u00f9 la fa\u00e7ade du projet <strong>Thermotopie<\/strong> a bien \u00e9volu\u00e9. L&rsquo;architecte <strong>Romina Dargenton<\/strong> du bureau <strong>hyl\u00e9<\/strong> nous pr\u00e9sente l&rsquo;\u00e9volution du chantier. Pour rappel, ce projet consiste en l&rsquo;extension d&rsquo;une maison unifamiliale, situ\u00e9e \u00e0 Anderlecht, en toiture pour cr\u00e9er un logement kangourou. La construction se veut durable en utilisant notamment des mat\u00e9riaux naturels ou de r\u00e9cup\u00e9ration. Elle vise la sobri\u00e9t\u00e9 \u00e9nerg\u00e9tique et une attention particuli\u00e8re est aussi port\u00e9e \u00e0 la biodiversit\u00e9.<\/p>\n\n\n\n<p>Enfin, nous vous proposons un portrait engag\u00e9 de l\u2019architecte <strong>Lilia Poptcheva<\/strong>, <strong>DDS+<\/strong> et nous diffuserons une capsule tutoriel qui r\u00e9pond \u00e0 la question \u00ab\u00a0<em>Pourquoi c\u2019est important de cr\u00e9er des b\u00e2timents modulables ?<\/em>\u00a0\u00bb par l&rsquo;architecte <strong>Steven Beckers<\/strong>, Expert en \u00e9conomie spiral\u00e9e chez <strong>BoPro<\/strong>.<\/p>\n\n\n\n<p class=\"has-black-color has-pale-pink-background-color has-text-color has-background has-link-color wp-elements-de5350eeb76c2b957c709248d1bc6750\"><strong>Voir les vid\u00e9os :<\/strong><\/p>\n\n\n\n<ul class=\"wp-block-list\">\n<li>\u00c9mission <em>32<\/em> &#8211; Archi Urbain<\/li>\n\n\n\n<li>Reportage <em>Thermotopie<\/em><\/li>\n\n\n\n<li>Portrait Who&rsquo;s Who <em><a href=\"https:\/\/www.archiurbain.be\/?p=12417\" data-type=\"post\" data-id=\"12417\">DDS+<\/a><\/em><\/li>\n\n\n\n<li>Capsule tutoriel \u00ab\u00a0<em><a href=\"https:\/\/www.archiurbain.be\/?p=13298\" data-type=\"post\" data-id=\"13298\" target=\"_blank\" rel=\"noreferrer noopener\">Pourquoi c\u2019est important de cr\u00e9er des b\u00e2timents modulables ?<\/a><\/em>\u00ab\u00a0<\/li>\n<\/ul>\n\n\n\n<figure class=\"wp-block-image size-large\"><a href=\"https:\/\/www.archiurbain.be\/wp-content\/uploads\/2024\/07\/AU1932-cover.jpg\"><img loading=\"lazy\" decoding=\"async\" width=\"1024\" height=\"576\" src=\"https:\/\/www.archiurbain.be\/wp-content\/uploads\/2024\/07\/AU1932-cover-1024x576.jpg\" alt=\"\" class=\"wp-image-13480\" srcset=\"https:\/\/www.archiurbain.be\/wp-content\/uploads\/2024\/07\/AU1932-cover-1024x576.jpg 1024w, https:\/\/www.archiurbain.be\/wp-content\/uploads\/2024\/07\/AU1932-cover-300x169.jpg 300w, https:\/\/www.archiurbain.be\/wp-content\/uploads\/2024\/07\/AU1932-cover-768x432.jpg 768w, https:\/\/www.archiurbain.be\/wp-content\/uploads\/2024\/07\/AU1932-cover-1536x864.jpg 1536w, https:\/\/www.archiurbain.be\/wp-content\/uploads\/2024\/07\/AU1932-cover-160x90.jpg 160w, https:\/\/www.archiurbain.be\/wp-content\/uploads\/2024\/07\/AU1932-cover.jpg 1920w\" sizes=\"auto, (max-width: 1024px) 100vw, 1024px\" \/><\/a><\/figure>\n\n\n\n<p><strong><span style=\"text-decoration: underline;\">15 juin 2025 \u2013 \u00c9mission 33<\/span><\/strong><\/p>\n\n\n\n<p>Nous vous invitons \u00e0 faire la connaissance de l&rsquo;architecte <strong>Alexandru Patrichi<\/strong> via un portrait engag\u00e9 et via une visite d&rsquo;un projet qu&rsquo;il a r\u00e9alis\u00e9 dans la p\u00e9riph\u00e9rie bruxelloise.<\/p>\n\n\n\n<p>Dans la derni\u00e8re partie de l&rsquo;\u00e9mission, nous vous proposons une capsule tutoriel qui r\u00e9pond \u00e0 la question \u00ab\u00a0<em>C\u2019est quoi le biomim\u00e9tisme ?<\/em>\u00a0\u00bb par <strong>Steven Ware<\/strong>, Architecte partenaire chez <strong>ArtBuild Architects<\/strong>. Et, enfin, nous vous proposons un portrait engag\u00e9 de <strong>Idris Goossens<\/strong>, CEO de <strong>Proptech Lab<\/strong>.<\/p>\n\n\n\n<p class=\"has-black-color has-pale-pink-background-color has-text-color has-background has-link-color wp-elements-de5350eeb76c2b957c709248d1bc6750\"><strong>Voir les vid\u00e9os :<\/strong><\/p>\n\n\n\n<ul class=\"wp-block-list\">\n<li>\u00c9mission <em>33<\/em> &#8211; Archi Urbain<\/li>\n\n\n\n<li>Portrait Who&rsquo;s Who <em><a href=\"https:\/\/www.archiurbain.be\/?p=12680\" data-type=\"post\" data-id=\"12680\" target=\"_blank\" rel=\"noreferrer noopener\">Alexandru Patrichi Architecture<\/a><\/em><\/li>\n\n\n\n<li>Portrait Who&rsquo;s Who <em><a href=\"https:\/\/www.archiurbain.be\/?p=12429\" data-type=\"post\" data-id=\"12429\" target=\"_blank\" rel=\"noreferrer noopener\">Proptech Lab<\/a><\/em><\/li>\n\n\n\n<li>Capsule tutoriel \u00ab\u00a0<em><a href=\"https:\/\/www.archiurbain.be\/?p=13302\" data-type=\"post\" data-id=\"13302\" target=\"_blank\" rel=\"noreferrer noopener\">C\u2019est quoi le biomim\u00e9tisme ?<\/a>\u00ab\u00a0<\/em><\/li>\n<\/ul>\n\n\n\n<figure class=\"wp-block-image size-large\"><a href=\"https:\/\/www.archiurbain.be\/wp-content\/uploads\/2024\/07\/AU1933-cover.jpg\"><img loading=\"lazy\" decoding=\"async\" width=\"1024\" height=\"576\" src=\"https:\/\/www.archiurbain.be\/wp-content\/uploads\/2024\/07\/AU1933-cover-1024x576.jpg\" alt=\"\" class=\"wp-image-12956\" srcset=\"https:\/\/www.archiurbain.be\/wp-content\/uploads\/2024\/07\/AU1933-cover-1024x576.jpg 1024w, https:\/\/www.archiurbain.be\/wp-content\/uploads\/2024\/07\/AU1933-cover-300x169.jpg 300w, https:\/\/www.archiurbain.be\/wp-content\/uploads\/2024\/07\/AU1933-cover-768x432.jpg 768w, https:\/\/www.archiurbain.be\/wp-content\/uploads\/2024\/07\/AU1933-cover-1536x864.jpg 1536w, https:\/\/www.archiurbain.be\/wp-content\/uploads\/2024\/07\/AU1933-cover-160x90.jpg 160w, https:\/\/www.archiurbain.be\/wp-content\/uploads\/2024\/07\/AU1933-cover.jpg 1920w\" sizes=\"auto, (max-width: 1024px) 100vw, 1024px\" \/><\/a><\/figure>\n\n\n\n<p><strong><span style=\"text-decoration: underline;\">22 juin 2025 \u2013 \u00c9mission 34<\/span><\/strong><\/p>\n\n\n\n<p>Faisons connaissance avec <strong>Amandine Tiberghien<\/strong>, ma\u00eetre d&rsquo;ouvrage du projet <strong>La Montagne<\/strong> qui se situe au 94 avenue Sleeckx \u00e0 Schaerbeek. Les ma\u00eetres d&rsquo;ouvrage ont eu l&rsquo;intention de cr\u00e9er un habitat group\u00e9 interg\u00e9n\u00e9rationnel de neuf m\u00e9nages avec une vision particuli\u00e8rement durable : r\u00e9cup\u00e9ration de mat\u00e9riaux, gestion de l\u2019eau de pluie et grise, exp\u00e9rimentation Renolab, notamment au niveau de la biodiversit\u00e9. Plus concr\u00e8tement, le projet se compose de deux b\u00e2timents de logements, de nombreux espaces communs dont une salle polyvalente de 200m\u00b2, un jardin, une toiture r\u00e9cr\u00e9ative potag\u00e8re et une toiture v\u00e9g\u00e9talis\u00e9e. L&rsquo;objectif de La Montagne est de cr\u00e9er un organisme vivant, \u00e9cologique, circulaire, innovant et ouvert sur son environnement.<\/p>\n\n\n\n<p>Dans la seconde partie de l&rsquo;\u00e9mission, nous vous proposons la diffusion d&rsquo;une capsule tutoriel qui r\u00e9pond \u00e0 la question \u00ab\u00a0<em>C&rsquo;est quoi la biodiversit\u00e9 en ville ?<\/em>\u00a0\u00bb par l&rsquo;architecte <strong>Steven Beckers<\/strong>, Expert en \u00e9conomie spiral\u00e9e chez <strong>BoPro<\/strong>.<\/p>\n\n\n\n<p class=\"has-light-green-cyan-background-color has-background\"><strong>BONUS WEB<\/strong> : nous vous proposons un portrait engag\u00e9 de <strong>Salima Kuen<\/strong>, Responsable du d\u00e9partement Research &amp; Innovation au sein d\u2019<strong>assar architects<\/strong>.<\/p>\n\n\n\n<p class=\"has-black-color has-pale-pink-background-color has-text-color has-background has-link-color wp-elements-de5350eeb76c2b957c709248d1bc6750\"><strong>Voir les vid\u00e9os :<\/strong><\/p>\n\n\n\n<ul class=\"wp-block-list\">\n<li>\u00c9mission <em>34<\/em> &#8211; Archi Urbain<\/li>\n\n\n\n<li>Reportage <em>La Montagne<\/em><\/li>\n\n\n\n<li>Portrait Who&rsquo;s Who <em><a href=\"https:\/\/www.archiurbain.be\/?p=12399\" data-type=\"post\" data-id=\"12399\" target=\"_blank\" rel=\"noreferrer noopener\">assar<\/a><\/em><\/li>\n\n\n\n<li>Capsule tutoriel \u00ab\u00a0<em><a href=\"https:\/\/www.archiurbain.be\/?p=13300\" data-type=\"post\" data-id=\"13300\" target=\"_blank\" rel=\"noreferrer noopener\">C&rsquo;est quoi la biodiversit\u00e9 en ville ?<\/a>\u00ab\u00a0<\/em><\/li>\n<\/ul>\n\n\n\n<figure class=\"wp-block-image size-large\"><a href=\"https:\/\/www.archiurbain.be\/wp-content\/uploads\/2024\/07\/AU1934-cover.jpg\"><img loading=\"lazy\" decoding=\"async\" width=\"1024\" height=\"576\" src=\"https:\/\/www.archiurbain.be\/wp-content\/uploads\/2024\/07\/AU1934-cover-1024x576.jpg\" alt=\"\" class=\"wp-image-12958\" srcset=\"https:\/\/www.archiurbain.be\/wp-content\/uploads\/2024\/07\/AU1934-cover-1024x576.jpg 1024w, https:\/\/www.archiurbain.be\/wp-content\/uploads\/2024\/07\/AU1934-cover-300x169.jpg 300w, https:\/\/www.archiurbain.be\/wp-content\/uploads\/2024\/07\/AU1934-cover-768x432.jpg 768w, https:\/\/www.archiurbain.be\/wp-content\/uploads\/2024\/07\/AU1934-cover-1536x864.jpg 1536w, https:\/\/www.archiurbain.be\/wp-content\/uploads\/2024\/07\/AU1934-cover-160x90.jpg 160w, https:\/\/www.archiurbain.be\/wp-content\/uploads\/2024\/07\/AU1934-cover.jpg 1920w\" sizes=\"auto, (max-width: 1024px) 100vw, 1024px\" \/><\/a><\/figure>\n\n\n\n<p><strong><span style=\"text-decoration: underline;\">29 juin 2025 \u2013 \u00c9mission 35<\/span><\/strong><\/p>\n\n\n\n<p>Nous vous invitons \u00e0 rester dans le projet <strong>La Montagne<\/strong> que nous avons vu dans l&rsquo;\u00e9mission pr\u00e9c\u00e9dente mais cette fois-ci avec le regard de l&rsquo;architecte <strong>Rapha\u00ebl Bourgois<\/strong>, Charg\u00e9 de projet au sein de <strong>GS3 architectes<\/strong>. Le projet consiste en un habitat group\u00e9 interg\u00e9n\u00e9rationnel compos\u00e9 de neuf m\u00e9nages et implant\u00e9 sur un site schaerbeekois \u00e0 caract\u00e8re patrimonial. Il se compose de deux b\u00e2timents de logements, de nombreux espaces communs dont une salle polyvalente de 200m\u00b2, un jardin, une toiture r\u00e9cr\u00e9ative potag\u00e8re et une toiture v\u00e9g\u00e9talis\u00e9e. L&rsquo;objectif de La Montagne est de cr\u00e9er un organisme vivant, \u00e9cologique, circulaire, innovant et ouvert sur son environnement.<\/p>\n\n\n\n<p>Dans la seconde partie de l&rsquo;\u00e9mission, nous vous proposons un portrait de l&rsquo;architecte <strong>Vincent Dehon<\/strong>, fondateur de <strong>GS3 architectes<\/strong> ainsi que la diffusion de deux capsules <em>tutoriel<\/em> qui r\u00e9pondent aux questions \u00ab\u00a0<em>C\u2019est quoi le regenerative design ?<\/em>\u00a0\u00bb par l&rsquo;architecte <strong>Sebastian Moreno-Vacca<\/strong> (<strong>A2M<\/strong>) et \u00ab\u00a0<em>\u00c7a sert \u00e0 quoi les toitures v\u00e9g\u00e9tales ?<\/em>\u00a0\u00bb par l&rsquo;architecte <strong>Steven Beckers<\/strong>, Expert en \u00e9conomie spiral\u00e9e chez <strong>BoPro<\/strong>.<\/p>\n\n\n\n<p class=\"has-black-color has-pale-pink-background-color has-text-color has-background has-link-color wp-elements-de5350eeb76c2b957c709248d1bc6750\"><strong>Voir les vid\u00e9os :<\/strong><\/p>\n\n\n\n<ul class=\"wp-block-list\">\n<li>\u00c9mission <em>35<\/em> &#8211; Archi Urbain<\/li>\n\n\n\n<li>Reportage <em>La Montagne<\/em><\/li>\n\n\n\n<li>Portrait Who&rsquo;s Who <em><a href=\"https:\/\/www.archiurbain.be\/?p=12812\" data-type=\"post\" data-id=\"12812\" target=\"_blank\" rel=\"noreferrer noopener\">GS3<\/a><\/em><\/li>\n\n\n\n<li>Capsule tutoriel \u00ab\u00a0<em><a href=\"https:\/\/www.archiurbain.be\/?p=13337\" data-type=\"post\" data-id=\"13337\" target=\"_blank\" rel=\"noreferrer noopener\">C\u2019est quoi le regenerative design ?<\/a>\u00ab\u00a0<\/em><\/li>\n\n\n\n<li>Capsule tutoriel \u00ab\u00a0<em><a href=\"https:\/\/www.archiurbain.be\/?p=13347\" data-type=\"post\" data-id=\"13347\" target=\"_blank\" rel=\"noreferrer noopener\">\u00c7a sert \u00e0 quoi les toitures v\u00e9g\u00e9tales ?<\/a><\/em>\u00ab\u00a0<\/li>\n<\/ul>\n\n\n\n<figure class=\"wp-block-image size-large\"><a href=\"https:\/\/www.archiurbain.be\/wp-content\/uploads\/2024\/07\/AU1935-cover.jpg\"><img loading=\"lazy\" decoding=\"async\" width=\"1024\" height=\"576\" src=\"https:\/\/www.archiurbain.be\/wp-content\/uploads\/2024\/07\/AU1935-cover-1024x576.jpg\" alt=\"\" class=\"wp-image-12960\" srcset=\"https:\/\/www.archiurbain.be\/wp-content\/uploads\/2024\/07\/AU1935-cover-1024x576.jpg 1024w, https:\/\/www.archiurbain.be\/wp-content\/uploads\/2024\/07\/AU1935-cover-300x169.jpg 300w, https:\/\/www.archiurbain.be\/wp-content\/uploads\/2024\/07\/AU1935-cover-768x432.jpg 768w, https:\/\/www.archiurbain.be\/wp-content\/uploads\/2024\/07\/AU1935-cover-1536x864.jpg 1536w, https:\/\/www.archiurbain.be\/wp-content\/uploads\/2024\/07\/AU1935-cover-160x90.jpg 160w, https:\/\/www.archiurbain.be\/wp-content\/uploads\/2024\/07\/AU1935-cover.jpg 1920w\" sizes=\"auto, (max-width: 1024px) 100vw, 1024px\" \/><\/a><\/figure>\n","protected":false},"excerpt":{"rendered":"<p>Archi Urbain&nbsp;lance un laboratoire de la r\u00e9novation \/ construction saine et durable \u00e0 Bruxelles. Le LaboNord entend montrer les bonnes pratiques pour r\u00e9nover son habitat avec des mat\u00e9riaux sains tant pour le bien immobilier que pour ses habitants et habitantes, tout en limitant au maximum les d\u00e9perditions d&rsquo;\u00e9nergie. En prenant un chantier pilote situ\u00e9 dans la commune de Sant-Josse-ten-Noode comme personnage fil rouge, Mister Emma &hellip; <a href=\"https:\/\/www.archiurbain.be\/?p=12836\" class=\"more-link\">Continuer de lire <span class=\"screen-reader-text\">BX1 : \u00c9missions de la saison 19 (2024-2025)<\/span><\/a><\/p>\n","protected":false},"author":1,"featured_media":0,"comment_status":"open","ping_status":"open","sticky":false,"template":"","format":"standard","meta":{"_monsterinsights_skip_tracking":false,"_monsterinsights_sitenote_active":false,"_monsterinsights_sitenote_note":"","_monsterinsights_sitenote_category":0,"_jetpack_memberships_contains_paid_content":false,"footnotes":""},"categories":[3377,8,5435,3379],"tags":[5532,539,3224,3260,5533],"class_list":["post-12836","post","type-post","status-publish","format-standard","hentry","category-agenda","category-archiurbain","category-labonord","category-videos","tag-2024-2025","tag-archi-urbain","tag-bx1","tag-programmation","tag-saison-19"],"jetpack_featured_media_url":"","jetpack_sharing_enabled":true,"_links":{"self":[{"href":"https:\/\/www.archiurbain.be\/index.php?rest_route=\/wp\/v2\/posts\/12836","targetHints":{"allow":["GET"]}}],"collection":[{"href":"https:\/\/www.archiurbain.be\/index.php?rest_route=\/wp\/v2\/posts"}],"about":[{"href":"https:\/\/www.archiurbain.be\/index.php?rest_route=\/wp\/v2\/types\/post"}],"author":[{"embeddable":true,"href":"https:\/\/www.archiurbain.be\/index.php?rest_route=\/wp\/v2\/users\/1"}],"replies":[{"embeddable":true,"href":"https:\/\/www.archiurbain.be\/index.php?rest_route=%2Fwp%2Fv2%2Fcomments&post=12836"}],"version-history":[{"count":120,"href":"https:\/\/www.archiurbain.be\/index.php?rest_route=\/wp\/v2\/posts\/12836\/revisions"}],"predecessor-version":[{"id":14024,"href":"https:\/\/www.archiurbain.be\/index.php?rest_route=\/wp\/v2\/posts\/12836\/revisions\/14024"}],"wp:attachment":[{"href":"https:\/\/www.archiurbain.be\/index.php?rest_route=%2Fwp%2Fv2%2Fmedia&parent=12836"}],"wp:term":[{"taxonomy":"category","embeddable":true,"href":"https:\/\/www.archiurbain.be\/index.php?rest_route=%2Fwp%2Fv2%2Fcategories&post=12836"},{"taxonomy":"post_tag","embeddable":true,"href":"https:\/\/www.archiurbain.be\/index.php?rest_route=%2Fwp%2Fv2%2Ftags&post=12836"}],"curies":[{"name":"wp","href":"https:\/\/api.w.org\/{rel}","templated":true}]}}