{"id":12666,"date":"2024-06-16T19:00:00","date_gmt":"2024-06-16T17:00:00","guid":{"rendered":"https:\/\/www.archiurbain.be\/?p=12666"},"modified":"2024-06-08T17:36:13","modified_gmt":"2024-06-08T15:36:13","slug":"archi-urbain-18-33-grand-entretien-dominique-perrault","status":"publish","type":"post","link":"https:\/\/www.archiurbain.be\/?p=12666","title":{"rendered":"ARCHI URBAIN (18\/33) : Grand entretien \/ Dominique Perrault"},"content":{"rendered":"\n<figure class=\"wp-block-embed is-type-video is-provider-youtube wp-block-embed-youtube wp-embed-aspect-16-9 wp-has-aspect-ratio\"><div class=\"wp-block-embed__wrapper\">\n<div class=\"jetpack-video-wrapper\"><iframe loading=\"lazy\" title=\"ARCHI URBAIN (18\/33) : Grand entretien \/ Dominique Perrault\" width=\"720\" height=\"405\" src=\"https:\/\/www.youtube.com\/embed\/vEqto251mdo?feature=oembed\" frameborder=\"0\" allow=\"accelerometer; autoplay; clipboard-write; encrypted-media; gyroscope; picture-in-picture; web-share\" referrerpolicy=\"strict-origin-when-cross-origin\" allowfullscreen><\/iframe><\/div>\n<\/div><\/figure>\n\n\n\n<p>Pour terminer cette 18\u00e8me saison d\u2019Archi Urbain, nous avons d\u00e9cid\u00e9 de nous expatrier \u00e0 Paris. \u00c0 quelques semaines de l\u2019ouverture des\u00a0<strong>Jeux Olympiques<\/strong>\u00a0de\u00a0<strong>Paris 2024<\/strong>, nous avons rencontr\u00e9 l\u2019architecte\u00a0<strong>Dominique Perrault<\/strong>\u00a0qui est l\u2019urbaniste du village des athl\u00e8tes pour nous parler de son architecture.<\/p>\n\n\n\n<p>Cette rencontre a \u00e9t\u00e9 r\u00e9alis\u00e9e en marge de la conf\u00e9rence qu&rsquo;il a donn\u00e9 \u00e0 Flagey, pour <strong>Lunch with an architect<\/strong>.<\/p>\n\n\n\n<p>Journaliste : Mister Emma<br>Cameraperson : Emma C. Dessouroux<br>Montage : Emma C. Dessouroux<br>Post-production : Cristina Dias<br>Musique g\u00e9n\u00e9rique : Gabriel Govea Costea<br>Production : Les D\u00e9lires Productions<\/p>\n\n\n\n<p>Premi\u00e8re diffusion de cette \u00e9mission sur BX1 : 16 juin 2024 \u00e0 16h45<\/p>\n\n\n\n<p>La r\u00e9alisation de cette \u00e9mission a \u00e9t\u00e9 rendue possible gr\u00e2ce au soutien de :<\/p>\n\n\n\n<figure class=\"wp-block-image size-large\"><a href=\"https:\/\/www.archiurbain.be\/wp-content\/uploads\/2024\/01\/soutiensAU24.jpg\"><img loading=\"lazy\" decoding=\"async\" width=\"1024\" height=\"547\" src=\"https:\/\/www.archiurbain.be\/wp-content\/uploads\/2024\/01\/soutiensAU24-1024x547.jpg\" alt=\"\" class=\"wp-image-12071\" srcset=\"https:\/\/www.archiurbain.be\/wp-content\/uploads\/2024\/01\/soutiensAU24-1024x547.jpg 1024w, https:\/\/www.archiurbain.be\/wp-content\/uploads\/2024\/01\/soutiensAU24-300x160.jpg 300w, https:\/\/www.archiurbain.be\/wp-content\/uploads\/2024\/01\/soutiensAU24-768x410.jpg 768w, https:\/\/www.archiurbain.be\/wp-content\/uploads\/2024\/01\/soutiensAU24-1536x821.jpg 1536w, https:\/\/www.archiurbain.be\/wp-content\/uploads\/2024\/01\/soutiensAU24.jpg 1920w\" sizes=\"auto, (max-width: 1024px) 100vw, 1024px\" \/><\/a><\/figure>\n","protected":false},"excerpt":{"rendered":"<p>Pour terminer cette 18\u00e8me saison d\u2019Archi Urbain, nous avons d\u00e9cid\u00e9 de nous expatrier \u00e0 Paris. \u00c0 quelques semaines de l\u2019ouverture des\u00a0Jeux Olympiques\u00a0de\u00a0Paris 2024, nous avons rencontr\u00e9 l\u2019architecte\u00a0Dominique Perrault\u00a0qui est l\u2019urbaniste du village des athl\u00e8tes pour nous parler de son architecture. Cette rencontre a \u00e9t\u00e9 r\u00e9alis\u00e9e en marge de la conf\u00e9rence qu&rsquo;il a donn\u00e9 \u00e0 Flagey, pour Lunch with an architect. Journaliste : Mister EmmaCameraperson : &hellip; <a href=\"https:\/\/www.archiurbain.be\/?p=12666\" class=\"more-link\">Continuer de lire <span class=\"screen-reader-text\">ARCHI URBAIN (18\/33) : Grand entretien \/ Dominique Perrault<\/span><\/a><\/p>\n","protected":false},"author":1,"featured_media":0,"comment_status":"open","ping_status":"open","sticky":false,"template":"","format":"standard","meta":{"_monsterinsights_skip_tracking":false,"_monsterinsights_sitenote_active":false,"_monsterinsights_sitenote_note":"","_monsterinsights_sitenote_category":0,"_jetpack_memberships_contains_paid_content":false,"footnotes":""},"categories":[8,2366,383,310,3379],"tags":[539,571,3224,5507,3167,5508,3226],"class_list":["post-12666","post","type-post","status-publish","format-standard","hentry","category-archiurbain","category-europe-2","category-france","category-paris","category-videos","tag-archi-urbain","tag-architecte","tag-bx1","tag-dominique-perrault","tag-france","tag-jeux-olympiques","tag-lunch-with-an-architect"],"jetpack_featured_media_url":"","jetpack_sharing_enabled":true,"_links":{"self":[{"href":"https:\/\/www.archiurbain.be\/index.php?rest_route=\/wp\/v2\/posts\/12666","targetHints":{"allow":["GET"]}}],"collection":[{"href":"https:\/\/www.archiurbain.be\/index.php?rest_route=\/wp\/v2\/posts"}],"about":[{"href":"https:\/\/www.archiurbain.be\/index.php?rest_route=\/wp\/v2\/types\/post"}],"author":[{"embeddable":true,"href":"https:\/\/www.archiurbain.be\/index.php?rest_route=\/wp\/v2\/users\/1"}],"replies":[{"embeddable":true,"href":"https:\/\/www.archiurbain.be\/index.php?rest_route=%2Fwp%2Fv2%2Fcomments&post=12666"}],"version-history":[{"count":3,"href":"https:\/\/www.archiurbain.be\/index.php?rest_route=\/wp\/v2\/posts\/12666\/revisions"}],"predecessor-version":[{"id":12675,"href":"https:\/\/www.archiurbain.be\/index.php?rest_route=\/wp\/v2\/posts\/12666\/revisions\/12675"}],"wp:attachment":[{"href":"https:\/\/www.archiurbain.be\/index.php?rest_route=%2Fwp%2Fv2%2Fmedia&parent=12666"}],"wp:term":[{"taxonomy":"category","embeddable":true,"href":"https:\/\/www.archiurbain.be\/index.php?rest_route=%2Fwp%2Fv2%2Fcategories&post=12666"},{"taxonomy":"post_tag","embeddable":true,"href":"https:\/\/www.archiurbain.be\/index.php?rest_route=%2Fwp%2Fv2%2Ftags&post=12666"}],"curies":[{"name":"wp","href":"https:\/\/api.w.org\/{rel}","templated":true}]}}