{"id":12175,"date":"2024-03-08T19:05:56","date_gmt":"2024-03-08T18:05:56","guid":{"rendered":"https:\/\/www.archiurbain.be\/?p=12175"},"modified":"2024-03-24T21:02:14","modified_gmt":"2024-03-24T20:02:14","slug":"royale-belge-assistez-a-la-premiere-projection-du-nouveau-documentaire-de-mister-emma","status":"publish","type":"post","link":"https:\/\/www.archiurbain.be\/?p=12175","title":{"rendered":"ROYALE BELGE : assistez \u00e0 la premi\u00e8re projection du nouveau documentaire de Mister Emma"},"content":{"rendered":"\n<p>Tr\u00e8s prolifique en cette saison 2023-2024, <strong>Mister Emma<\/strong> vous propose son troisi\u00e8me long m\u00e9trage documentaire de l&rsquo;ann\u00e9e ! Apr\u00e8s avoir suivi l&rsquo;\u00e9quipe de BENTO \u00e0 Venise pour filmer leur proposition curatoriale \u00e0 la Biennale d&rsquo;Architecture (<em><a href=\"https:\/\/misteremma.com\/cinema-in-vivo-de-mister-emma\/\" target=\"_blank\" rel=\"noreferrer noopener\">In Vivo<\/a><\/em>), apr\u00e8s vous avoir propos\u00e9 un d\u00e9bat autour de la r\u00e9-appropriation de l&rsquo;espace public en marge de la projection du film <em><a href=\"https:\/\/misteremma.com\/cinema-acupunctures-urbaines-de-mister-emma\/\" target=\"_blank\" rel=\"noreferrer noopener\">Acupunctures Urbaines<\/a><\/em> qui dresse le portrait de l&rsquo;urbanisme et architecte Christophe Mercier (Su\u00e8de 36), Mister Emma vous propose en ce mois de mars 2024 une extraordinaire plong\u00e9e dans l&rsquo;histoire et la r\u00e9novation de l&#8217;embl\u00e9matique <strong>Royale Belge<\/strong> \u00e0 Bruxelles.<\/p>\n\n\n\n<figure class=\"wp-block-embed is-type-video is-provider-youtube wp-block-embed-youtube wp-embed-aspect-16-9 wp-has-aspect-ratio\"><div class=\"wp-block-embed__wrapper\">\n<div class=\"jetpack-video-wrapper\"><iframe loading=\"lazy\" title=\"Royale Belge, a Mister Emma&#039;s movie (Trailer)\" width=\"720\" height=\"405\" src=\"https:\/\/www.youtube.com\/embed\/SxYWWQXOyB4?feature=oembed\" frameborder=\"0\" allow=\"accelerometer; autoplay; clipboard-write; encrypted-media; gyroscope; picture-in-picture; web-share\" referrerpolicy=\"strict-origin-when-cross-origin\" allowfullscreen><\/iframe><\/div>\n<\/div><\/figure>\n\n\n\n<p>La Royale Belge est un b\u00e2timent qui illustre son \u00e9poque \u00e0 diff\u00e9rents niveaux : en tant que soci\u00e9t\u00e9 et b\u00e2timent. L\u2019id\u00e9e d\u2019une soci\u00e9t\u00e9 qui construit un b\u00e2timent \u00e0 son image et \u00e0 une \u00e9poque du \u00ab&nbsp;tout \u00e0 la voiture&nbsp;\u00bb, une \u00e9poque o\u00f9 les soci\u00e9t\u00e9s sortent des villes pour offrir un cadre apais\u00e9 et verdoyant \u00e0 ses employ\u00e9\u00b7es.<\/p>\n\n\n\n<p>Ce documentaire d\u00e9crit l\u2019histoire d\u2019un b\u00e2timent embl\u00e9matique au travers des \u00e9poques qui le traversent jusqu\u2019\u00e0 son abandon, jusqu\u2019\u00e0 sa dramatique (et heureusement avort\u00e9e) transformation pour accueillir l\u2019Ambassade am\u00e9ricaine et, enfin, la reprise en main par des promoteurs immobiliers amoureux du patrimoine et respectueux d\u2019un h\u00e9ritage hors du commun. Aujourd\u2019hui, les bureaux de la plus c\u00e9l\u00e8bre compagnie d\u2019assurance belge a laiss\u00e9 la place \u00e0 un h\u00f4tel, des restaurants, des bureaux, un centre de fitness, etc, le tout habill\u00e9 par une s\u00e9rie de designers belges qui ont cr\u00e9\u00e9, pour l\u2019occasion, une collection de mobiliers et d\u2019\u00e9l\u00e9ments de d\u00e9coration uniques et exceptionnels.<\/p>\n\n\n\n<p>Avec le soutien de <strong>MIX<\/strong>, <strong>Kyotec Group<\/strong> et <strong>BX1<\/strong>, la premi\u00e8re projection du film aura lieu le <span style=\"text-decoration: underline;\">lundi 25 mars 2024 \u00e0 19h30<\/span> dans l&rsquo;auditoire historique du b\u00e2timent (<span style=\"text-decoration: underline;\">25 boulevard du Souverain<\/span> \u00e0 1170 Watermael-Boitsfort). Suite \u00e0 l&rsquo;\u00e9norme succ\u00e8s, nous avons ajout\u00e9 une seconde projection \u00e0 21h le m\u00eame soir.<\/p>\n\n\n\n<p>Venez d\u00e9couvrir l\u00a0\u00bbhistoire et la r\u00e9novation de ce projet exceptionnel qui vient de remporter 2 prix au <strong>mipim awards<\/strong> \u00e0 Cannes. L&rsquo;entr\u00e9e est gratuite mais nous vous demandons de vous inscrire en envoyant simplement un courriel avec votre nom, votre pr\u00e9nom, le nombre de places que vous d\u00e9sirez r\u00e9server &gt; <a href=\"mailto:rendez-vous@archiurbain.be\" target=\"_blank\" rel=\"noreferrer noopener\">rendez-vous@archiurbain.be<\/a><\/p>\n\n\n\n<figure class=\"wp-block-image size-full\"><a href=\"mailto:rendez-vous@archiurbain.be\"><img loading=\"lazy\" decoding=\"async\" width=\"1000\" height=\"563\" src=\"https:\/\/www.archiurbain.be\/wp-content\/uploads\/2024\/03\/Royale_Belge-Invitation_BD.jpeg\" alt=\"\" class=\"wp-image-12178\" srcset=\"https:\/\/www.archiurbain.be\/wp-content\/uploads\/2024\/03\/Royale_Belge-Invitation_BD.jpeg 1000w, https:\/\/www.archiurbain.be\/wp-content\/uploads\/2024\/03\/Royale_Belge-Invitation_BD-300x169.jpeg 300w, https:\/\/www.archiurbain.be\/wp-content\/uploads\/2024\/03\/Royale_Belge-Invitation_BD-768x432.jpeg 768w\" sizes=\"auto, (max-width: 1000px) 100vw, 1000px\" \/><\/a><\/figure>\n","protected":false},"excerpt":{"rendered":"<p>Tr\u00e8s prolifique en cette saison 2023-2024, Mister Emma vous propose son troisi\u00e8me long m\u00e9trage documentaire de l&rsquo;ann\u00e9e ! Apr\u00e8s avoir suivi l&rsquo;\u00e9quipe de BENTO \u00e0 Venise pour filmer leur proposition curatoriale \u00e0 la Biennale d&rsquo;Architecture (In Vivo), apr\u00e8s vous avoir propos\u00e9 un d\u00e9bat autour de la r\u00e9-appropriation de l&rsquo;espace public en marge de la projection du film Acupunctures Urbaines qui dresse le portrait de l&rsquo;urbanisme &hellip; <a href=\"https:\/\/www.archiurbain.be\/?p=12175\" class=\"more-link\">Continuer de lire <span class=\"screen-reader-text\">ROYALE BELGE : assistez \u00e0 la premi\u00e8re projection du nouveau documentaire de Mister Emma<\/span><\/a><\/p>\n","protected":false},"author":1,"featured_media":12178,"comment_status":"open","ping_status":"open","sticky":false,"template":"","format":"standard","meta":{"_monsterinsights_skip_tracking":false,"_monsterinsights_sitenote_active":false,"_monsterinsights_sitenote_note":"","_monsterinsights_sitenote_category":0,"_jetpack_memberships_contains_paid_content":false,"footnotes":""},"categories":[3377,63,5268],"tags":[541,5059,4567,5058,5309],"class_list":["post-12175","post","type-post","status-publish","format-standard","has-post-thumbnail","hentry","category-agenda","category-conferences","category-rendez-vous","tag-mister-emma","tag-mix","tag-projection","tag-royale-belge","tag-souverain-25"],"jetpack_featured_media_url":"https:\/\/www.archiurbain.be\/wp-content\/uploads\/2024\/03\/Royale_Belge-Invitation_BD.jpeg","jetpack_sharing_enabled":true,"_links":{"self":[{"href":"https:\/\/www.archiurbain.be\/index.php?rest_route=\/wp\/v2\/posts\/12175","targetHints":{"allow":["GET"]}}],"collection":[{"href":"https:\/\/www.archiurbain.be\/index.php?rest_route=\/wp\/v2\/posts"}],"about":[{"href":"https:\/\/www.archiurbain.be\/index.php?rest_route=\/wp\/v2\/types\/post"}],"author":[{"embeddable":true,"href":"https:\/\/www.archiurbain.be\/index.php?rest_route=\/wp\/v2\/users\/1"}],"replies":[{"embeddable":true,"href":"https:\/\/www.archiurbain.be\/index.php?rest_route=%2Fwp%2Fv2%2Fcomments&post=12175"}],"version-history":[{"count":6,"href":"https:\/\/www.archiurbain.be\/index.php?rest_route=\/wp\/v2\/posts\/12175\/revisions"}],"predecessor-version":[{"id":12211,"href":"https:\/\/www.archiurbain.be\/index.php?rest_route=\/wp\/v2\/posts\/12175\/revisions\/12211"}],"wp:featuredmedia":[{"embeddable":true,"href":"https:\/\/www.archiurbain.be\/index.php?rest_route=\/wp\/v2\/media\/12178"}],"wp:attachment":[{"href":"https:\/\/www.archiurbain.be\/index.php?rest_route=%2Fwp%2Fv2%2Fmedia&parent=12175"}],"wp:term":[{"taxonomy":"category","embeddable":true,"href":"https:\/\/www.archiurbain.be\/index.php?rest_route=%2Fwp%2Fv2%2Fcategories&post=12175"},{"taxonomy":"post_tag","embeddable":true,"href":"https:\/\/www.archiurbain.be\/index.php?rest_route=%2Fwp%2Fv2%2Ftags&post=12175"}],"curies":[{"name":"wp","href":"https:\/\/api.w.org\/{rel}","templated":true}]}}