{"id":110,"date":"2009-11-21T12:10:27","date_gmt":"2009-11-21T11:10:27","guid":{"rendered":"http:\/\/www.archiurbain.be\/wpress\/?p=110"},"modified":"2021-01-09T13:49:16","modified_gmt":"2021-01-09T12:49:16","slug":"video-comite-economique-et-social-europeen","status":"publish","type":"post","link":"https:\/\/www.archiurbain.be\/?p=110","title":{"rendered":"ARCHI URBAIN (04\/10) : Comit\u00e9 \u00e9conomique et social europ\u00e9en (CESE) \/ Pallet House"},"content":{"rendered":"\n<figure class=\"wp-block-embed is-type-rich is-provider-prise-en-charge-des-contenus-embarques wp-block-embed-prise-en-charge-des-contenus-embarques wp-embed-aspect-16-9 wp-has-aspect-ratio\"><div class=\"wp-block-embed__wrapper\">\n<div class=\"jetpack-video-wrapper\"><iframe loading=\"lazy\" title=\"ARCHI URBAIN (04\/10) : Comit\u00e9 \u00e9conomique et social europ\u00e9en (CESE) \/ Pallet House\" width=\"720\" height=\"405\" src=\"https:\/\/www.youtube.com\/embed\/MuLZFzPuyUo?feature=oembed\" frameborder=\"0\" allow=\"accelerometer; autoplay; clipboard-write; encrypted-media; gyroscope; picture-in-picture; web-share\" referrerpolicy=\"strict-origin-when-cross-origin\" allowfullscreen><\/iframe><\/div>\n<\/div><\/figure>\n\n\n\n<p>En septembre 2010, Emma r\u00e9alise une nouvelle \u00e9mission consacr\u00e9e \u00e0 l&rsquo;\u00e9v\u00e9nement&nbsp;<em>Move-It<\/em> du Comit\u00e9 \u00e9conomique et social europ\u00e9en en compagnie de l&rsquo;architecte Luc Schuiten.<\/p>\n\n\n\n<p>Mister Emma rencontre Andr\u00e9 Mordant et Eric Ponthieu, du Comit\u00e9 Economique et social europ\u00e9en, pour parler d&rsquo;une habitation exemplaire et unique construite en palettes. Une id\u00e9e neuve et \u00e9cologique qui pourrait faire \u00e9cole dans le monde&#8230;<\/p>\n\n\n\n<p>Pr\u00e9sentation : <a href=\"http:\/\/www.misteremma.com\" target=\"_blank\" rel=\"noopener\">Mister Emma<\/a><br>Montage : <a href=\"http:\/\/www.epiprod.be\" target=\"_blank\" rel=\"noopener\">Epiprod<\/a> \u2013 Emanuel Pinto<br>Production : <a href=\"http:\/\/www.lesdelires.be\" target=\"_blank\" rel=\"noopener\">Les D\u00e9lires Productions<\/a><\/p>\n\n\n\n<p>Lieu de tournage : Pallet House &#8211; Quai aux Briques \u00e0 1000 Bruxelles<br>Pays : Belgique \u2013 Bruxelles<br>Langue : FR<\/p>\n\n\n\n<p>Avec : Andr\u00e9 Mordant (Conseiller Groupe II &#8211; Comit\u00e9 \u00e9conomique et social europ\u00e9en), \u00c9ric Ponthieu (Chef d&rsquo;unite &#8211; Comit\u00e9 \u00e9conomique et social europ\u00e9en)<\/p>\n\n\n\n<p>Premi\u00e8re diffusion de cette \u00e9mission sur <a href=\"http:\/\/www.telebruxelles.net\/portail\/\" target=\"_blank\" rel=\"noopener\">T\u00e9l\u00e9-Bruxelles<\/a> : 28 novembre 2009<\/p>\n\n\n\n<p class=\"has-text-align-center\"><strong>Remerciements :<\/strong><\/p>\n\n\n\n<figure class=\"wp-block-image\"><a href=\"https:\/\/www.archiurbain.be\/wp-content\/uploads\/2013\/02\/logo_fedwallbxl.jpg\"><img loading=\"lazy\" decoding=\"async\" width=\"300\" height=\"93\" src=\"https:\/\/www.archiurbain.be\/wp-content\/uploads\/2013\/02\/logo_fedwallbxl-300x93.jpg\" alt=\"logo_fedwallbxl\" class=\"wp-image-3138\" srcset=\"https:\/\/www.archiurbain.be\/wp-content\/uploads\/2013\/02\/logo_fedwallbxl-300x93.jpg 300w, https:\/\/www.archiurbain.be\/wp-content\/uploads\/2013\/02\/logo_fedwallbxl-175x55.jpg 175w, https:\/\/www.archiurbain.be\/wp-content\/uploads\/2013\/02\/logo_fedwallbxl.jpg 454w\" sizes=\"auto, (max-width: 300px) 100vw, 300px\" \/><\/a><\/figure>\n","protected":false},"excerpt":{"rendered":"<p>En septembre 2010, Emma r\u00e9alise une nouvelle \u00e9mission consacr\u00e9e \u00e0 l&rsquo;\u00e9v\u00e9nement&nbsp;Move-It du Comit\u00e9 \u00e9conomique et social europ\u00e9en en compagnie de l&rsquo;architecte Luc Schuiten. Mister Emma rencontre Andr\u00e9 Mordant et Eric Ponthieu, du Comit\u00e9 Economique et social europ\u00e9en, pour parler d&rsquo;une habitation exemplaire et unique construite en palettes. Une id\u00e9e neuve et \u00e9cologique qui pourrait faire \u00e9cole dans le monde&#8230; Pr\u00e9sentation : Mister EmmaMontage : Epiprod &hellip; <a href=\"https:\/\/www.archiurbain.be\/?p=110\" class=\"more-link\">Continuer de lire <span class=\"screen-reader-text\">ARCHI URBAIN (04\/10) : Comit\u00e9 \u00e9conomique et social europ\u00e9en (CESE) \/ Pallet House<\/span><\/a><\/p>\n","protected":false},"author":1,"featured_media":0,"comment_status":"open","ping_status":"open","sticky":false,"template":"","format":"standard","meta":{"_monsterinsights_skip_tracking":false,"_monsterinsights_sitenote_active":false,"_monsterinsights_sitenote_note":"","_monsterinsights_sitenote_category":0,"_jetpack_memberships_contains_paid_content":false,"footnotes":""},"categories":[8,15,35,16,3379],"tags":[78,592,571,963,540,594,652,3162,103,77,1408,783,767,3164,1409,542,996,79,663,664,1414,638,637,517,80,647,995,1411,848,11,507,12,593,3161],"class_list":["post-110","post","type-post","status-publish","format-standard","hentry","category-archiurbain","category-architectures","category-bruxelles","category-urbanisme","category-videos","tag-andre-mordant","tag-archi","tag-architecte","tag-architectes","tag-architecture","tag-archiurbain","tag-belgique","tag-bruxelles","tag-c2c","tag-cese","tag-comite","tag-construction","tag-durable","tag-ecologie","tag-economique","tag-emma","tag-entretien","tag-eric-ponthieu","tag-europe","tag-europeen","tag-evolution","tag-mister","tag-misteremma","tag-move-it","tag-pallet-house","tag-president","tag-programme","tag-section","tag-social","tag-tele-bruxelles","tag-television","tag-tna","tag-urbain","tag-urbanisme"],"jetpack_featured_media_url":"","jetpack_sharing_enabled":true,"_links":{"self":[{"href":"https:\/\/www.archiurbain.be\/index.php?rest_route=\/wp\/v2\/posts\/110","targetHints":{"allow":["GET"]}}],"collection":[{"href":"https:\/\/www.archiurbain.be\/index.php?rest_route=\/wp\/v2\/posts"}],"about":[{"href":"https:\/\/www.archiurbain.be\/index.php?rest_route=\/wp\/v2\/types\/post"}],"author":[{"embeddable":true,"href":"https:\/\/www.archiurbain.be\/index.php?rest_route=\/wp\/v2\/users\/1"}],"replies":[{"embeddable":true,"href":"https:\/\/www.archiurbain.be\/index.php?rest_route=%2Fwp%2Fv2%2Fcomments&post=110"}],"version-history":[{"count":16,"href":"https:\/\/www.archiurbain.be\/index.php?rest_route=\/wp\/v2\/posts\/110\/revisions"}],"predecessor-version":[{"id":9108,"href":"https:\/\/www.archiurbain.be\/index.php?rest_route=\/wp\/v2\/posts\/110\/revisions\/9108"}],"wp:attachment":[{"href":"https:\/\/www.archiurbain.be\/index.php?rest_route=%2Fwp%2Fv2%2Fmedia&parent=110"}],"wp:term":[{"taxonomy":"category","embeddable":true,"href":"https:\/\/www.archiurbain.be\/index.php?rest_route=%2Fwp%2Fv2%2Fcategories&post=110"},{"taxonomy":"post_tag","embeddable":true,"href":"https:\/\/www.archiurbain.be\/index.php?rest_route=%2Fwp%2Fv2%2Ftags&post=110"}],"curies":[{"name":"wp","href":"https:\/\/api.w.org\/{rel}","templated":true}]}}