{"id":1053,"date":"2012-03-20T13:56:29","date_gmt":"2012-03-20T12:56:29","guid":{"rendered":"http:\/\/www.archiurbain.be\/?p=1053"},"modified":"2021-01-11T08:34:47","modified_gmt":"2021-01-11T07:34:47","slug":"video-modulo","status":"publish","type":"post","link":"https:\/\/www.archiurbain.be\/?p=1053","title":{"rendered":"ARCHI URBAIN (06\/23) : Modulo Architects \/ ECAM"},"content":{"rendered":"\n<figure class=\"wp-block-embed is-type-rich is-provider-prise-en-charge-des-contenus-embarques wp-block-embed-prise-en-charge-des-contenus-embarques wp-embed-aspect-16-9 wp-has-aspect-ratio\"><div class=\"wp-block-embed__wrapper\">\n<div class=\"jetpack-video-wrapper\"><iframe loading=\"lazy\" title=\"ARCHI URBAIN (06\/23) : Modulo Architects \/ ECAM\" width=\"720\" height=\"405\" src=\"https:\/\/www.youtube.com\/embed\/FOWeMxtA4vU?feature=oembed\" frameborder=\"0\" allow=\"accelerometer; autoplay; clipboard-write; encrypted-media; gyroscope; picture-in-picture; web-share\" referrerpolicy=\"strict-origin-when-cross-origin\" allowfullscreen><\/iframe><\/div>\n<\/div><\/figure>\n\n\n\n<p>Mister Emma rencontre les architectes Olivier Barr\u00e9 et Jos\u00e9-Fr\u00e9d\u00e9ric Baeyens du bureau Modulo Architects. Ensemble, ils vous donnent rendez-vous au m\u00e9tro Alma pour d\u00e9couvrir le b\u00e2timent de l&rsquo;ECAM, Institut sup\u00e9rieur industriel.<\/p>\n\n\n\n<p>Pr\u00e9sentation : <a href=\"http:\/\/www.misteremma.com\" target=\"_blank\" rel=\"noopener\">Mister Emma<\/a><br>Montage : <a href=\"http:\/\/www.epiprod.be\" target=\"_blank\" rel=\"noopener\">Epiprod<\/a> \u2013 Emanuel Pinto<br>Production : <a href=\"http:\/\/www.lesdelires.be\" target=\"_blank\" rel=\"noopener\">Les D\u00e9lires Productions<\/a><\/p>\n\n\n\n<p>Lieu de tournage : ECAM &#8211; 50, promenade de l&rsquo;Alma \u00e0 1200 Woluwe-Saint-Lambert<br>Pays : Belgique \u2013 Bruxelles<br>Langue : FR<\/p>\n\n\n\n<p>Avec : Olivier Barr\u00e9, Jos\u00e9-Fr\u00e9d\u00e9ric Baeyens (Modulo Architects)<\/p>\n\n\n\n<p>Premi\u00e8re diffusion de cette \u00e9mission sur <a href=\"http:\/\/telebruxelles.net\/portail\/\" target=\"_blank\" rel=\"noopener\">T\u00e9l\u00e9-Bruxelles<\/a> : Dimanche 27 mars 2012<\/p>\n\n\n\n<p class=\"has-text-align-center\"><strong>Remerciements : <\/strong><\/p>\n\n\n\n<figure class=\"wp-block-image\"><img decoding=\"async\" src=\"https:\/\/www.archiurbain.be\/wp-content\/uploads\/2012\/12\/logo_Assar-300x93.jpg\" alt=\"logo_Assar\" class=\"wp-image-3176\"\/><\/figure>\n\n\n\n<figure class=\"wp-block-image\"><a href=\"https:\/\/www.archiurbain.be\/wp-content\/uploads\/2012\/12\/logo_MDW.jpg\"><img decoding=\"async\" src=\"https:\/\/www.archiurbain.be\/wp-content\/uploads\/2012\/12\/logo_MDW-300x93.jpg\" alt=\"logo_MDW\" class=\"wp-image-3171\"\/><\/a><\/figure>\n\n\n\n<p><a href=\"https:\/\/www.archiurbain.be\/wp-content\/uploads\/2012\/12\/logo_Assar.jpg\"> <\/a><\/p>\n","protected":false},"excerpt":{"rendered":"<p>Mister Emma rencontre les architectes Olivier Barr\u00e9 et Jos\u00e9-Fr\u00e9d\u00e9ric Baeyens du bureau Modulo Architects. Ensemble, ils vous donnent rendez-vous au m\u00e9tro Alma pour d\u00e9couvrir le b\u00e2timent de l&rsquo;ECAM, Institut sup\u00e9rieur industriel. Pr\u00e9sentation : Mister EmmaMontage : Epiprod \u2013 Emanuel PintoProduction : Les D\u00e9lires Productions Lieu de tournage : ECAM &#8211; 50, promenade de l&rsquo;Alma \u00e0 1200 Woluwe-Saint-LambertPays : Belgique \u2013 BruxellesLangue : FR Avec : &hellip; <a href=\"https:\/\/www.archiurbain.be\/?p=1053\" class=\"more-link\">Continuer de lire <span class=\"screen-reader-text\">ARCHI URBAIN (06\/23) : Modulo Architects \/ ECAM<\/span><\/a><\/p>\n","protected":false},"author":1,"featured_media":0,"comment_status":"open","ping_status":"open","sticky":false,"template":"","format":"standard","meta":{"_monsterinsights_skip_tracking":false,"_monsterinsights_sitenote_active":false,"_monsterinsights_sitenote_note":"","_monsterinsights_sitenote_category":0,"_jetpack_memberships_contains_paid_content":false,"footnotes":""},"categories":[8,15,35,3379],"tags":[1523,592,539,571,1521,540,594,1526,1520,841,3162,839,835,1522,542,836,1179,1525,1524,638,541,637,837,673,507,593,3161],"class_list":["post-1053","post","type-post","status-publish","format-standard","hentry","category-archiurbain","category-architectures","category-bruxelles","category-videos","tag-alma","tag-archi","tag-archi-urbain","tag-architecte","tag-architects","tag-architecture","tag-archiurbain","tag-baeyens","tag-barre","tag-batiment","tag-bruxelles","tag-cible","tag-didier","tag-ecam","tag-emma","tag-holemans","tag-industriel","tag-jose-frederic","tag-metro","tag-mister","tag-mister-emma","tag-misteremma","tag-modulo","tag-olivier","tag-television","tag-urbain","tag-urbanisme"],"jetpack_featured_media_url":"","jetpack_sharing_enabled":true,"_links":{"self":[{"href":"https:\/\/www.archiurbain.be\/index.php?rest_route=\/wp\/v2\/posts\/1053","targetHints":{"allow":["GET"]}}],"collection":[{"href":"https:\/\/www.archiurbain.be\/index.php?rest_route=\/wp\/v2\/posts"}],"about":[{"href":"https:\/\/www.archiurbain.be\/index.php?rest_route=\/wp\/v2\/types\/post"}],"author":[{"embeddable":true,"href":"https:\/\/www.archiurbain.be\/index.php?rest_route=\/wp\/v2\/users\/1"}],"replies":[{"embeddable":true,"href":"https:\/\/www.archiurbain.be\/index.php?rest_route=%2Fwp%2Fv2%2Fcomments&post=1053"}],"version-history":[{"count":12,"href":"https:\/\/www.archiurbain.be\/index.php?rest_route=\/wp\/v2\/posts\/1053\/revisions"}],"predecessor-version":[{"id":9314,"href":"https:\/\/www.archiurbain.be\/index.php?rest_route=\/wp\/v2\/posts\/1053\/revisions\/9314"}],"wp:attachment":[{"href":"https:\/\/www.archiurbain.be\/index.php?rest_route=%2Fwp%2Fv2%2Fmedia&parent=1053"}],"wp:term":[{"taxonomy":"category","embeddable":true,"href":"https:\/\/www.archiurbain.be\/index.php?rest_route=%2Fwp%2Fv2%2Fcategories&post=1053"},{"taxonomy":"post_tag","embeddable":true,"href":"https:\/\/www.archiurbain.be\/index.php?rest_route=%2Fwp%2Fv2%2Ftags&post=1053"}],"curies":[{"name":"wp","href":"https:\/\/api.w.org\/{rel}","templated":true}]}}