{"id":10496,"date":"2022-04-29T23:02:06","date_gmt":"2022-04-29T21:02:06","guid":{"rendered":"https:\/\/www.archiurbain.be\/?p=10496"},"modified":"2022-04-29T23:02:06","modified_gmt":"2022-04-29T21:02:06","slug":"prix-mies-van-der-rohe-2022-qui-sont-les-laureats","status":"publish","type":"post","link":"https:\/\/www.archiurbain.be\/?p=10496","title":{"rendered":"PRIX MIES VAN DER ROHE 2022 : Qui sont les laur\u00e9ats ?"},"content":{"rendered":"\n<p>Lors de la conf\u00e9rence de presse qui s\u2019est tenue le 26 avril 2022 \u00e0 Bruxelles, M. Tam\u00e1s Sz\u0171cs, Directeur \u00ab Direction Culture et cr\u00e9ativit\u00e9 \u00bb \u2013 Direction g\u00e9n\u00e9rale \u00c9ducation, Jeunesse, Sport et Culture de l\u2019Union europ\u00e9enne, a annonc\u00e9 les\u00a0<strong>laur\u00e9ats du Prix d\u2019architecture contemporaine de l\u2019Union europ\u00e9enne 2022 \u2013 Prix Mies van der Rohe<\/strong>.<\/p>\n\n\n\n<p>L\u2019ouvrage ayant remport\u00e9 le Prix d&rsquo;architecture 2022 est&nbsp;<strong>Town House \u2013 Kingston University, \u00e0 Londres, con\u00e7u par Grafton Architects, de Dublin<\/strong>, et qui a pour ma\u00eetre d\u2019ouvrage l\u2019Universit\u00e9 de Kingston. Il s\u2019est vu r\u00e9compens\u00e9 pour sa grande qualit\u00e9 environnementale qui cr\u00e9e un cadre optimal pour \u00e9tudier, danser, se r\u00e9unir et \u00e9changer. Le b\u00e2timent donne lieu \u00e0 une exp\u00e9rience \u00e9motionnelle gr\u00e2ce \u00e0 un \u00e9change entre l\u2019int\u00e9rieur et la colonnade de la fa\u00e7ade sur plusieurs niveaux qui compose une atmosph\u00e8re domestique \u00e0 diff\u00e9rents niveaux. Il s\u2019adapte \u00e0 des utilisations diverses \u2013 danse, biblioth\u00e8que et lieu d\u2019\u00e9tude \u2013 en entrecroisant des couches de silence et des couches de bruit qui se combinent \u00e0 la perfection. C\u2019est la premi\u00e8re fois qu\u2019un \u00e9difice universitaire remporte le prix d\u2019architecture et prouve qu\u2019il est n\u00e9cessaire qu\u2019il y ait des projets \u00e9ducatifs publics de cette qualit\u00e9, car ils dignifient la vie des personnes gr\u00e2ce \u00e0 l\u2019\u00e9ducation et \u00e0 l\u2019\u00e9change, tout en fournissant des possibilit\u00e9s \u00e9ducatives \u00e9quitables \u00e0 tous.<\/p>\n\n\n\n<p>Le ma\u00eetre d\u2019\u0153uvre, Grafton Architects, cabinet cofond\u00e9 en 1978 par Yvonne Farrell et Shelley McNamara, poss\u00e8de une vaste exp\u00e9rience en mati\u00e8re d\u2019\u00e9tablissements d\u2019enseignement, deux autres ouvrages ayant \u00e9t\u00e9 s\u00e9lectionn\u00e9s aux Prix EUmies Awards 2022 : l\u2019Institut Mines-T\u00e9l\u00e9com \u00e0 Paris et l\u2019\u00c9cole d\u2019\u00e9conomie de Toulouse. L\u2019Universit\u00e9 Luigi Bocconi de Milan a \u00e9t\u00e9 finaliste en 2009.<\/p>\n\n\n\n<p><strong>Le laur\u00e9at de la cat\u00e9gorie Architecture \u00e9mergente 2022 est l\u2019habitat coop\u00e9ratif La Borda de Lacol \u00e0 Barcelone<\/strong>. Ce projet coop\u00e9ratif est transgresseur dans son contexte. En effet, m\u00eame si la production de logements est essentiellement domin\u00e9e par des int\u00e9r\u00eats macro-\u00e9conomiques, dans le cas pr\u00e9sent, le mod\u00e8le se base sur la copropri\u00e9t\u00e9 et la cogestion des ressources et des capacit\u00e9s partag\u00e9es. Le mod\u00e8le va au-del\u00e0 du projet sp\u00e9cifique d\u2019habitat coop\u00e9ratif : le cabinet <strong>Lacol arquitectura cooperativa<\/strong> fonctionne \u00e9galement comme une coop\u00e9rative o\u00f9 quatorze professionnels poss\u00e9dant diff\u00e9rentes connaissances offrent un mod\u00e8le \u00e0 suivre et un outil actif pour promouvoir le changement politique et urbain depuis le sein m\u00eame du syst\u00e8me, en se basant sur la durabilit\u00e9 sociale, \u00e9cologique et \u00e9conomique.<\/p>\n\n\n\n<p>Les deux projets r\u00e9compens\u00e9s ont \u00e9t\u00e9 choisis parmi une liste de 532 ouvrages de<br>41 pays. Cinq finalistes du secteur de l\u2019architecture ont \u00e9t\u00e9 s\u00e9lectionn\u00e9s et visit\u00e9s par le jury en compagnie des auteurs des ouvrages, des promoteurs ou ma\u00eetres d\u2019ouvrage, des usagers et des experts locaux. Il s\u2019agit de Z33 Maison d\u2019art actuel, design et architecture \u00e0 Hasselt ; de Town House \u2013 Kingston University \u00e0 Londres ; de la Ferme du Rail \u00e0 Paris ; de 85 unit\u00e9s de logement social \u00e0 Cornell\u00e0 de Llobregat; et de Frizz23 \u00e0 Berlin.<\/p>\n","protected":false},"excerpt":{"rendered":"<p>Lors de la conf\u00e9rence de presse qui s\u2019est tenue le 26 avril 2022 \u00e0 Bruxelles, M. Tam\u00e1s Sz\u0171cs, Directeur \u00ab Direction Culture et cr\u00e9ativit\u00e9 \u00bb \u2013 Direction g\u00e9n\u00e9rale \u00c9ducation, Jeunesse, Sport et Culture de l\u2019Union europ\u00e9enne, a annonc\u00e9 les\u00a0laur\u00e9ats du Prix d\u2019architecture contemporaine de l\u2019Union europ\u00e9enne 2022 \u2013 Prix Mies van der Rohe. L\u2019ouvrage ayant remport\u00e9 le Prix d&rsquo;architecture 2022 est&nbsp;Town House \u2013 Kingston University, &hellip; <a href=\"https:\/\/www.archiurbain.be\/?p=10496\" class=\"more-link\">Continuer de lire <span class=\"screen-reader-text\">PRIX MIES VAN DER ROHE 2022 : Qui sont les laur\u00e9ats ?<\/span><\/a><\/p>\n","protected":false},"author":1,"featured_media":0,"comment_status":"open","ping_status":"open","sticky":false,"template":"","format":"standard","meta":{"_monsterinsights_skip_tracking":false,"_monsterinsights_sitenote_active":false,"_monsterinsights_sitenote_note":"","_monsterinsights_sitenote_category":0,"_jetpack_memberships_contains_paid_content":false,"footnotes":""},"categories":[3377,15,3378],"tags":[4768,4858,4856,4770,4063,4857,4859,7,4854,4855],"class_list":["post-10496","post","type-post","status-publish","format-standard","hentry","category-agenda","category-architectures","category-publication","tag-4768","tag-barcelone","tag-dublin","tag-fundacio-mies-van-der-rohe","tag-grafton-architects","tag-la-borda-de-lacol","tag-lacol-arquitectura-cooperativa","tag-laureats","tag-prix-mies-van-der-rohe","tag-town-house"],"jetpack_featured_media_url":"","jetpack_sharing_enabled":true,"_links":{"self":[{"href":"https:\/\/www.archiurbain.be\/index.php?rest_route=\/wp\/v2\/posts\/10496","targetHints":{"allow":["GET"]}}],"collection":[{"href":"https:\/\/www.archiurbain.be\/index.php?rest_route=\/wp\/v2\/posts"}],"about":[{"href":"https:\/\/www.archiurbain.be\/index.php?rest_route=\/wp\/v2\/types\/post"}],"author":[{"embeddable":true,"href":"https:\/\/www.archiurbain.be\/index.php?rest_route=\/wp\/v2\/users\/1"}],"replies":[{"embeddable":true,"href":"https:\/\/www.archiurbain.be\/index.php?rest_route=%2Fwp%2Fv2%2Fcomments&post=10496"}],"version-history":[{"count":1,"href":"https:\/\/www.archiurbain.be\/index.php?rest_route=\/wp\/v2\/posts\/10496\/revisions"}],"predecessor-version":[{"id":10497,"href":"https:\/\/www.archiurbain.be\/index.php?rest_route=\/wp\/v2\/posts\/10496\/revisions\/10497"}],"wp:attachment":[{"href":"https:\/\/www.archiurbain.be\/index.php?rest_route=%2Fwp%2Fv2%2Fmedia&parent=10496"}],"wp:term":[{"taxonomy":"category","embeddable":true,"href":"https:\/\/www.archiurbain.be\/index.php?rest_route=%2Fwp%2Fv2%2Fcategories&post=10496"},{"taxonomy":"post_tag","embeddable":true,"href":"https:\/\/www.archiurbain.be\/index.php?rest_route=%2Fwp%2Fv2%2Ftags&post=10496"}],"curies":[{"name":"wp","href":"https:\/\/api.w.org\/{rel}","templated":true}]}}