{"id":10196,"date":"2021-12-01T21:17:07","date_gmt":"2021-12-01T20:17:07","guid":{"rendered":"https:\/\/www.archiurbain.be\/?p=10196"},"modified":"2021-12-01T21:17:07","modified_gmt":"2021-12-01T20:17:07","slug":"citydev-brussels-se-lance-dans-lart-urbain-sous-le-nom-dartcity","status":"publish","type":"post","link":"https:\/\/www.archiurbain.be\/?p=10196","title":{"rendered":"citydev.brussels se lance dans l\u2019art urbain sous le nom d\u2019ArtCity"},"content":{"rendered":"\n<p><strong>citydev.brussels lance officiellement sa campagne ArtCity et s\u2019inscrit dans la mouvance de l\u2019art urbain comme moyen d\u2019embellissement pour les villes. C\u2019est avec l\u2019artiste Denis Meyers, en occupation temporaire sur le site Petite \u00cele 3 \u00e0 Anderlecht, que l\u2019institution marque le d\u00e9but de cette campagne haute en couleur<\/strong>.<\/p>\n\n\n\n<figure class=\"wp-block-image size-large\"><a href=\"https:\/\/www.archiurbain.be\/wp-content\/uploads\/2021\/12\/citydev_DenisMeyers_Petiteile\u00a9yellow.brussels46-scaled.jpg\"><img loading=\"lazy\" decoding=\"async\" width=\"1024\" height=\"683\" src=\"https:\/\/www.archiurbain.be\/wp-content\/uploads\/2021\/12\/citydev_DenisMeyers_Petiteile\u00a9yellow.brussels46-1024x683.jpg\" alt=\"\" class=\"wp-image-10199\" srcset=\"https:\/\/www.archiurbain.be\/wp-content\/uploads\/2021\/12\/citydev_DenisMeyers_Petiteile\u00a9yellow.brussels46-1024x683.jpg 1024w, https:\/\/www.archiurbain.be\/wp-content\/uploads\/2021\/12\/citydev_DenisMeyers_Petiteile\u00a9yellow.brussels46-300x200.jpg 300w, https:\/\/www.archiurbain.be\/wp-content\/uploads\/2021\/12\/citydev_DenisMeyers_Petiteile\u00a9yellow.brussels46-768x512.jpg 768w, https:\/\/www.archiurbain.be\/wp-content\/uploads\/2021\/12\/citydev_DenisMeyers_Petiteile\u00a9yellow.brussels46-1536x1024.jpg 1536w, https:\/\/www.archiurbain.be\/wp-content\/uploads\/2021\/12\/citydev_DenisMeyers_Petiteile\u00a9yellow.brussels46-2048x1365.jpg 2048w\" sizes=\"auto, (max-width: 1024px) 100vw, 1024px\" \/><\/a><figcaption>Benjamin Cadranel (citydev.brussels) et Denis Meyers \/ Petite \u00eele &#8211; \u00a9yellow.brussels<\/figcaption><\/figure>\n\n\n\n<p><strong>L\u2019art au c\u0153ur des villes&nbsp;<\/strong><\/p>\n\n\n\n<p>L\u2019art urbain est de plus en plus pr\u00e9sent dans les villes au niveau mondial et est reconnu comme une forme d\u2019art l\u00e9gitime, valoris\u00e9e au travers notamment de parcours \u00ab street art \u00bb.&nbsp;<\/p>\n\n\n\n<p>En tant qu\u2019am\u00e9nageur urbain de grande importance en R\u00e9gion bruxelloise, citydev.brussels dispose d\u2019un patrimoine immobilier cons\u00e9quent. Dans l\u2019ex\u00e9cution de ses missions, l\u2019institution a \u00e0 c\u0153ur d\u2019am\u00e9liorer le cadre de vie des Bruxellois. C\u2019est pourquoi elle a d\u00e9cid\u00e9 de promouvoir l\u2019art urbain dans ses projets immobiliers. La campagne ArtCity vise ainsi \u00e0 embellir les fa\u00e7ades des b\u00e2timents que citydev.brussels d\u00e9veloppe ou des sites dont elle est propri\u00e9taire au travers de divers types d\u2019\u0153uvres artistiques (fresques murales, mosa\u00efques, affichage, photo, installation\u2026). C\u2019est \u00e9galement une belle occasion de mettre \u00e0 l\u2019honneur les artistes et leur travail, et de leur permettre de trouver un support conjuguant expression artistique et am\u00e9lioration du cadre urbain.<\/p>\n\n\n\n<p><strong>S\u2019entourer pour mieux cr\u00e9er<\/strong><\/p>\n\n\n\n<p>Depuis plusieurs ann\u00e9es, l\u2019institution r\u00e9pond favorablement \u00e0 des demandes spontan\u00e9es autour de ces \u0153uvres artistiques. Elle a notamment travaill\u00e9 avec la Ville de Bruxelles et l\u2019artiste Sozyone en 2019 pour cr\u00e9er \u00ab\u00a0Brussels Corvus Corone\u00a0\u00bb, mais \u00e9galement avec l\u2019artiste Lucile Van Laecken et le promoteur Parbam dans une des cr\u00e8ches du projet Tivoli GreenCity en 2018.<\/p>\n\n\n\n<figure class=\"wp-block-image size-large\"><a href=\"https:\/\/www.archiurbain.be\/wp-content\/uploads\/2021\/12\/Sozyone_BrusselsCorvusCorone\u00a9EricDanhier3-scaled.jpg\"><img loading=\"lazy\" decoding=\"async\" width=\"1024\" height=\"683\" src=\"https:\/\/www.archiurbain.be\/wp-content\/uploads\/2021\/12\/Sozyone_BrusselsCorvusCorone\u00a9EricDanhier3-1024x683.jpg\" alt=\"\" class=\"wp-image-10198\" srcset=\"https:\/\/www.archiurbain.be\/wp-content\/uploads\/2021\/12\/Sozyone_BrusselsCorvusCorone\u00a9EricDanhier3-1024x683.jpg 1024w, https:\/\/www.archiurbain.be\/wp-content\/uploads\/2021\/12\/Sozyone_BrusselsCorvusCorone\u00a9EricDanhier3-300x200.jpg 300w, https:\/\/www.archiurbain.be\/wp-content\/uploads\/2021\/12\/Sozyone_BrusselsCorvusCorone\u00a9EricDanhier3-768x512.jpg 768w, https:\/\/www.archiurbain.be\/wp-content\/uploads\/2021\/12\/Sozyone_BrusselsCorvusCorone\u00a9EricDanhier3-1536x1024.jpg 1536w, https:\/\/www.archiurbain.be\/wp-content\/uploads\/2021\/12\/Sozyone_BrusselsCorvusCorone\u00a9EricDanhier3-2048x1365.jpg 2048w\" sizes=\"auto, (max-width: 1024px) 100vw, 1024px\" \/><\/a><figcaption>Brussels Corvus Corone \/ Sozyone &#8211; \u00a9Eric+Danhier<\/figcaption><\/figure>\n\n\n\n<figure class=\"wp-block-image size-large\"><a href=\"https:\/\/www.archiurbain.be\/wp-content\/uploads\/2021\/12\/TivoliGreenCity_LucieVanLaecken\u00a9LucieVanLaecken1.jpg\"><img loading=\"lazy\" decoding=\"async\" width=\"967\" height=\"1024\" src=\"https:\/\/www.archiurbain.be\/wp-content\/uploads\/2021\/12\/TivoliGreenCity_LucieVanLaecken\u00a9LucieVanLaecken1-967x1024.jpg\" alt=\"\" class=\"wp-image-10197\" srcset=\"https:\/\/www.archiurbain.be\/wp-content\/uploads\/2021\/12\/TivoliGreenCity_LucieVanLaecken\u00a9LucieVanLaecken1-967x1024.jpg 967w, https:\/\/www.archiurbain.be\/wp-content\/uploads\/2021\/12\/TivoliGreenCity_LucieVanLaecken\u00a9LucieVanLaecken1-283x300.jpg 283w, https:\/\/www.archiurbain.be\/wp-content\/uploads\/2021\/12\/TivoliGreenCity_LucieVanLaecken\u00a9LucieVanLaecken1-768x813.jpg 768w, https:\/\/www.archiurbain.be\/wp-content\/uploads\/2021\/12\/TivoliGreenCity_LucieVanLaecken\u00a9LucieVanLaecken1.jpg 1005w\" sizes=\"auto, (max-width: 967px) 100vw, 967px\" \/><\/a><figcaption>Tivoli Green City &#8211; \u00a9Lucie Van Laecken<\/figcaption><\/figure>\n\n\n\n<p>Aujourd\u2019hui, l\u2019envie est de p\u00e9renniser cette d\u00e9marche pour lui donner les moyens de se d\u00e9velopper. Ne disposant pas des comp\u00e9tences techniques et artistiques en interne pour mener \u00e0 bien cette campagne ambitieuse, citydev.brussels lancera prochainement un march\u00e9 public pour trouver le collectif d\u2019artistes qui l\u2019aidera dans cette mission&nbsp;: concevoir et r\u00e9aliser des \u0153uvres artistiques urbaines en R\u00e9gion de Bruxelles-Capitale. Pour ce qui est des occupations temporaires dont les murs sont vou\u00e9s \u00e0 \u00eatre d\u00e9truits, l\u2019institution travaillera en direct avec les occupants des sites concern\u00e9s.<\/p>\n\n\n\n<p>Pour&nbsp;<strong>Benjamin Cadranel<\/strong>, administrateur g\u00e9n\u00e9ral de citydev.brussels&nbsp;: \u00ab&nbsp;<em>L\u2019art a une place importante dans la revitalisation urbaine et notre mission est de mettre nos comp\u00e9tences immobili\u00e8res au service des habitants en R\u00e9gion bruxelloise, ici en l\u2019occurrence, des artistes. Lancer la campagne ArtCity \u00e9tait pour nous une \u00e9vidence et nous sommes ravis de le faire aujourd\u2019hui aux c\u00f4t\u00e9s de l\u2019artiste urbain Denis Meyers<\/em>&nbsp;\u00bb.&nbsp;<\/p>\n\n\n\n<p><strong>Un artiste bruxellois \u00e0 l\u2019honneur &nbsp;<\/strong><\/p>\n\n\n\n<p>Pour le lancement de cette campagne, citydev.brussels s\u2019est associ\u00e9e \u00e0 l\u2019artiste urbain bruxellois Denis Meyers, qui a temporairement install\u00e9 son atelier sur le site Petite \u00cele 3 \u00e0 Anderlecht. Actif dans l\u2019embellissement de la R\u00e9gion bruxelloise depuis de nombreuses ann\u00e9es, c\u2019est cette fois-ci aux c\u00f4t\u00e9s de l\u2019institution qu\u2019il met son talent au service des citoyens.&nbsp;<\/p>\n\n\n\n<p>Pour&nbsp;<strong>Denis Meyers<\/strong>, artiste urbain&nbsp;: \u00ab&nbsp;<em>Dans tous mes projets, il est tr\u00e8s important pour moi de contextualiser mon travail. \u00c0 chaque projet correspond un mur et inversement. Dans le cadre de ArtCity, j\u2019ai rencontr\u00e9 des gens du quartier et mix\u00e9 les croquis de ces visages avec les mots de citydev.brussels li\u00e9s \u00e0 l\u2019institution et au projet ArtCity. Chaque projet est un travail de collaboration que j\u2019essaie de rendre le plus participatif possible et chaque mur raconte une histoire. J\u2019esp\u00e8re que celle qui est li\u00e9e \u00e0 cette campagne sera la plus longue possible&nbsp;<\/em>\u00bb.<\/p>\n","protected":false},"excerpt":{"rendered":"<p>citydev.brussels lance officiellement sa campagne ArtCity et s\u2019inscrit dans la mouvance de l\u2019art urbain comme moyen d\u2019embellissement pour les villes. C\u2019est avec l\u2019artiste Denis Meyers, en occupation temporaire sur le site Petite \u00cele 3 \u00e0 Anderlecht, que l\u2019institution marque le d\u00e9but de cette campagne haute en couleur. L\u2019art au c\u0153ur des villes&nbsp; L\u2019art urbain est de plus en plus pr\u00e9sent dans les villes au niveau &hellip; <a href=\"https:\/\/www.archiurbain.be\/?p=10196\" class=\"more-link\">Continuer de lire <span class=\"screen-reader-text\">citydev.brussels se lance dans l\u2019art urbain sous le nom d\u2019ArtCity<\/span><\/a><\/p>\n","protected":false},"author":1,"featured_media":10199,"comment_status":"open","ping_status":"open","sticky":false,"template":"","format":"standard","meta":{"_monsterinsights_skip_tracking":false,"_monsterinsights_sitenote_active":false,"_monsterinsights_sitenote_note":"","_monsterinsights_sitenote_category":0,"_jetpack_memberships_contains_paid_content":false,"footnotes":""},"categories":[2252,35,23],"tags":[475,4726,2653,3257],"class_list":["post-10196","post","type-post","status-publish","format-standard","has-post-thumbnail","hentry","category-belgique-2","category-bruxelles","category-entreprises","tag-anderlecht","tag-artcity","tag-citydev-brussels","tag-denis-meyers"],"jetpack_featured_media_url":"https:\/\/www.archiurbain.be\/wp-content\/uploads\/2021\/12\/citydev_DenisMeyers_Petiteile\u00a9yellow.brussels46-scaled.jpg","jetpack_sharing_enabled":true,"_links":{"self":[{"href":"https:\/\/www.archiurbain.be\/index.php?rest_route=\/wp\/v2\/posts\/10196","targetHints":{"allow":["GET"]}}],"collection":[{"href":"https:\/\/www.archiurbain.be\/index.php?rest_route=\/wp\/v2\/posts"}],"about":[{"href":"https:\/\/www.archiurbain.be\/index.php?rest_route=\/wp\/v2\/types\/post"}],"author":[{"embeddable":true,"href":"https:\/\/www.archiurbain.be\/index.php?rest_route=\/wp\/v2\/users\/1"}],"replies":[{"embeddable":true,"href":"https:\/\/www.archiurbain.be\/index.php?rest_route=%2Fwp%2Fv2%2Fcomments&post=10196"}],"version-history":[{"count":1,"href":"https:\/\/www.archiurbain.be\/index.php?rest_route=\/wp\/v2\/posts\/10196\/revisions"}],"predecessor-version":[{"id":10200,"href":"https:\/\/www.archiurbain.be\/index.php?rest_route=\/wp\/v2\/posts\/10196\/revisions\/10200"}],"wp:featuredmedia":[{"embeddable":true,"href":"https:\/\/www.archiurbain.be\/index.php?rest_route=\/wp\/v2\/media\/10199"}],"wp:attachment":[{"href":"https:\/\/www.archiurbain.be\/index.php?rest_route=%2Fwp%2Fv2%2Fmedia&parent=10196"}],"wp:term":[{"taxonomy":"category","embeddable":true,"href":"https:\/\/www.archiurbain.be\/index.php?rest_route=%2Fwp%2Fv2%2Fcategories&post=10196"},{"taxonomy":"post_tag","embeddable":true,"href":"https:\/\/www.archiurbain.be\/index.php?rest_route=%2Fwp%2Fv2%2Ftags&post=10196"}],"curies":[{"name":"wp","href":"https:\/\/api.w.org\/{rel}","templated":true}]}}